
{"id":53047,"date":"2016-07-29T02:53:44","date_gmt":"2016-07-29T02:53:44","guid":{"rendered":"https:\/\/ujkafe.website\/?p=53047"},"modified":"2016-07-29T09:52:22","modified_gmt":"2016-07-29T09:52:22","slug":"cseke-gabor-75-koszontjuk-a-kafe-szerkesztojet","status":"publish","type":"post","link":"https:\/\/ujkafe.website\/?p=53047","title":{"rendered":"CSEKE G\u00c1BOR 75 &#8211; K\u00f6sz\u00f6ntj\u00fck a K\u00e1f\u00e9 szerkeszt\u0151j\u00e9t"},"content":{"rendered":"<div id=\"attachment_53048\" style=\"width: 460px\" class=\"wp-caption alignnone\"><a href=\"https:\/\/ujkafe.website\/wp-content\/uploads\/2016\/07\/csekeportre1kedei.jpg\"><img loading=\"lazy\" decoding=\"async\" aria-describedby=\"caption-attachment-53048\" class=\"wp-image-53048\" src=\"https:\/\/ujkafe.website\/wp-content\/uploads\/2016\/07\/csekeportre1kedei.jpg\" alt=\"Cseke G\u00e1bor\" width=\"450\" height=\"636\" srcset=\"https:\/\/ujkafe.website\/wp-content\/uploads\/2016\/07\/csekeportre1kedei.jpg 578w, https:\/\/ujkafe.website\/wp-content\/uploads\/2016\/07\/csekeportre1kedei-212x300.jpg 212w\" sizes=\"auto, (max-width: 450px) 100vw, 450px\" \/><\/a><p id=\"caption-attachment-53048\" class=\"wp-caption-text\">Cseke G\u00e1bor (Kedei Zolt\u00e1n rajza)<\/p><\/div>\n<h2><strong>Az\u00a0\u00f6ssze\u00e1ll\u00edt\u00e1s\u00a0tartalomjegyz\u00e9ke:<\/strong><\/h2>\n<h3><strong>* \u00c1d\u00e1m Gyula: Csal\u00e1di k\u00f6rben (fot\u00f3)<\/strong><br \/>\n<strong>* Ady Andr\u00e1s: Cseke G\u00e1bornak &#8211; hogy sejtse (vers)<\/strong><br \/>\n<strong>* \u00c1goston Hug\u00f3: L\u00e9gtestv\u00e9rek \u00e9s \u00f3lomolt\u00e1r (essz\u00e9)<\/strong><br \/>\n<strong>* Gergely Tam\u00e1s: Besz\u00e9lget\u00e9s ANDRASSEW IV\u00c1Nnal (r\u00e9szlet)<\/strong><br \/>\n<strong>* Bajna Gy\u00f6rgy: Alkalmi sorok Cseke G\u00e1bornak (vers)<\/strong><br \/>\n<strong>* B\u00f6l\u00f6ni Domokos: Cseke G\u00e1bor h\u00e9tk\u00f6znapi gl\u00f3ri\u00e1ja (essz\u00e9)<\/strong><br \/>\n<strong>* B. Tomos Hajnal: Ingyen-arany (vers) \/ K\u00f6sz\u00f6nj\u00fck, G\u00e1bor, hogy vagy nek\u00fcnk! (fot\u00f3)<\/strong><br \/>\n<strong>* Csel\u00e9nyi B\u00e9la: Cseke G\u00e1bor hetven\u00f6t\u00f6dik sz\u00fclet\u00e9snapj\u00e1ra (vers)<\/strong><br \/>\n<strong>* Dancs Artur: Cseke G\u00e1bor sz\u00fclet\u00e9snapja kapcs\u00e1n (jegyzet)<\/strong><br \/>\n<strong>* De\u00e1k-S\u00e1rosi L\u00e1szl\u00f3: Vil\u00e1gom, szerelmem (vers)<\/strong><br \/>\n<strong>* Debreczeni \u00c9va: A te parkod (vers)<\/strong><br \/>\n<strong>* Dem\u00e9ny P\u00e9ter: El\u0151 a f\u00e9lhom\u00e1lyb\u00f3l (essz\u00e9)<\/strong><br \/>\n<strong>* Elekes Ferenc: A kocka t\u00f6k\u00e9letess\u00e9g\u00e9r\u0151l (essz\u00e9)<\/strong><br \/>\n<strong>* Feh\u00e9r Ill\u00e9s versfordit\u00e1sa (K\u00f6rpecs\u00e9t &#8211; Okrugli \u017eig)<\/strong><br \/>\n<strong>* Gergely Tam\u00e1s: Lev\u00e9l Gabinak<\/strong><br \/>\n<strong>* Ken\u00e9z Ferenc: A l\u00e1mp\u00e1sok dics\u00e9rete (vers)<\/strong><br \/>\n<strong>* Kerekes Tam\u00e1s levele<\/strong><br \/>\n<strong>* Keszthelyi Gy\u00f6rgy: \u00d6szt\u00f6nb\u0151l is kalapot emelek (vers)<\/strong><br \/>\n<strong>* L\u00e1ng Eszter: Rakni a t\u00fczet (vers)<\/strong><br \/>\n<strong>* Periszk\u00f3p P\u00e1l: V\u00e1ndor a szerpentinen (vers)<\/strong><br \/>\n<strong>* Pusztai Irina: A k\u00f6lt\u0151 (grafika)<\/strong><br \/>\n<strong>* A Pusztai&amp;Pusztai p\u00e1ros zen\u00e9s k\u00f6sz\u00f6nt\u0151je (Rabszolg\u00e1k k\u00f3rusa)<\/strong><br \/>\n<strong>* Pusztai P\u00e9ter grafik\u00e1ja<\/strong><br \/>\n<strong>* Somorcik Sz. Roz\u00e1lia: Piros \u00e1sz (essz\u00e9)<\/strong><br \/>\n<strong>* Gergely Tam\u00e1s: : A &#8222;fot\u00f3s&#8221; Gabinak (fot\u00f3)<\/strong><\/h3>\n<p><!--more--><\/p>\n<p>&nbsp;<\/p>\n<h2 style=\"text-align: center;\">\u00c1D\u00c1M GYULA : Csal\u00e1di k\u00f6rben<\/h2>\n<h2 style=\"text-align: center;\"><a href=\"https:\/\/ujkafe.website\/wp-content\/uploads\/2016\/07\/csalad-e1469757381232.png\"><img loading=\"lazy\" decoding=\"async\" class=\"aligncenter size-full wp-image-53053\" src=\"https:\/\/ujkafe.website\/wp-content\/uploads\/2016\/07\/csalad-e1469757381232.png\" alt=\"csaladi korben\" width=\"600\" height=\"433\" \/> <\/a><\/h2>\n<h2><strong><br \/>\n<\/strong>ADY ANDR\u00c1S:<br \/>\nCseke G\u00e1bornak<br \/>\n\u2013 hogy sejtse\u00a0\u2013<\/h2>\n<p>&nbsp;<\/p>\n<p>Ez itt nem tudja mi a j\u00f3<br \/>\n\u00e9s mi a rossz de ez<br \/>\nnem idi\u00f3ta nem\u00e9rtems\u00e9g<br \/>\nhanem a t\u00e1maszn\u00e9lk\u00fcli<br \/>\nk\u00e9z\u00e9nek majd karj\u00e1nak<br \/>\ns\u0151t f\u00e9l- \u00e9s eg\u00e9sz test\u00e9nek<br \/>\negyik majd m\u00e1sik mindk\u00e9t<br \/>\nagyf\u00e9ltek\u00e9nek ig\u00e9nye egy<br \/>\nbiztos pontra melyt\u0151l nem<br \/>\naz eg\u00e9sz de legal\u00e1bb saj\u00e1t<br \/>\nkis vil\u00e1g\u00e1t egy-egy k\u00e9nyelmetlen<br \/>\nhelyr\u0151l kimozd\u00edtja&#8230;mikor<br \/>\nnem tudom mi ok\u00e9s \u00e9s mi<br \/>\np\u0171ha t\u00f6bbsz\u00f6r seg\u00edt ha azzal<br \/>\na k\u00f6lcs\u00f6nfejjel gondolkodom&#8230;<br \/>\nrem\u00e9lem olyankor \u0151t nem sodrom<br \/>\nvesz\u00e9lybe nagy rem\u00e9nyem hogy<br \/>\nakkor \u00e9letfontosan nem hi\u00e1nyolja<\/p>\n<p>igyekszem az elvev\u00e9st k\u00e9s\u0151 \u00e9jjel<br \/>\nmegtenni \u00e9s csakis pillanatokra<br \/>\nha besz\u00fcrk\u00fcl az addig z\u00f6ldgombos gmail-comja.<\/p>\n<p>&nbsp;<\/p>\n<h2>\u00c1GOSTON HUG\u00d3<br \/>\nL\u00e9gtestv\u00e9rek \u00e9s \u00f3lomolt\u00e1r<br \/>\nCseke G\u00e1borr\u00f3l<\/h2>\n<p>&nbsp;<\/p>\n<p>Olvastam e h\u00f3nap legelej\u00e9n, hogy Cseke G\u00e1borb\u00f3l vizsgat\u00e9tel lett, magyar nyelv \u00e9s irodalomb\u00f3l a k\u00e9pess\u00e9gvizsg\u00e1z\u00f3 nyolcadikosoknak Zelk Zolt\u00e1n verse mellett az \u0151 L\u00e9gtestv\u00e9rek c\u00edm\u0171 sz\u00f6veg\u00e9t kellett elemezni\u00fck. Egy\u00e1ltal\u00e1n nem csod\u00e1lkoztam, Cseke G\u00e1bort valahogy r\u00e9g\u00f3ta vizsgat\u00e9telnek k\u00e9pzeltem, olyasmit gondoltam, hogy meg\u00e9rdemelte, \u00fagy kellett neki, de legf\u0151k\u00e9ppen: na v\u00e9gre! Ilyenkor szok\u00e1s hozz\u00e1tenni, hogy \u201ea sz\u00f3 j\u00f3 \u00e9rtelm\u00e9ben\u201d \u00e9rdemelte meg, de h\u00e1t egy vizsgat\u00e9tellel az ember \u00f3vatos. \u00d3vatoss\u00e1gom ann\u00e1l is ink\u00e1bb indokoltnak bizonyult, miut\u00e1n azonnal megkeresve a L\u00e9gtestv\u00e9rek c\u00edm\u0171 opuszt, kider\u00fclt, hogy nem Cseke G\u00e1bor \u00edrta, hanem olyan, mint egy sz\u00f3cikk egy magazinos \u00e9vfordul\u00f3-napt\u00e1rban. Gabi maga tiszt\u00e1zta a k\u00e9rd\u00e9st, jobban mondva f\u00e9lre\u00e9rt\u00e9st <a href=\"http:\/\/www.maszol.ro\/index.php\/velemeny\/66555-cseke-gabor-hogyan-lettem-kiserettsegi-tetel\" target=\"_blank\">Hogyan lettem kis\u00e9retts\u00e9gi t\u00e9tel?<\/a> c\u00edm\u0171 cikk\u00e9ben, ugyanott, ahol a h\u00edr is megjelent az \u0151 t\u00e9tels\u00e9g\u00e9r\u0151l. Igen, \u00e1tv\u00e9tel volt, m\u00e9g csak nem is egy \u00f6n\u00e1ll\u00f3 cikkb\u0151l, hanem egy \u00e9vfordul\u00f3s oll\u00f3z\u00e1s a Mongolfier fiv\u00e9rekr\u0151l. Innen m\u00e1r csak az \u00e9rdemel figyelmet, hogy honnan az a pomp\u00e1s c\u00edm. (Persze egyeseket az is \u00e9rdekelhet, hogy akik a t\u00e9teleket \u00f6ssze\u00e1ll\u00edtott\u00e1k, milyen tan\u00e1rok lehetnek.) Nos, igen, a c\u00edm, a Rom\u00e1niai Magyar Sz\u00f3 \u00e1tvett sz\u00f6veg\u00e9nek az egyetlen eredeti eleme \u2013 az t\u0151le sz\u00e1rmazik.<\/p>\n<p>Teh\u00e1t l\u00e9gtestv\u00e9rek. Milyen remek tal\u00e1lm\u00e1ny! K\u00f6lt\u0151i k\u00e9p, a fel\u00fclemelked\u00e9st \u00e9s az egym\u00e1sra utalts\u00e1got egyszerre sugallja, azonnal \u00fagy \u00e9reztem. Most is szeretem, a c\u00edmad\u00e1s m\u0171v\u00e9szete remekm\u0171v\u00e9nek tartom.<\/p>\n<p>\u00c9s ennek a c\u00edmnek a hat\u00e1s\u00e1ra sok minden eszembe jutott az imm\u00e1r a hetven\u00f6t\u00f6dik \u00e9let\u00e9v\u00e9hez \u00e9rkez\u0151 Cseke G\u00e1borr\u00f3l. Reg\u00e9nyei, versei, m\u0171ford\u00edt\u00e1sai, visszaeml\u00e9kez\u00e9sei, amiket olvastam. Dereng\u0151 eml\u00e9kk\u00e9nt ink\u00e1bb, persze, hiszen ha kev\u00e9sb\u00e9 id\u0151sen is, mint G\u00e1borunk, magam is t\u00fal vagyok a tizedik teljes \u00e1talakul\u00e1son, \u00e9s tartom buzg\u00f3n a h\u00e1rom \u00e9v t\u00e1vols\u00e1got. \u00c9s pr\u00f3b\u00e1lok lesz\u00e1molni az id\u0151 ill\u00fazi\u00f3j\u00e1val, avval, hogy az id\u0151vel k\u00f6z\u00fcnk volna egym\u00e1shoz. (\u00d6reged\u00e9si napl\u00f3mnak t\u00edz \u00e9ve megvan az els\u0151 \u00e9s egyben egyetlen mondata: \u201eHatvank\u00e9t \u00e9vet t\u00f6lt\u00f6ttem, de m\u00e1r \u00f6tven\u00f6tnek n\u00e9zek ki.\u201d) De sokkal ink\u00e1bb eszembe jut a szerkeszt\u0151s\u00e9g(ek) leveg\u0151je \u2013 a l\u00e9g, amelyben testv\u00e9rek voltunk-vagyunk, a t\u00f6bbi \u00edr\u00f3s\u00e1gban nem, de a szerkeszt\u00e9sben \u00e9s a publicisztik\u00e1ban koll\u00e9g\u00e1k, olykor sorst\u00e1rsak. Egyetem, szerkeszt\u0151s\u00e9g, szerkeszt\u0151s\u00e9g, szerkeszt\u0151s\u00e9g, szerkeszt\u0151s\u00e9g, f\u0151szerkeszt\u0151s\u00e9g. Neh\u00e9z id\u0151kben, ut\u00e1na pedig (m\u00e1sk\u00e9ppen) neh\u00e9z id\u0151kben. Mindig embert pr\u00f3b\u00e1l\u00f3 id\u0151kben. Rengeteg id\u0151t-energi\u00e1t, eszm\u00e9nyeket, \u00e1lmokat, olykor lelki-szellemi-erk\u00f6lcsi eg\u00e9szs\u00e9get fel\u00e1ldozva a lap olt\u00e1r\u00e1n.<\/p>\n<p>Van olt\u00e1ra egy lapnak? Hetilapnak, napilapnak? Volt, sok\u00e1ig hamis, r\u00f6vid ideig f\u00e9nyes \u2013 de valahogy mindig \u00f3lomb\u00f3l volt, \u00e9s amikor f\u00e9nyesnek l\u00e1ttuk, az att\u00f3l volt, hogy tudtunk n\u00e9lk\u00fcl \u00e9ppen megkarcolt\u00e1k.<\/p>\n<p>Sok\u00e1ig f\u0151leg a munkab\u00edr\u00e1s\u00e1t \u00e9s a megfontolts\u00e1g\u00e1t tiszteltem, tal\u00e1n az\u00e9rt is, mert esetemben ezek ink\u00e1bb hi\u00e1nycikknek mutatkoztak. Igaz, n\u00e1la igen, n\u00e1lam nem voltak explicite a szolg\u00e1lati szab\u00e1lyzatba foglalva. \u201eKev\u00e9sb\u00e9-k\u00f6t\u00f6tts\u00e9gem\u201d ideig-\u00f3r\u00e1ig a szabads\u00e1g ill\u00fazi\u00f3j\u00e1t ny\u00fajtotta, \u00e9s b\u00e1r nem tudom, G\u00e1borban hogyan m\u0171k\u00f6dtek a szabads\u00e1ggal kapcsolatos \u00e9rz\u00e9sek (v\u00e1gy, t\u00f6rekv\u00e9s, frusztr\u00e1ci\u00f3), k\u00e9s\u0151bb mint elhalasztott es\u00e9lyre irigy elismer\u00e9ssel gondoltam a munkab\u00edr\u00e1s\u00e1ra \u00e9s a megfontolts\u00e1g\u00e1ra.<\/p>\n<p>Egyszer egy kedves bar\u00e1tom egy k\u00f6z\u00f6s ismer\u0151s\u00fcnkre azt mondta: \u201eN\u00e9zd meg, fantasztikus ez az ember, mindent olyan j\u00f3l csin\u00e1l.\u201d \u00c1tgondoltam, a pr\u00e9rinken m\u00e9g kire illen\u00e9k ez r\u00e1. Cseke G\u00e1bor az els\u0151k k\u00f6z\u00f6tt volt. (A nem-pr\u00e9rinken k\u00edv\u00fcl, hanem \u2013 ne csod\u00e1lkozzanak! \u2013 egyenesen a politik\u00e1ban: szint\u00e9n tal\u00e1ltam ilyen bar\u00e1ti lelket.) Felh\u00edvom a figyelmet, hogy az id\u00e9zett meg\u00e1llap\u00edt\u00e1sban az \u2019olyan\u2019 kevesebbet mond a hi\u00e1ny\u00e1n\u00e1l: ha valaki \u201emindent j\u00f3l csin\u00e1l\u201d, valamivel t\u00f6bbet jelent, mint az, hogy \u201emindent olyan j\u00f3l csin\u00e1l\u201d, legal\u00e1bbis most \u00edgy \u00e9rzem. Szerkessz\u00fck egym\u00e1st, gyerekek!<\/p>\n<p>Kihagyhatatlan ebb\u0151l az \u00edr\u00e1sb\u00f3l, amely m\u00e9g \u00e1lc\u00e1zva sem akar kerek-sz\u00fclet\u00e9snapi k\u00f6sz\u00f6nt\u0151 lenni, csak egy kis meg\u00e1ll\u00f3 az \u0151 v\u00e1ros\u00e1val (vil\u00e1g\u00e1val) egyvonalban, a b\u00fcszkes\u00e9g, hogy matematikus \u00e9desapj\u00e1val, Cseke Vilmos professzorral munkat\u00e1rsi viszonyban \u00e1lltunk. \u00c9s csod\u00e1latos \u00e9s meghat, ahogyan G\u00e1bor az \u00e9desapja eml\u00e9k\u00e9t \u00e1polja, \u00e9let\u00e9t \u00e9s munk\u00e1ss\u00e1g\u00e1t meg\u00f6r\u00f6k\u00edti.<\/p>\n<p>Sok j\u00f3 sz\u00fclet\u00e9snapot k\u00edv\u00e1nok, kedves Gabi, testv\u00e9rem az \u00edr\u00e1sban, a l\u00e9tben \u00e9s a l\u00e9gben! Ha jobban nem k\u00f6nny\u0171 is, csin\u00e1lj mindent tov\u00e1bbra is a lehet\u0151 legjobban.<\/p>\n<p>&nbsp;<\/p>\n<h2>Gergely Tam\u00e1s: Besz\u00e9lget\u00e9s ANDRASSEW IV\u00c1Nnal (r\u00e9szlet)<\/h2>\n<p>\u00d6n igen nagylelk\u0171: honoldal\u00e1nak &#8211; http:\/\/www.andrassew.hu &#8211; legal\u00e1bb a k\u00e9tharmada bar\u00e1tainak van fenntartva. Leg\u00fajabb vend\u00e9g\u00e9nek, Cseke G\u00e1bornak Milos k\u00f6nyve c\u00edm\u0171 napl\u00f3ja \u00edr\u00f3dik ott folyamatosan, de szerepelt m\u00e1r a Bukarestben \u00e9l\u0151 k\u00f6lt\u0151 a budapesti honoldalon t\u00f6bbek k\u00f6z\u00f6tt a Mircea Florin Sandruval k\u00f6z\u00f6s Sz\u00ednes kenguruval, k\u00e9zenfekv\u0151 a k\u00e9rd\u00e9s: mi\u00e9rt Cseke G\u00e1bor?<\/p>\n<p>&#8211; Egyszer a N\u00e9pszav\u00e1n\u00e1l azt a megb\u00edz\u00e1st kaptam, hogy k\u00e9sz\u00edtsek egy interj\u00fat Mark\u00f3 B\u00e9l\u00e1val. De ne a politik\u00e1r\u00f3l, hanem a leg\u00fajabb versesk\u00f6tet\u00e9r\u0151l. Kerestem a k\u00f6nyvesboltokban. Persze sehol nem tal\u00e1ltam. De ha m\u00e1r besz\u00e9ltem az elad\u00f3kkal, megk\u00e9rdeztem, milyen m\u00e1s erd\u00e9lyi k\u00f6lt\u0151ket tartanak. Kider\u00fclt, hogy j\u00f3form\u00e1n semmit, senkit. Akkor \u00edrtam Cseke G\u00e1bornak, hogy nem j\u00f3l van ez \u00edgy, tegy\u00fcnk valamit, hogy az emberek megismerhess\u00e9k az erd\u00e9lyi k\u00f6lt\u00e9szetet. Elkezdt\u00fcnk egy\u00fctt dolgozni, \u00e9p\u00edtgetni egy nagy virtu\u00e1lis antol\u00f3gi\u00e1t. Azt\u00e1n egyszer tal\u00e1lkoztunk is. Megszerettem. Az a ritka emberfajta, aki szembe tud n\u00e9zni a m\u00falttal. A Milos k\u00f6nyv\u00e9t is az\u00e9rt szeretem, mert &#8211; ha valaki figyelmesen olvasgatja, \u00e9szreveszi, ahogy G\u00e1bor \u00e9let\u00e9nek finom kis sz\u00e1lai f\u00f6lfeslenek. (V\u00e9letlen\u00fcl napra pontosan t\u00edz \u00e9vvel el\u0151ttem sz\u00fcletett, v\u00e9letlen\u00fcl \u0151 is kitanulta a m\u00e9h\u00e9szmesters\u00e9get, v\u00e9letlen\u00fcl ugyanazon a Kolozsv\u00e1ron, ugyanazon a k\u00f6rny\u00e9ken n\u0151tt f\u00f6l, ahol \u00e9n, a nyarakat t\u00f6lt\u00f6ttem nagyany\u00e1mn\u00e1l.)<\/p>\n<p><em>(In: A h\u00e1romdimenzi\u00f3s frakt\u00e1l; Gergely Tam\u00e1s interj\u00faja\u00a0Andrassew Iv\u00e1nnal; Brass\u00f3i Lapok)\u00a0<\/em><\/p>\n<p>&nbsp;<\/p>\n<h2>BAJNA GY\u00d6RGY:<br \/>\nAlkalmi sorok Cseke G\u00e1bornak<\/h2>\n<p>&nbsp;<\/p>\n<p>Amikor egy napon \u00e9n tekintek vissza,<br \/>\nHetven\u00f6t \u00e9v ut\u00e1n a havas cs\u00facs al\u00f3l,<br \/>\nSejtem, majd valami \u00e9gi zene ringat,<br \/>\n\u00c9s nem lesz, mi zavarjon bosszant\u00f3 sehol.<\/p>\n<p>Sz\u00e9p volt, nyugt\u00e1zom \u2013 b\u00e1r m\u00e1s is csak ezt l\u00e1tn\u00e1!<br \/>\nS m\u00e9g szebb l\u00e9szen, tudom, mes\u00e9s a folytat\u00e1s.<br \/>\nK\u00f6nny\u0171 lesz akkorra nagyon r\u00e9gen minden,<br \/>\nS a lelkem is utol\u00e9r v\u00e9gre, j\u00f3 pajt\u00e1s.<\/p>\n<p>Biztosan \u00edgy van ez teveled most, G\u00e1bor.<br \/>\nSz\u00e9p lehetett, ami annyi pr\u00f3b\u00e1ra tett.<br \/>\nMegmaradni h\u0171nek nehezebb e t\u00e1jon,<br \/>\nMint arctalan, vegy\u00fclve \u00e9lni idelent.<\/p>\n<p>Nincs mi\u00e9rt m\u00e9l\u00e1znom a \u2013 mi lesz? \u2013 folytat\u00e1son,<br \/>\nM\u00e1ra megtanultam, hogy egyre sose megy.<br \/>\nPattanj h\u00e1t m\u00e9g sokszor Pegazusra, b\u00e1ty\u00e1m,<br \/>\n\u00c9s poroszk\u00e1lj b\u00e9k\u00e9n, merre az \u00fcveghegy!<\/p>\n<p><em>2016.j\u00fanius 22.<\/em><\/p>\n<p>&nbsp;<\/p>\n<h2>B\u00d6L\u00d6NI DOMOKOS<br \/>\nCseke G\u00e1bor h\u00e9tk\u00f6znapi gl\u00f3ri\u00e1ja<\/h2>\n<p>&nbsp;<\/p>\n<p>N\u00e9zhetne farkasszemet a vil\u00e1ggal. N\u00e9zhetne f\u00f6lszegett fejjel, dacos komors\u00e1ggal, mint aki m\u00e1r semmit\u0151l sem f\u00e9l. N\u00e9zhetne v\u00e1dl\u00f3n, ami\u00e9rt ily terhet r\u00f3tt r\u00e1 a sors. N\u00e9zhetne f\u00e1jdalmas keser\u0171s\u00e9ggel, hiszen semmit sem \u00fagy akart, ahogy \u00e9ppen t\u00f6rt\u00e9nt, \u00e9s nincs nagyobb csal\u00f3d\u00e1s, mint az elf\u00fcst\u00f6lg\u0151 szerelv\u00e9ny ut\u00e1n k\u00fcldeni egy utols\u00f3 s\u00f3hajt.<br \/>\nDolgos \u00e9lete terh\u00e9t lerakhatn\u00e1 imm\u00e1r a cs\u00edkszeredai park valamelyik padj\u00e1ra, nem orozn\u00e1 el onnan senki. De valami divatlan konoks\u00e1ggal cipeli tov\u00e1bb, \u00e9s szerkeszt, olvas, k\u00f6z\u00f6l, \u00edr \u00e9s levelezik ellen\u00e1llhatatlanul.<br \/>\nSz\u00e1momra att\u00f3l rokonszenves, hogy nem csin\u00e1l titkot semmib\u0151l. Mikor pedig sem a f\u00f6ld, sem a v\u00edz, sem a leveg\u0151 helyzete nem eg\u00e9szen tiszta: sem eredet, sem k\u00e9plet, sem birtokl\u00e1s tekintet\u00e9ben.<br \/>\nHolott napn\u00e1l vil\u00e1gosabb, hogy igaz\u00e1n csak kiter\u00edtett k\u00e1rty\u00e1kkal \u00e9rdemes nyerni. Ami enn\u00e9l is derekasabb: vesz\u00edteni is ugyan\u00edgy, de ezerszer ac\u00e9lozottabb l\u00e9lekkel.<br \/>\nVannak emberek, akiket folyamatosan valamif\u00e9le h\u00e9tk\u00f6znapi gl\u00f3ria leng k\u00f6r\u00fcl. J\u00f3 vel\u00fck lenni, akkor is, ha t\u00f6bb sz\u00e1z kilom\u00e9terre \u00e9ln\u00e9nk egym\u00e1st\u00f3l.<br \/>\nSz\u00fclet\u00e9snapj\u00e1ra gondolva \u00fajraolvastam egyik nagyon fontos k\u00f6nyv\u00e9t, \u00e9s n\u00e9h\u00e1ny nekem tetsz\u0151 sz\u00f6vegr\u00e9szt ide v\u00e1logattam.<br \/>\nHa valaha megalkotj\u00e1k a rom\u00e1niai (sz\u00f3rv\u00e1ny-, t\u00f6mb- \u00e9s \u00f6ssz-vissz-) magyar lapszerkeszt\u0151 szobr\u00e1t, az egyik lehets\u00e9ges \u201emodell\u201d Cseke G\u00e1bor lehetne.<br \/>\nIsten \u00e9ltesse!<br \/>\n***<br \/>\n<strong>(Cseke G\u00e1bort\u00f3l id\u00e9zet)<\/strong><br \/>\nMindennek elv\u00e9gezni a pr\u00f3b\u00e1j\u00e1t \u00e9s az ellenpr\u00f3b\u00e1j\u00e1t, ahogy a matematika rigoly\u00e1i el\u0151\u00edrj\u00e1k? K\u00e9telkedni akkor is, amikor szent\u00fcl meg vagyunk gy\u0151z\u0151dve valamir\u0151l?<br \/>\nValami mindig megmarad benn\u00fcnk, odabenn, ami nem hagyja nyugodni az embert, sz\u00edvesen megfejten\u00e9, ak\u00e1r a makacs, megny\u00edlni nem akar\u00f3 rejtv\u00e9nyt, egy visszat\u0171n\u0151 nevet, dallamot, vagy egy hom\u00e1lyba vesz\u0151 t\u00f6rt\u00e9n\u00e9s gy\u00f6ker\u00e9t.<br \/>\nEml\u00e9kezni kell \u2013 mindenki ezt szajk\u00f3zza. De az\u00e9rt ne legyen sz\u00e9gyen farkasszemet n\u00e9zni azokkal az eml\u00e9keinkkel sem, amelyek, \u00fagy t\u0171nik, nagyon nem k\u00edv\u00e1natos vend\u00e9geink.<br \/>\n\u00dagy k\u00e9pzelem az \u00e9letet, mint egy t\u00f6bb\u00e9-kev\u00e9sb\u00e9 t\u00e1gas szob\u00e1t, amely kitart\u00f3 n\u00f6veked\u00e9s\u00fcnkkel ugyanolyan kitart\u00f3an egyre jobban \u00f6sszeszorul k\u00f6r\u00fcl\u00f6tt\u00fcnk, leveg\u0151je mind szennyezettebb, fojtogat\u00f3bb, az ember egy id\u0151 ut\u00e1n legsz\u00edvesebben elmenek\u00fclne bel\u0151le, saj\u00e1t v\u00e9tkeit pr\u00f3b\u00e1lja felsorj\u00e1ztatni, ami\u00e9rt e szoron\u00acgatott helyzetbe jutott, vagy ha erre k\u00e9ptelen, akkor megkeresi azt a szem\u00e9lyt, akire ujjal mutogathat, akit\u0151l \u2013 szerinte \u2013 minden rossz eredend\u0151en sz\u00e1rmazik.<br \/>\n1962-t\u0151l, hogy kil\u00e9ptem az egyetemr\u0151l, egyfolyt\u00e1ban \u00fajs\u00e1got \u00edrtam, szerkesztettem. Mintha egy\u00e9bre nem is lettem volna j\u00f3&#8230;<br \/>\nIgaz\u00e1b\u00f3l, nem is nagyon v\u00e1gytam m\u00e1s foglalatoss\u00e1gra. Az \u00fajs\u00e1g volt az egyetlen \u00e9s az utols\u00f3 szerelem. Ami \u00e9rtelmet adott \u00e9letemnek, \u00e9s amely j\u00e9gre vitt.<\/p>\n<p>A mi gener\u00e1ci\u00f3nk j\u00f3zanabb r\u00e9sze, amely jobb\u00e1ra kifel\u00e9 gyalogol az \u00e9letb\u0151l, bel\u00e1tta azt, hogy a k\u00f6vetkez\u0151 h\u00fasz-harminc \u00e9vben m\u00e1r nem \u0151 fogja megv\u00e1ltani a vil\u00e1got, s nem is \u00e1g\u00e1l igaz\u00e1n az els\u0151 sorokban, nem akarja mag\u00e1t n\u00e9ptribunnak l\u00e1ttatni k\u00fcl\u00f6nb\u00f6z\u0151 hord\u00f3kon \u00e9s magaslati dobog\u00f3kon.<br \/>\n\u00c9n szem\u00e9ly szerint p\u00e9ld\u00e1ul elismerem azt, hogy menthetetlen\u00fcl \u00e9s tagadhatatlanul r\u00e9sze voltam egy g\u00e9pezetnek, amely sakkban tartotta az embereket, olyan eszm\u00e9nyek mellett agit\u00e1lt, amelyek a val\u00f3s\u00e1gban akkor m\u00e1r pap\u00edron is csak alig l\u00e9teztek. B\u00e1rmilyen enyh\u00e9n \u00e9s emberarc\u00faan, avagy a k\u00e9nyszer\u0171 hely\u00aczetekt\u0151l megszorongatva, m\u00e1skor akaratlanul, a bel\u00e1thatatlan k\u00f6vetkezm\u00e9\u00acnyekkel nem sz\u00e1molva kereszteztem ezzel m\u00e1sok sors\u00e1t, a t\u00f6rt\u00e9nteket nem lehet semmiss\u00e9 tenni. Er\u00e9nyt sem ill\u0151 bel\u0151le kov\u00e1csolni. Egy dolgot lehets\u00e9ges: lehajtani a fejet.<\/p>\n<p>\u00c9s v\u00e1rni, hogy az ut\u00e1nunk k\u00f6vetkez\u0151k, akik kez\u00e9be most m\u00e1r lassan \u00e1t-cs\u00faszott minden meghat\u00e1roz\u00f3 korm\u00e1nyz\u00f3r\u00fad, a tov\u00e1bbiakban ne r\u00e1nk, elt\u0171n\u0151kre mutogassanak, hanem igenis, feleljenek mindaz\u00e9rt, amit a rendszerv\u00e1lt\u00e1s ut\u00e1n, a hatalom\u00e9hs\u00e9g \u00f6r\u00f6k t\u00f6rv\u00e9nye szerint a k\u00f6z\u00f6ss\u00e9g ellen napr\u00f3l napra, a mi t\u00e9ved\u00e9seinkre k\u00eds\u00e9rtetiesen eml\u00e9keztetve maguk is elk\u00f6vettek.<\/p>\n<p><em>(Cseke G\u00e1bor: Jelent\u00e9sek magamr\u00f3l. Eml\u00e9kez\u00e9sek ellenf\u00e9nyben, Polis K\u00f6nyvkiad\u00f3, Kolozsv\u00e1r, 2009. B\u0151v\u00edtett v\u00e1ltozat &#8211; <a href=\"http:\/\/mek.oszk.hu\/11800\/11887\/\" target=\"_blank\">http:\/\/mek.oszk.hu\/11800\/11887\/<\/a>)<\/em><\/p>\n<p>&nbsp;<\/p>\n<h2>B. TOMOS HAJNAL:<br \/>\nIngyen-arany<\/h2>\n<h3 style=\"padding-left: 30px;\">(Replika Cseke G\u00e1bor \u0170rszem\u00e9t c. vers\u00e9re)<\/h3>\n<p>&nbsp;<\/p>\n<p>Idelent a f\u00f6ld szin\u00e9n<br \/>\ncsak b\u00e9ke \u00e9s nyugalom &#8211;<br \/>\naranyat sz\u00f3r minden k\u00e9z,<br \/>\narany a v\u00edzcsapom.<\/p>\n<p>Nem s\u00f3v\u00e1rog senki,<br \/>\nnem is tolakszik,<br \/>\nf\u00fcvek lenge kebl\u00e9n<br \/>\nnaphosszat heny\u00e9l.<\/p>\n<p>Minek t\u00f6rni a jeget,<br \/>\nnapon lucsokk\u00e1 izzadni,<br \/>\nha a cs\u00f3r\u00f3 tetveket<br \/>\nis arany cs\u00fcng\u0151 fedi.<\/p>\n<p>Ki\u00e1ltan\u00e9k, de nincs kinek:<br \/>\nilyenkor \u00e9ppen h\u0171s\u00f6lnek.<br \/>\nBelzebub \u0151rzi a l\u00e1nyokat,<br \/>\ncir\u00f3gatja r\u00f3zs\u00e1s talpukat.<\/p>\n<h4 style=\"padding-left: 30px;\"><\/h4>\n<h4 style=\"padding-left: 30px;\">Cseke G\u00e1bor: \u0170rszem\u00e9t<\/h4>\n<p style=\"padding-left: 30px;\">odafent nincsen nyugalom<br \/>\naz \u00e9let csupa vigalom<br \/>\nfelvis\u00edt\u00f3 harmonik\u00e1val<br \/>\nfeleselget a cimbalom<br \/>\nnapok hetek surrannak el<br \/>\nmindig valaki \u00e9nekel<br \/>\ns a f\u00f6nti n\u00f3ta dallam\u00e1ra<br \/>\na vil\u00e1g vonagl\u00f3 t\u00e1ncra kel<br \/>\nle\u00e1llni m\u00e1r nincsen er\u0151<br \/>\negyszer \u00e9l\u00fcnk h\u00e1t \u00fcsse k\u0151<br \/>\nha sz\u00f3ln\u00e1l is a hangod elv\u00e9sz<br \/>\nporral fojtja le az id\u0151<br \/>\nmondataid mint \u0171rszem\u00e9t<br \/>\n\u00fagy sz\u00e1guldoznak szanasz\u00e9t<br \/>\nk\u00f6d el\u0151tt\u00fck felh\u0151 ut\u00e1nuk<br \/>\ns\u00e9rtik az \u00dar gyulladt szem\u00e9t<\/p>\n<h2>B. TOMOS HAJNAL: K\u00f6sz\u00f6nj\u00fck, G\u00e1bor, hogy vagy nek\u00fcnk !<\/h2>\n<p><img loading=\"lazy\" decoding=\"async\" class=\"aligncenter size-full wp-image-53055\" src=\"https:\/\/ujkafe.website\/wp-content\/uploads\/2016\/07\/kekvirag-e1469758662500.png\" alt=\"kekvirag\" width=\"600\" height=\"433\" \/><\/p>\n<h2><\/h2>\n<h2>CSEL\u00c9NYI B\u00c9LA<br \/>\nCseke G\u00e1bor hetven\u00f6t\u00f6dik sz\u00fclet\u00e9snapj\u00e1ra<\/h2>\n<p>&nbsp;<\/p>\n<p>Hetven\u00f6t \u00e9ves lett\u00e9l, v\u00e1rosi tintavit\u00e9z.<br \/>\nAdjon az Isten \u00f6bl\u00f6s tintakaz\u00e1nt a kezedbe!<br \/>\n\u00cdrj, amig \u00edrhatsz cikket gondterhelt hev\u00fclettel,<br \/>\ns megk\u00f6sz\u00f6n\u00f6m, hogy nap-nap ut\u00e1n kelt verssoraimmal<br \/>\nt\u00f6lt\u00f6d az \u00e9ter kottaszer\u0171, roppant huzal\u00e1t.<\/p>\n<p><em>Budapest, 2016. VII. 24.<\/em><\/p>\n<p>&nbsp;<\/p>\n<p>&nbsp;<\/p>\n<h2>DANCS ARTUR<br \/>\n<em>Cseke G\u00e1bor sz\u00fclet\u00e9snapja kapcs\u00e1n<\/em><\/h2>\n<p>&nbsp;<\/p>\n<p>szeretn\u00e9k p\u00e1r gondolatot pap\u00edrra vetni, pontosabban a K\u00e1f\u00e9 soksz\u00edn\u0171 id\u0151vonal\u00e1ra, a \u201egondom\u201d azonban az, hogy annyi gondolat jut eszembe, hogy azt p\u00e1r sorban neh\u00e9z lenne \u00f6sszefoglalnom.<\/p>\n<p>El\u0151vettem fot\u00f3kat, szeretek fot\u00f3kat n\u00e9zni, fot\u00f3kban gondolkodni \u00e9s fot\u00f3khoz illetve azok k\u00f6r\u00e9 \u00edrni. \u00c9s itt van ez a 22 \u00e9ve Sz\u00e9kely S\u00e1ndor \u00e1ltal elkapott pillanat \u00c1rkosr\u00f3l p\u00e9ld\u00e1ul. Ott \u00fcl\u00fcnk az asztal k\u00f6r\u00fcl mi, suhancok. Dr\u00e1ga megboldogult Csillag tan\u00e1r \u00far, a f\u00f6ldrajztan\u00e1runk \u00fagy jellemezte volna ezt, ha l\u00e1tja, hogy \u00fagy \u00fcl\u00fcnk, mint ama emancip\u00e1lt \u201evaddiszn\u00f3k a k\u00e1v\u00e9h\u00e1zban\u201d. Manaps\u00e1g m\u00e1r nem mondanak ilyent a tan\u00e1rok, mert a sz\u00fcl\u0151k bepereln\u00e9k. Nem is nagyon tudj\u00e1k meg a suhancok soha, mikor voltak vadmalacok&#8230;<\/p>\n<p><img loading=\"lazy\" decoding=\"async\" class=\"aligncenter size-full wp-image-53050\" src=\"https:\/\/ujkafe.website\/wp-content\/uploads\/2016\/07\/Dancs-e1469758798238.jpg\" alt=\"Dancs\" width=\"600\" height=\"398\" \/><\/p>\n<p>Sz\u00f3val ott \u00fclt\u00fcnk felk\u00f6ny\u00f6k\u00f6lve Gergely Edit, Laczk\u00f3 Vass Robi \u00e9s a j\u00f3 V\u00e1ri\u00f3, V\u00e1ry O. P\u00e9ter \u2013 s m\u00e9g sokan m\u00e1sok, j\u00f3f\u00e9le emberek, \u00e9s ittuk Cs\u00e9G\u00e9 mester szavait. Nem tudom, nekik akkor mit jelentett, s mit jelent innen most visszatekintve az El\u0151szoba p\u00e1ly\u00e1zat, \u00c1rkos, \u00e9s azok a mes\u00e9s \u00f3r\u00e1k a d\u00edjkioszt\u00f3n 1994 forr\u00f3 nyar\u00e1n. De nekem mindent jelentett akkor. Nem az\u00e9rt, mert d\u00edjaztak, hanem mert el\u0151sz\u00f6r ker\u00fclt valaki, aki elismerte s ezzel t\u00e1mogatta \u00edr\u00e1ssal kapcsolatos t\u00f6rekv\u00e9seimet. Nem tudom, mennyibe hagyok nyomot ak\u00e1rhol is, m\u00e1sok lelk\u00e9ben vagy blogokon, honlapokon, megs\u00e1rgult \u00fajs\u00e1goldalakon, de a magam sz\u00e1m\u00e1ra meghat\u00e1roz\u00f3 lett. \u00c9letem legfontosabb kincse az \u00edr\u00e1s. Ezt kaptam \u00e9n G\u00e1bort\u00f3l. \u00c9s nem gy\u0151z\u00f6m eleget k\u00f6sz\u00f6nni neki.<\/p>\n<p>Cseke G\u00e1bort \u00e9n zsenge koromb\u00f3l ismertem, mert a gyermekkori reg\u00e9ny\u00e9ben sok hely\u00fctt magamra s a magam boldog gyermekkor\u00e1ra ismertem. Az \u00e1rkosi tal\u00e1lkoz\u00f3 ut\u00e1n azt\u00e1n t\u00f6bbsz\u00f6r megfordultam a bukaresti szerkeszt\u0151s\u00e9gben, n\u00e9ha csak az\u00e9rt, hogy egy pillanatra meg\u00f6leljem. Gabival tal\u00e1lkoznom mindig mes\u00e9s \u00e9lm\u00e9ny. \u00c9s amikor Bukarest ny\u00fczsg\u00e9s\u00e9b\u0151l a Hargita t\u00f6v\u00e9be vonult dolgos nyugd\u00edjas \u00e9veit \u00e9lvezni, Cs\u00edkszered\u00e1ba is sokszor bekukkantottam s megteszem mostans\u00e1g is, ha \u00e9ppen arra visz az utam.<\/p>\n<p>Soha nem \u00e9rtettem, honnan van energi\u00e1ja, t\u00fcrelme \u00e9s a v\u00e9gtelen kitart\u00e1sa a sokir\u00e1ny\u00fa \u00e9s kitart\u00f3 munk\u00e1hoz, kutat\u00e1sokhoz. Csod\u00e1lattal figyeltem mindig is munkab\u00edr\u00e1s\u00e1t, azt a v\u00e9gtelen k\u00edv\u00e1ncsis\u00e1got, amivel mindenhez ny\u00falt, ami kez\u00e9be akadt.<br \/>\nK\u00edv\u00e1nom, hogy sok\u00e1ig l\u00e1togathassam m\u00e9g, s tal\u00e1ljam er\u0151ben, eg\u00e9szs\u00e9gben, a r\u00e1 jellemz\u0151 munkakedvvel, k\u00edv\u00e1ncsis\u00e1ggal, \u00e9s j\u00f3 hangulatban.<br \/>\nDr\u00e1ga Mester, az Isten \u00e9ltessen nek\u00fcnk sok\u00e1ig!<\/p>\n<p>&nbsp;<\/p>\n<h2>DE\u00c1K-S\u00c1ROSI L\u00c1SZL\u00d3<br \/>\nVil\u00e1gom, szerelmem*<\/h2>\n<p>&nbsp;<\/p>\n<p>D\u00e9len sz\u00f6k\u0151\u00e1r, nyugaton t\u0171z,<br \/>\nVil\u00e1gunk harca lelk\u00fcnkbe t\u0171z.<\/p>\n<p>Gyereket \u00f6l az \u00faj M\u00e9dea.<br \/>\nH\u00edrekkel tel\u00edt a m\u00e9dia,<\/p>\n<p>A f\u00e9lholdnak irgalmat kiszab,<br \/>\nS nem sz\u00e1raz m\u00e9g a v\u00f6r\u00f6siszap.<\/p>\n<p>Ki\u00fcr\u00fclt a jel, a k\u00e9p, a hang,<br \/>\nS hi\u00e1ba sz\u00f3l d\u00e9lben a harang.<\/p>\n<p>Jogv\u00e9d\u0151 h\u00e9vvel oltsuk harcunk?<br \/>\nS ha meg\u00fctnek, tartsuk az arcunk?<\/p>\n<p>M\u00edg haz\u00e1nk s Eur\u00f3pa eg\u00e9n<br \/>\nD\u00f6gkesely\u0171 k\u00f6r\u00f6z (a szeg\u00e9ny),<\/p>\n<p>Gyulladt sz\u00edv\u00fcnk nem n\u00e9zi senki &#8211;<br \/>\nHogy l\u00e1ss\u00e1k, t\u00e9pj\u00fck nekik most ki?<\/p>\n<p>Ha bent puszt\u00edt \u00f6z\u00f6nv\u00edz-b\u00e1nat.<br \/>\nNem f\u00e1jhat m\u00e1r, csak p\u00edsz\u00ed-adat?<\/p>\n<p>M\u00edg okost\u00e9v\u00e9met szerelem,<br \/>\nEl\u00e9g a hal\u00e1l s a szerelem,<\/p>\n<p>Kihuny szememben is a vil\u00e1g,<br \/>\nS bombah\u00edrb\u0151l gyullad \u00faj vil\u00e1g.<br \/>\n________________________<br \/>\n<em>* Cseke G\u00e1bor Szerelmem, vil\u00e1gom c\u00edm\u0171 verse kapcs\u00e1n<\/em><\/p>\n<p><em>2016. j\u00falius<\/em><\/p>\n<p>&nbsp;<\/p>\n<h2>DEBRECZENI \u00c9VA<br \/>\nA te parkod<br \/>\n<em>(Cseke G\u00e1bornak)<\/em><\/h2>\n<p>&nbsp;<\/p>\n<p>magadat \u00e9p\u00edted k\u0151kem\u00e9ny harcban<br \/>\nbokrok \u00e9s f\u00e1k k\u00f6zt csod\u00e1latos parkban<br \/>\nhol hord\u00f3kb\u00f3l isznak majd r\u00e1 f\u00f6l\u00e1llnak<br \/>\nk\u00e9pzelt leg\u00e9nyek koldusok bajt\u00e1rsak<br \/>\nhogy elmondj\u00e1k mik\u00e9nt egyes kort\u00e1rsak<br \/>\nj\u00e1r\u00f3kel\u0151nek park\u0151rnek port\u00e1snak<br \/>\naz igazat rosszat elk\u00e9pzelt sz\u00f3kat<br \/>\na sz\u00e9p a f\u00e1j\u00f3 a hamisk\u00e1s j\u00f3kat<br \/>\ns ha nem voln\u00e1l te benne ki lenne ott<br \/>\naki \u00f6sszetartsa ezt a nagy parkot?<br \/>\nsaj\u00e1t falad vagy mely sz\u00edv\u00fcnkbe markol<br \/>\nversekkel minden \u00e9rz\u00e9st k\u00f6rbeparkol<br \/>\nami fontos vagy ami m\u00e1r elhullott<br \/>\neny\u00e9m ti\u00e9d mi\u00e9nk a sohanemvolt<br \/>\nsziv\u00e1rv\u00e1nykapuja \u00e9rinthetetlen<br \/>\nha egyszer is l\u00e1tod felejthetetlen<br \/>\nlelked f\u00f6lfel\u00e9 t\u00f6r ujjad tintak\u00e9k<br \/>\nmagasba kapaszkodsz f\u00e9nyl\u0151n mint az \u00e9g.<br \/>\nSzatm\u00e1rn\u00e9meti, 2010. j\u00falius 25.<\/p>\n<p>&nbsp;<\/p>\n<h2>DEM\u00c9NY P\u00c9TER<br \/>\nEl\u0151 a f\u00e9lhom\u00e1lyb\u00f3l<br \/>\n<em>Cseke G\u00e1bor 75. sz\u00fclet\u00e9snapj\u00e1ra<\/em><\/h2>\n<p>&nbsp;<\/p>\n<p>Szerelem n\u00e9lk\u00fcl nem megy ez, teh\u00e1t mindig m\u00e1st \u00e9s m\u00e1st szeretek &#8211; sz\u00f3l egy Neoton-sz\u00e1m. R\u00e9g\u00f3ta figyelem Cseke G\u00e1bor &#8222;\u00e9let\u00e9t \u00e9s munk\u00e1ss\u00e1g\u00e1t&#8221;, \u00e9s azt hiszem, ez az egyik legszebb meghat\u00e1roz\u00e1sa. Nem akarom t\u00falfesz\u00edteni a p\u00e1rhuzamot, de a l\u00e1ny ott a Place Pigalle-on is dolgozik, \u00e9s en\u00e9lk\u00fcl t\u00e1volr\u00f3l sem olyan \u00e9rdekes az eg\u00e9sz. Ford\u00edt\u00e1s, szerkeszt\u00e9s, szerz\u0151k rugdos\u00e1sa, levelek \u00edr\u00e1sa, eml\u00e9kiratok (a Jelent\u00e9sek magamr\u00f3l kiad\u00e1sakor ismerkedt\u00fcnk meg) &#8211; ez mind G\u00e1bor, \u00e9s m\u00e9g mi minden!<\/p>\n<p>Egy ember, aki norm\u00e1lis maradt, holott a f\u0151v\u00e1rost hagyta el a kisv\u00e1ros\u00e9rt, a reflektorf\u00e9nyt a virtu\u00e1lis figyelem\u00e9rt. Egy ember, aki napilapos kor\u00e1b\u00f3l meg\u0151rizte a gyorsas\u00e1got, a megb\u00edzhat\u00f3s\u00e1got \u00e9s a kommunik\u00e1ci\u00f3s k\u00e9szs\u00e9get. \u00dcl a f\u00e9lhom\u00e1lyban, \u00e9s amikor \u00fagy \u00e9rzi, el\u0151 kell j\u00f6nnie onnan, egyetlenegyet l\u00e9p el\u0151re. De m\u00e1r l\u00e9p is vissza. Azok k\u00f6z\u00e9 az emberek k\u00f6z\u00e9 tartozik (kevesen vannak), akik az \u00fcgyet fontosabbnak \u00e9rzik, mint magukat. Isten \u00e9ltessen, G\u00e1bor!<\/p>\n<p>&nbsp;<\/p>\n<h2>ELEKES FERENC:<br \/>\nA kocka t\u00f6k\u00e9letess\u00e9g\u00e9r\u0151l<\/h2>\n<h4>\u00a0\u00a0\u00a0\u00a0 \u00a0\u00a0\u00a0\u00a0A 75 \u00e9ves Cseke G\u00e1bornak<\/h4>\n<p>&nbsp;<\/p>\n<p>Irodalommal foglalkoz\u00f3 sz\u00f6vegekben sokszor olvashatjuk, hogy mindannyian Gogol k\u00f6p\u00f6nyege al\u00f3l b\u00fajtunk ki. M\u00e9g akkor is haszn\u00e1ljuk ezt a t\u00f6m\u00f6r k\u00e9pet, ha tudjuk, ennek semmi k\u00f6ze nincs m\u00e1r a korabeli jelent\u00e9s\u00e9hez, valami m\u00e1st szeretn\u00e9nk v\u00e9le kifejezni. \u00dagy \u00e9rzem, avval a k\u00f6p\u00f6nyeggel zsongl\u0151rk\u00f6di is lehet, mondhatn\u00e1m azt, sokan vannak az erd\u00e9lyi magyar irodalomban, akik pedig a Cseke k\u00f6p\u00f6nyege al\u00e1 h\u00faz\u00f3dtak. Egyszer\u0171en az\u00e9rt, mert ott tal\u00e1ltak seg\u00edts\u00e9get \u00e9s mened\u00e9ket, ha bajban voltak, vagy nem tudtak eligazodni az \u00e9letben.<br \/>\nKezd\u0151 irodalm\u00e1rok t\u00f6bb nemzed\u00e9k\u00e9t seg\u00edtette Cseke G\u00e1bor az \u0151 \u00f6nzetlen tan\u00e1csaival, v\u00e9gtelen t\u00fcrelm\u00e9vel, \u00e9szrev\u00e9teleivel. Ezt tagadni ma m\u00e1r nem lehet.<br \/>\nBukaresti, k\u00f6z\u00f6s sz\u00e1ll\u00e1sunkon ismertem meg \u0151t, a hatvanas \u00e9vekben. Verset \u00edrt \u00e9ppen, \u00e9jf\u00e9l k\u00f6zelgett, n\u00e9h\u00e1nyan elindultunk a kocsm\u00e1k fel\u00e9, mondtam, gyere vel\u00fcnk, G\u00e1bor, azt v\u00e1laszolta, neki most nincs ideje.<br \/>\n\u00c9s csakugyan, a k\u00f6z\u00f6sen elt\u00f6lt\u00f6tt sok esztend\u0151 alatt Csek\u00e9nek kocsm\u00e1z\u00e1sra \u2013 nagyon kev\u00e9s kiv\u00e9telt\u0151l eltekintve \u2013, soha nem volt ideje. Cseke \u00e1lland\u00f3an \u00edrt valamit. Verset, riportot, mindent, ami kellett. Bezzeg, mi, a boh\u00e9m lelkek irigykedve n\u00e9zt\u00fck az \u00f6r\u00f6k\u00f6sen elfoglalt embert, f\u0151k\u00e9nt a szerkeszt\u0151t, akinek volt t\u00fcrelme, kitart\u00e1sa, tal\u00e1n kedve is ahhoz, hogy m\u00e1sok \u00edr\u00e1sait gyoml\u00e1lja, jav\u00edtgassa, szemreh\u00e1ny\u00e1s n\u00e9lk\u00fcl.<\/p>\n<p>Most itt van el\u0151ttem az els\u0151 k\u00f6nyve, ezzel az aj\u00e1nl\u00e1ssal:\u201dFrici bar\u00e1tomnak, olyan gondolatokkal, mint egyszer \u00e9jjel a cs\u00edki \u00e1llom\u00e1son.\u201d<\/p>\n<p>Ezek a sorok 1967 augusztus 20-\u00e1n \u00edr\u00f3dtak, fogalmam sincs milyen gondolataink voltak azon az \u00e9jjelen, csak azt tudom, valah\u00e1nyszor tal\u00e1lkoztunk, mindig azon t\u00f6rt\u00fck a fej\u00fcnket, mit \u00e9s hogyan \u00edrjunk a lapunkba, az Ifj\u00famunk\u00e1sba.<br \/>\nAzt\u00e1n egy napon sz\u00e9tsz\u00f3r\u00f3dott a t\u00e1rsas\u00e1g, ki erre, ki arra. \u0150 a hideg Cs\u00edkszered\u00e1ban k\u00f6t\u00f6tt ki, \u00e9n a t\u00e1vols\u00e1gtart\u00f3 Marosv\u00e1s\u00e1rhelyen.<br \/>\nSok\u00e1ig nem tartottuk egym\u00e1ssal a kapcsolatot, \u0151 be\u00e1sta mag\u00e1t a v\u00e1rosi k\u00f6nyvt\u00e1rba, a lak\u00e1s\u00e1ba, \u00e9n pedig a vil\u00e1got j\u00e1rtam, minden\u00fcnnen menek\u00fclve.<\/p>\n<p>A sors,\u2013 amit balsorsnak is nevezhetn\u00e9k,\u2013 \u00fagy hozta, neh\u00e9z m\u0171t\u00e9ten estem \u00e1t, s a l\u00e1badoz\u00e1s idej\u00e9n eszembe jutott Cseke G\u00e1bor.<br \/>\nNem volt v\u00e9le semmi tervem, csak f\u00f6lh\u00edvtam telefonon, viccel\u0151dve. Valami olyasmit mondtam neki, hogy ha j\u00f3l viselkedik, elmes\u00e9lem a ves\u00e9met, a sz\u00edvemet, a m\u00e1jamat, a nagy m\u0171t\u00e9temet. Erre \u0151 azt v\u00e1laszolta, \u00edrj le mindent, Frici, a ves\u00e9det, a sz\u00edvedet, a m\u00e1jadat, mindent, amit akarsz, de legyenek olvashat\u00f3 mondatok bel\u0151le. \u00c9n pedig megfogadtam a tan\u00e1cs\u00e1t, \u00fagy k\u00e9t-h\u00e1rom \u00e9v leforg\u00e1sa alatt meg\u00edrtam \u00f6t-hat k\u00f6nyvet. \u0150 pedig elhelyezte k\u00f6nyveimet a Magyar Elektronikus K\u00f6nyvt\u00e1rban, valamint a K\u00e1f\u00e9 F\u0151nix internetes port\u00e1l oldalain, k\u00e9s\u0151bb a nagyszer\u0171 ember, Szab\u00f3 Zolt\u00e1n \u00e1ltal szerkesztett kecskem\u00e9ti Huszadik Sz\u00e1zadban is.<br \/>\nHossz\u00fa hallgat\u00e1s ut\u00e1n,\u2013 n\u00e9gy k\u00f6tettel a h\u00e1tam m\u00f6g\u00f6tt\u2013, \u00edgy lettem olyan tollforgat\u00f3v\u00e1, akinek nem csak \u00edr\u00e1sai, de olvas\u00f3 t\u00e1bora is keletezett. Majdnem a semmib\u0151l. Az\u00e9rt mondom ezt, mert \u00e9vtizedek teltek el az \u00e9letemb\u0151l \u00fagy, hogy ha \u00edrtam is valamit, nem k\u00fcldtem el semmit szerkeszt\u0151s\u00e9geknek, kiad\u00f3knak, bar\u00e1toknak, ismer\u0151s\u00f6knek. Csak Csek\u00e9nek. Csak neki.<\/p>\n<p>Sokszor szerettem volna elmondani Cseke G\u00e1bornak egy sz\u00e1momra \u00e9rdekes t\u00f6rt\u00e9netet, de eleddig meg sem eml\u00edtettem. Az volt az \u00e9rz\u00e9sem, m\u00e1r ott a k\u00f6z\u00f6s sz\u00e1ll\u00e1sunkon, hogy ez a Cseke t\u00fals\u00e1gosan t\u00f6k\u00e9letes ember. Mindent pontosan elv\u00e9gez amivel megb\u00edzz\u00e1k, semmi hib\u00e1t nem tal\u00e1lni benne.<br \/>\nVolt egy id\u0151szak, amikor f\u0151leg az\u00e9rt j\u00e1rtam kocsm\u00e1ba, mert ott tal\u00e1lkozhattam, besz\u00e9lgethettem Nichita St\u0103nescu k\u00f6lt\u0151vel, aki a j\u00f3 italokat soha nem vetette meg. De nem is az italok, ink\u00e1bb a filoz\u00f3fiai elm\u00e9lked\u00e9sek vonzottak az \u0151 t\u00e1rsas\u00e1g\u00e1ba, legt\u00f6bbsz\u00f6r Hegel volt ter\u00edt\u00e9ken.<\/p>\n<p>P\u00e9ld\u00e1ul az, hogy j\u00f3-e, ha valami t\u00f6k\u00e9letes.<\/p>\n<p>Az italoz\u00f3 t\u00e1rsas\u00e1gban n\u00e9melyek azt mondt\u00e1k, ami t\u00f6k\u00e9letes, az vonzza az emberi k\u00e9pzeletet, teh\u00e1t t\u00f6k\u00e9letess\u00e9gre kell t\u00f6rekedn\u00fcnk, ha valamit alkotni szeretn\u00e9nk.\u00a0 St\u0103nescu val\u00f3s\u00e1ggal kikelt a t\u00f6k\u00e9letess\u00e9gre t\u00f6rekv\u0151kkel szemben, sz\u00e1mtalan p\u00e9ld\u00e1t hozott fel v\u00e9lem\u00e9ny\u00fck ellen.<br \/>\nAz egyik \u00e9rve ez volt: \u201eA t\u00f6k\u00e9letess\u00e9gnek semmi k\u00f6ze nincs a m\u0171v\u00e9szethez. Ha csin\u00e1lsz egy t\u00f6k\u00e9letes kock\u00e1t, az egyik sark\u00e1b\u00f3l le kell t\u00f6rni egy darabk\u00e1t, hogy mindenki csod\u00e1lkozz\u00e9k, mi\u00e9rt nem t\u00f6k\u00e9letes az a kocka. Milyen t\u00f6k\u00e9letes volna, ha nem lenne \u00f6sszet\u00f6rve az egyik sarka!\u00a0 M\u00e1rpedig ha t\u00f6k\u00e9letes lenne, senki \u00e9szre sem venn\u00e9.\u201d<\/p>\n<p>St\u0103nescu ezt az eszmefuttat\u00e1s\u00e1t \u00e9vekkel k\u00e9s\u0151bb ki is fejtette egy v\u00e9le k\u00e9sz\u00fclt intej\u00faban:\u201ePerfec\u0163iunea nu are de a face cu arta.\u00a0Dup\u0103 ce faci un cub perfect, trebuie s\u0103-i zdrobe\u015fti un col\u0163, ca s\u0103 se mire to\u0163i de ce nu e perfect acel cub. Ce perfect ar fi el dac\u0103 nu ar avea zdrobit un col\u0163! C\u0103ci dac\u0103 el ar fi perfect,nimeni nu l-ar b\u0103ga \u00een seam\u0103&#8221;<\/p>\n<p style=\"text-align: left;\">Ezt a t\u00f6rt\u00e9netet most eml\u00edtem meg az imm\u00e1r hetven\u00f6t \u00e9ves Cseke G\u00e1bornak, f\u0151k\u00e9ppen az\u00e9rt, hogy l\u00e1ssa, azokat a r\u00e9gi id\u0151ket m\u00e9g nem felejtettem el eg\u00e9szen, s\u0151t, a magunk t\u00f6k\u00e9letess\u00e9g\u00e9r\u0151l is volt n\u00e9mi fogalmunk, mert mi is kit\u00f6rt\u00fcnk egy-egy darabk\u00e1t \u00e9let\u00fcnk kock\u00e1j\u00e1b\u00f3l, ne legy\u00fcnk annyira \u00e9pek \u00e9s sim\u00e1k, hogy \u00e9szre se vegyen senki ezen a vil\u00e1gon.<\/p>\n<p style=\"text-align: left;\"><img loading=\"lazy\" decoding=\"async\" class=\"alignnone wp-image-53054\" src=\"https:\/\/ujkafe.website\/wp-content\/uploads\/2016\/07\/gabi-e1469759289367.png\" alt=\"gabi\" width=\"500\" height=\"279\" srcset=\"https:\/\/ujkafe.website\/wp-content\/uploads\/2016\/07\/gabi-e1469759289367.png 657w, https:\/\/ujkafe.website\/wp-content\/uploads\/2016\/07\/gabi-e1469759289367-300x167.png 300w\" sizes=\"auto, (max-width: 500px) 100vw, 500px\" \/><\/p>\n<h2>FEH\u00c9R ILL\u00c9S ford\u00edt\u00e1sa<\/h2>\n<h4><a href=\"http:\/\/mek.oszk.hu\/07900\/07983\/07983.htm#16\">http:\/\/mek.oszk.hu\/07900\/07983\/07983.htm#16<\/a><\/h4>\n<h3>Cseke G\u00e1bor K\u00f6rpecs\u00e9t \u2013 Okrugli \u017eig<\/h3>\n<h3>K\u00f6rpecs\u00e9t<\/h3>\n<p>n\u00e9h\u00e1nyszor m\u00e1r-m\u00e1r \u00f6r\u00f6kre elb\u00facs\u00faztam<br \/>\n\u00e9letemt\u0151l azt hittem v\u00e9ge ebb\u0151l kisz\u00e1llok<br \/>\nazt\u00e1n este valahogy m\u00e9gis elaludtam<br \/>\nmagam gy\u0171l\u00f6lve hajtogattam: m\u00e9g v\u00e1rok<br \/>\npedig semmi se v\u00e1ltozott a mocs\u00e1r szaga<br \/>\ntov\u00e1bb facsarta orrom a napok is r\u00e1mrohadtak<br \/>\nm\u00e1r csak a megszok\u00e1s vetett haza<br \/>\ncsupa szorong\u00e1s fetreng\u00e9s g\u00f6rcs \u00e9s l\u00e9gszomj<br \/>\nelegye volt a legt\u00f6bb \u00e9jszaka<br \/>\n\u00e9letem filmj\u00e9t j\u00e1tszottam volna vissza<br \/>\nkiv\u00e1gni azt mi benne \u00e1rul\u00e1s \u00e9s gyal\u00e1zat<br \/>\nde sehol se leltem megfelel\u0151 oll\u00f3t<br \/>\npedig h\u00e1nyszor felforgattam \u00e9rte a h\u00e1zat<br \/>\na filmszalagot \u00edgy musz\u00e1j elfogadni<br \/>\ngy\u00e1va sz\u00edvem k\u00f6rpecs\u00e9tje rajta:<br \/>\nezt m\u00e1r csak szerteszaggatni lehetne<br \/>\nde jobb ha az ember m\u00edg \u00e9l bevallja<\/p>\n<h3 style=\"padding-left: 120px;\">Okrugli \u017eig<\/h3>\n<p style=\"padding-left: 120px;\"><em>par puta sam se ve\u0107 skoro zavek oprostio<\/em><br \/>\n<em> od mog \u017eivota odlazio veruju\u0107i da je kraj<\/em><br \/>\n<em> ali uve\u010de nekako sam ipak zaspao<\/em><br \/>\n<em> mrze\u0107i sebe ponavljao: jo\u0161 \u010dekam<\/em><br \/>\n<em> mada ni\u0161ta se nije promenilo vonj blata<\/em><br \/>\n<em> dalje mi nos iritirao i dani su istruli<\/em><br \/>\n<em> samo me je navika vodila doma<\/em><br \/>\n<em> ve\u0107ina no\u0107i bila je pusta me\u0161avina<\/em><br \/>\n<em> straha valjanja gr\u010da i nedostatka vazduha<\/em><br \/>\n<em> film svog \u017eivota bi unazad vrtio<\/em><br \/>\n<em> te isekao to \u0161to je izdaja i pogrda<\/em><br \/>\n<em> ali pogodne makaze nisam na\u0161ao<\/em><br \/>\n<em> a koliko puta sam ku\u0107u prevrnuo<\/em><br \/>\n<em> traka ovako mora biti prihva\u0107ena<\/em><br \/>\n<em> sa okruglim \u017eigom mog jadnog srca:<\/em><br \/>\n<em> to bi se moglo samo rastrgati<\/em><br \/>\n<em>ali bolje je ako \u010dovek dok \u017eivi prizna<\/em><\/p>\n<p style=\"padding-left: 120px;\"><em>Prevod: Feh\u00e9r Ill\u00e9s<\/em><\/p>\n<h2>GERGELY TAM\u00c1S: Lev\u00e9l Gabinak<\/h2>\n<p>&nbsp;<\/p>\n<p>Szem\u00e9lyes hang\u00fa levelet k\u00fcld\u00f6k Gabinak, hova is\u2026Cs\u00edkszered\u00e1ba? Vagy Kolozsv\u00e1rra? (Visszat\u00e9r sz\u00fcl\u00f5f\u00f6ldj\u00e9re, mint a pisztr\u00e1ng, aki hetven\u00f6t \u00e9ves?) Vagy: mint szok\u00e1s, az Internetre b\u00edzva &#8211; k\u00f6sz\u00f6net, kedves Hotmail meg Gmail, hogy a levelez\u00e9s\u00fcnk lehet\u00f5v\u00e9 teszed!<br \/>\nKedves Gabi, mondan\u00e1m, \u00edrn\u00e1m, de r\u00e1j\u00f6v\u00f6k, hogy itt valami nem stimmel. Ha sz\u00e1molok, ha \u00f6sszevetem, mennyi minden jelenik meg a Cseke G\u00e1bor n\u00e9v alatt illetve felett, vil\u00e1goss\u00e1 v\u00e1lik sz\u00e1momra, hogy ez nem egy ember munk\u00e1ja, hogy \u00f5 &#8211; t\u00f6bben van-nak. Hiszen egy embernyi munka, gondolom, kezdem \u00e9rezni magam is, hogy negyven\u00f6t ut\u00e1n egy\u00e1ltal\u00e1n l\u00e9tez\u00fcnk, m\u00e1r a gondolataink leh\u00faznak, egy eg\u00e9sz ember kell a vers\u00edr\u00e1shoz is, ki tudja, h\u00e1ny a ford\u00edt\u00e1shoz \u2013 mert mindenik k\u00f6lt\u00f5, ugye k\u00fcl\u00f6n szem\u00e9lyis\u00e9g, a m\u00fbford\u00edt\u00f3 m\u00e1st sem csin\u00e1l, minthogy mag\u00e1t ford\u00edtja le, m\u00e9g ink\u00e1bb ki egy m\u00e1sikra. \u00c9s akkor arr\u00f3l m\u00e9g nem besz\u00e9ltem, hogy az egyik Csekegabi gy\u00fbjti is ezeket a verseket, egy harmadik kiteszi a vil\u00e1gh\u00e1l\u00f3ra, egy negyedik blogot vezet, egy \u00f6t\u00f6dik unok\u00e1t, m\u00e9g ha csak gondolatban is\u2026 \u00e9s \u00edgy tov\u00e1bb \u00e9s \u00edgy tov\u00e1bb.<br \/>\n\u00c9s a huszadik eg\u00e9szen k\u00f6zel \u00e1ll hozz\u00e1m, hozz\u00e1nk, akik ezeket a sorokat olvass\u00e1k: Cseke Gabi a n\u00e9gyzeten a K\u00e1f\u00e9t szerkeszti. El\u00f5sz\u00f6r is kib\u00f5v\u00edtette, f\u00e9ltucat szerz\u00f5 m\u00fbhely\u00e9b\u00f5l irodalmi lapot csin\u00e1lt, irodalmi-m\u00fbv\u00e9szeti figyel\u00f5t, a fot\u00f3m\u00fbv\u00e9szetet felp\u00e1rtol\u00f3 \u00e9nj\u00e9vel \u00f6sszedolgozva f\u00e9nyk\u00e9p\u00e9szeti napilapot kre\u00e1lt, antol\u00f3gi\u00e1t szerkesztett. K\u00f6zben meg\u00edrta el\u00f5dj\u00e9nek, az \u00fajs\u00e1g\u00edr\u00f3-f\u00f5szerkeszt\u00f5nek a memo\u00e1rj\u00e1t, \u00e9rtekezett a rom\u00e1nra val\u00f3 m\u00fbford\u00edt\u00e1s neh\u00e9zs\u00e9geir\u00f5l, \u00fajabban egy \u00e9rdekes gener\u00e1ci\u00f3 portr\u00e9j\u00e1t rajzolta meg\u2026 Sz\u00f3val engem nem vertek \u00e1t, Csekegabi\u00e9k, de mert nem tudom, melyiketeknek marad ideje m\u00e9g \u00e9vet is t\u00f6lteni, \u00fcnnepelni, k\u00edv\u00e1nok mindenik\u00f6t\u00f6knek er\u00f5t, eg\u00e9szs\u00e9get! Friss ihletet, m\u00e9g t\u00f6bb Hyde parkot, vagyunk mink itt egy p\u00e1ran, rem\u00e9lem, nem csak hogy t\u00f6bbes sz\u00e1mban besz\u00e9lek, akik szerett\u00fck.<\/p>\n<p>&nbsp;<\/p>\n<h2>KEN\u00c9Z FERENC<br \/>\n<em>Az \u201c\u00c9let-\u00e1tiratok\u201d ciklusb\u00f3l<\/em><br \/>\nL\u00e1mp\u00e1sok d\u00edcs\u00e9rete<br \/>\n<em>(A hetven\u00f6t \u00e9ves Cseke G\u00e1bornak)<\/em><\/h2>\n<p>&nbsp;<\/p>\n<p>Amikor \u00e9n csiga voltam,<br \/>\neg\u00e9sz napon \u00e1t loholtam,<br \/>\namikor oroszl\u00e1n voltam,<br \/>\nnap mint nap bep\u00e1nikoltam,<br \/>\nvoltam teve dupla p\u00fappal,<br \/>\n(volt is gondom \u00fattal-k\u00fattal)<br \/>\nvoltam tal\u00e1n j\u00e9gt\u00f6r\u0151 is,<br \/>\nj\u00e9gt\u00f6r\u0151, ki \u00e9gt\u00f6r\u0151 is,<br \/>\nomlasztottam hitet, havat,<br \/>\nalattam t\u00e1n f\u00f6ld se maradt,<br \/>\nsz\u00e1lltam h\u00e1t, ki tudja merre,<br \/>\n\u00f3, lelkek Mount Everest-je,<br \/>\nazt\u00e1n m\u00e9gis f\u00f6ldet \u00e9rtem,<br \/>\nkiv\u00e1lts\u00e1g ez, b\u00e1r nem \u00e9rdem,<br \/>\nf\u00f6ldet \u00e9rtem, teli a bolt,<br \/>\nb\u00e1r nem pl\u00e1za, vid\u00e9ki bolt,<br \/>\nf\u00e9nyben azt\u00e1n ez nem \u00e1zik,<br \/>\n\u00e1m benn semmi nem hi\u00e1nyzik,<br \/>\nt\u00e1n m\u00e9g sok is benne a polc,<br \/>\nitt m\u00e9g a h\u00e9tt\u00f6rpe is nyolc,<br \/>\n(egy l\u00e1mp\u00e1ssal t\u00f6bb van nekem!)<br \/>\nmegt\u00e9pdestem lelkem s m\u00faltam,<br \/>\n\u00faj szelekben megtisztultam &#8211;<br \/>\ncsak most, hogy m\u00e1r oly sok a volt,<br \/>\nmost l\u00e1tom, hogy mily sokba volt,<br \/>\nde a boltom be nem z\u00e1rom,<br \/>\nfoltozgatom t\u00e9li zs\u00e1kom,<br \/>\nhogy mi megvolt, sz\u00e9t ne hulljon,<br \/>\nf\u00fajjon a sz\u00e9l, f\u00fajjon, f\u00fajjon!<br \/>\nL\u00e1mp\u00e1m gy\u00fajtom, \u00fajragy\u00fajtom.<\/p>\n<p>&nbsp;<\/p>\n<h2>KEREKES TAM\u00c1S<br \/>\nKedves G\u00e1bor!<\/h2>\n<p>Sz\u00fclet\u00e9snapod alkalm\u00e1val k\u00edv\u00e1nok Neked sok szerencs\u00e9t, hitet, buzgalmat \u00e9s szerencs\u00e9t, de els\u0151sorban kifog\u00e1stalan eg\u00e9szs\u00e9get. Megh\u00f6kkent\u0151 munkab\u00edr\u00e1sod leny\u0171g\u00f6z.<\/p>\n<p>&nbsp;<\/p>\n<h2>KESZTHELYI GY\u00d6RGY:<br \/>\n\u00d6szt\u00f6nb\u0151l is kalapot emelek<br \/>\n<em>Cseke G\u00e1bor sz\u00fclet\u00e9snapj\u00e1ra<\/em><\/h2>\n<p>&nbsp;<\/p>\n<p>Be kell vallanom: k\u00e9rdez\u0151sk\u00f6dn\u00e9k.<br \/>\nNem vagyok ifj\u00fa, sem szorgos munk\u00e1s,<br \/>\nlevelet hullatok, sz\u00edvem mint azt\u00e9k<br \/>\nv\u00e9r\u00e1ldozat\u00e9 \u2013 m\u00e9g dobog egy rejtett kegyhelyen.<br \/>\nSemmitmond\u00f3 \u00fcgyf\u00e9lk\u00e9nt \u00e1lldog\u00e1lok itt,<br \/>\nmagamban besz\u00e9lek a v\u00e1r\u00f3teremben:<br \/>\naz id\u0151 nem b\u00f6lcs, csak id\u0151nk\u00e9nt tan\u00edt.<br \/>\nH\u00e1t a retorikus, korh\u0171 nemzed\u00e9k&#8230;?<br \/>\nA bozontos erd\u0151ben l\u00e1tjuk-e m\u00e9g a f\u00e9nyt?<br \/>\nMinden k\u00e9rd\u00e9sem kock\u00e1zat, szerencsej\u00e1t\u00e9k,<br \/>\njelbesz\u00e9d, mert j\u00e9gt\u00f6mb\u00f6k szakadnak<br \/>\nki bel\u0151lem, ak\u00e1r az \u00c9szaki Sark irdatlan birtok\u00e1b\u00f3l.<\/p>\n<p>(\u00c9jf\u00e9lkor sz\u00f3sz\u00e9kr\u0151l pr\u00e9dik\u00e1lok f\u00fcrd\u0151k\u00f6penyben,<br \/>\nvagy test n\u00e9lk\u00fcl, lelketlen\u00fcl.<br \/>\nSenki sem figyel, miseborokban \u00fcdv\u00f6z\u00fclnek,<br \/>\nl\u00e1mp\u00e1t gy\u00fajtok, im\u00e1k rejt\u0151znek \u00e1tkaimban,<br \/>\nkeservet hallgatok, szabv\u00e1ny- vit\u00e1kat,<br \/>\nvagy \u00e9ppen vulg\u00e1ris ord\u00edt\u00e1st. Az utca hangjait.<br \/>\nMegkeresztelem az \u00fatmenti f\u00e1kat,<br \/>\nbenzing\u0151zben, szents\u00e9gt\u00f6r\u00e9sben.)<\/p>\n<p>\u2013 Eszembe jut, r\u00e9ges-r\u00e9g t\u0151led \u00e9rdekl\u0151dtem,<br \/>\nf\u00e9l\u00e9nken, mint egy szakk\u00e9pzetlen seg\u00e9d:<br \/>\nvajon merre lehet az elt\u00e9vedt ember?<br \/>\n&#8230; mert elt\u0171nt. Csak egy barna mad\u00e1r maradt.<br \/>\n\u00dczented: keressem f\u00fcst\u00f6s falak k\u00f6z\u00f6tt,<br \/>\nahol a kasz\u00e1sp\u00f3kok gangon k\u00fcl\u00f6nck\u00f6dnek,<br \/>\nGell\u00e9rt meg unottan megcs\u00f6m\u00f6rl\u00f6tt<br \/>\ns feltalyig\u00e1zott a fellegekbe.<\/p>\n<p>Megtal\u00e1ltam v\u00e9g\u00fcl, mint elhaj\u00edtott<br \/>\nbog\u00e1ncs a sz\u00e9kely k\u00f6dm\u00f6nt,<br \/>\nmegroskadt \u00e9vek hangj\u00e1val r\u00e1mk\u00f6sz\u00f6nt,<br \/>\nmajd n\u00e9h\u00e1ny percig hahot\u00e1zott a neves \u00e9p\u00fclet<br \/>\nkisebb vagy nagyobb szob\u00e1j\u00e1ban.<br \/>\nEz volt a gyermeki <em><strong>r\u00e1l\u00e1t\u00e1s<\/strong><\/em> komikus hat\u00e1sa.<\/p>\n<p>Mi\u00e9rt is mindez? H\u00e1t persze &#8211; sz\u00f3cs\u00e9pl\u00e9s, halandzsa&#8230;<br \/>\naz \u00fczletk\u00f6t\u0151, cs\u00f6k\u00f6ny\u00f6s t\u00e9rid\u0151<br \/>\n\u00e1tver, de ezt-azt h\u00e1trahagy.<br \/>\nVagyonunk gy\u0171r\u00f6tt asztalter\u00edt\u0151,<br \/>\ng\u00e9polaj, t\u00f6lt\u0151toll, hagymaszag.<br \/>\nAzt hiszem, ez itt a c\u00e9l \u00e9s a sz\u00e1nd\u00e9k,<br \/>\na sz\u0171k\u00f6s \u00e9s cs\u00f6ndes hagyat\u00e9k &#8211; a t\u00f6bbi a m\u00e1s\u00e9.<br \/>\n\u00c9rd be kev\u00e9ssel: parlagf\u0171, maszlag,<br \/>\ntele\u00edrt f\u00fczetoldalak \u2013 ezt ne feledd:<br \/>\n\u2013 a l\u00e1ngok, a parazsak \u00e9rt\u00e9ke felbecs\u00fclhetetlen \u2013<\/p>\n<p>Nem szoktam kertelni. Elevenbe v\u00e1g<br \/>\na gyatr\u00e1k d\u00edcsf\u00e9nye, nagyzol\u00e1sa<br \/>\n&#8211; rosszarc\u00fa t\u00e1rsas\u00e1g \u2013<br \/>\nszaporodnak, mint a r\u00e1kos sejtek,<br \/>\nt\u00f6r\u00f6m a fejem. Ki kinek a m\u00e1sa?<br \/>\nHa k\u00e9rdezel, mi\u00e9rt nem felelnek?<br \/>\nMi\u00e9rt ker\u00fclgetnek, z\u00e1rnak kalod\u00e1ba?<\/p>\n<p>A sz\u00e9lh\u00e1mos k\u00f3kler, a nyegle fics\u00far<br \/>\nszertelen gondvisel\u00e9se nyomon k\u00f6vet.<br \/>\nNem avatj\u00e1k szentt\u00e9,<br \/>\nm\u00e9gis benne f\u00e9szkel megannyi tetves isten,<br \/>\nd\u00edcs\u0151itett szerep\u00e9t j\u00e1tssza sz\u00fcntelen,<br \/>\nfolyton csak k\u00f6pk\u00f6di, hajig\u00e1lja<br \/>\na napraforg\u00f3magot s a legels\u0151 k\u00f6vet.<\/p>\n<p>Egyetlenegyszer l\u00e1ttalak h\u00fas-v\u00e9r \u00e9letemben,<br \/>\nez\u00e9rt k\u00e9pzel\u0151d\u00f6m: Cs\u00edkban a ny\u00e1r is h\u00f3feh\u00e9r,<br \/>\n\u00e9s tal\u00e1n \u00f6r\u00f6k\u00e9let\u0171. V\u00e9gtelen.<br \/>\nAz a k\u00e1r, hogy \u00e9jszak\u00e1k j\u00f6nnek. Rossz jel \u2013<br \/>\nsejtem \u00e9n, a gyalogos k\u00fcl\u00f6nc,<br \/>\na bizalmatlan, kop\u00e1r v\u00e9geken.<\/p>\n<p>Hagyjuk a mendemond\u00e1t! J\u00f6jj\u00f6n, kocsm\u00e1rosn\u00e9!<br \/>\nNem az a nap ez, amelyen fekete alapra<br \/>\nsz\u00fcrke t\u00e1jk\u00e9pet illik festeni.<br \/>\nElk\u00e9pzellek itt, vagy magamat ott,<br \/>\nmuzsikasz\u00f3t hallok, agyagkors\u00f3b\u00f3l<br \/>\ncsurranhatna a v\u00f6r\u00f6s vagy a feh\u00e9r<br \/>\nf\u00e9l\u00e9des gondtalans\u00e1g.<br \/>\nDe k\u00e9ptelens\u00e9g az el\u0151rel\u00e1t\u00e1s,<br \/>\ntitok a holnap, az el\u0151rejelz\u00e9s<br \/>\nszerint sem garant\u00e1lt,<br \/>\nhogy kitart a strandszezon \u2013 egyik-m\u00e1sik<br \/>\niz\u00fcletemben \u00e1ldatlan porfelh\u0151 sajog,<br \/>\nm\u00edg az \u00f6lt\u00f6z\u0151kben hossz\u00fa combok<br \/>\n\u00f6nzetlen b\u0151s\u00e9get adakoznak.<br \/>\nTudod-e, Gabi, mi ez a beteg m\u00e1mor?<br \/>\n\u00c9jjel m\u00e9g \u00e9lek, d\u00e9lt\u00e1jt t\u00e1n meghalok,<br \/>\nnem merengek elm\u00fal\u00e1somon.<br \/>\nIg\u00e9nytelen, \u00e9rz\u00e9keny \u00f6szt\u00f6n\u00f6m<br \/>\nmost ism\u00e9t kalapot emel. \u00dcdv\u00f6z\u00f6l. R\u00e1dk\u00f6sz\u00f6n.<\/p>\n<p><em>2016. j\u00falius 21.<\/em><\/p>\n<p>&nbsp;<\/p>\n<h2>L\u00c1NG ESZTER<br \/>\nRakni a t\u00fczet<br \/>\n<em>(Cseke G\u00e1bor sz\u00fclet\u00e9snapj\u00e1ra)<\/em><\/h2>\n<p>&nbsp;<\/p>\n<p>mogyor\u00f3bokrok k\u00f6zt bujk\u00e1l az \u00fat<br \/>\nk\u00e9nszag\u00fa borv\u00edzforr\u00e1s bugyog<br \/>\nv\u00f6r\u00f6sl\u0151 k\u00f6vek al\u00f3l<br \/>\nhavases\u0151 verdesi a falat<br \/>\naz ablak\u00fcvegen \u00e1g kotor\u00e1sz<br \/>\nk\u00f6d \u00fcli meg a vid\u00e9ket<br \/>\na mesternek egyetlen gondja a t\u0171z<br \/>\nki ne aludjon est\u00e9re<br \/>\nrakja a f\u00e1t a k\u00e1lyh\u00e1ba<br \/>\nteav\u00edz forr a platnin<br \/>\ndzsem ker\u00fcl s keny\u00e9r az asztalra<br \/>\ncsillog az ablak a j\u00e9gt\u0151l<br \/>\n\u00e1lmosan pislog a vend\u00e9g<br \/>\nk\u00e9t cserge lesz takar\u00f3ja<br \/>\nmegdermednek a gondolatok<br \/>\ncsak a t\u0171z csak a t\u0171z ami fontos<br \/>\nrakni a k\u00e1lyh\u00e1t rogy\u00e1sig<br \/>\nlobogjon az \u00e9ltet\u0151 l\u00e1ng<\/p>\n<p><em>2016. j\u00falius 19.<\/em><\/p>\n<p>&nbsp;<\/p>\n<h2>PERISZK\u00d3P P\u00c1L<br \/>\nV\u00e1ndor a szerpentinen<\/h2>\n<h2 style=\"padding-left: 60px;\">A 75 \u00e9ves Bakter B\u00e1lintnak<\/h2>\n<p>&nbsp;<\/p>\n<p>Legyen az az \u0151rh\u00e1z, b\u00e1rhol a t\u00e9rben-<br \/>\nid\u0151ben, Bukarest m\u00falt, van Szereda,<br \/>\ncs\u00fct\u00f6rt\u00f6k\u00f6t nem mond, az tartja \u00e9bren<br \/>\na lelket, ha \u00f6nmag\u00e1nak feladat.<\/p>\n<p>M\u00e1r nem musz-teend\u0151 \u2013 \u00f6r\u00f6mzene:<br \/>\nk\u00f6nyvben, \u00edr\u00e1sban l\u00e9tezni szabadon,<br \/>\nrutinmalom helyett, hol konok szemmel<br \/>\nn\u00e9z f\u00e9nytelen a l\u00e9lek\u00f6l\u0151 vadon.<\/p>\n<p>Van tebenned az a pezsg\u0151 nyugodts\u00e1g,<br \/>\nmit b\u00f6lcsess\u00e9ggel t\u00f6lt\u00f6ttek az \u00e9vek,<br \/>\nmint ki f\u00f6l\u00f6s k\u00f6rt oly sokat futott m\u00e1r,<br \/>\nhogy most helyb\u0151l megvan neki a l\u00e9nyeg.<\/p>\n<p>Ilyen \u00e9veket m\u00e9g, j\u00f3 B\u00e1lint b\u00e1ty\u00e1m,<br \/>\ner\u0151t, der\u0171t a kell\u0151 folytat\u00e1shoz:<br \/>\n\u00e1llni csenddel a zajl\u00f3 \u00e9letv\u00e1rt\u00e1n,<br \/>\ns \u00fagy fogadni, mit bent a kintb\u0151l \u00e1thoz.<\/p>\n<p><em>2016. j\u00falius 29., Sepsiszentgy\u00f6rgy<\/em><\/p>\n<h2>PUSZTAI IRINA: A k\u00f6lt\u0151<\/h2>\n<h2><img loading=\"lazy\" decoding=\"async\" class=\"size-full wp-image-53051 aligncenter\" src=\"https:\/\/ujkafe.website\/wp-content\/uploads\/2016\/07\/Pusztai-Irina-e1469759888270.jpg\" alt=\"Pusztai Irina\" width=\"614\" height=\"465\" \/><\/h2>\n<p>&nbsp;<\/p>\n<p>&nbsp;<\/p>\n<h2><span style=\"color: #ff6600;\">A Pusztai&amp;Pusztai p\u00e1ros zen\u00e9s k\u00f6sz\u00f6nt\u0151je:<\/span><\/h2>\n<h2><span style=\"color: #ff6600;\"> <a href=\"https:\/\/www.youtube.com\/watch?v=_Fi_wrlQF8s\" target=\"_blank\">https:\/\/www.youtube.com\/watch?v=_Fi_wrlQF8s<\/a><\/span><\/h2>\n<p>&nbsp;<\/p>\n<p>&nbsp;<\/p>\n<h2>PUSZTAI P\u00c9TER<\/h2>\n<p><img loading=\"lazy\" decoding=\"async\" class=\"aligncenter size-full wp-image-53052\" src=\"https:\/\/ujkafe.website\/wp-content\/uploads\/2016\/07\/Pusztai-P\u00e9ter-e1469760061439.jpg\" alt=\"Pusztai P\u00e9ter\" width=\"409\" height=\"563\" srcset=\"https:\/\/ujkafe.website\/wp-content\/uploads\/2016\/07\/Pusztai-P\u00e9ter-e1469760061439.jpg 409w, https:\/\/ujkafe.website\/wp-content\/uploads\/2016\/07\/Pusztai-P\u00e9ter-e1469760061439-218x300.jpg 218w\" sizes=\"auto, (max-width: 409px) 100vw, 409px\" \/><\/p>\n<p>&nbsp;<\/p>\n<h2>SOMORCIK SZ. ROZ\u00c1LIA : Piros \u00e1sz<\/h2>\n<p>&nbsp;<\/p>\n<p>F\u00e9rfivel levelezni izgalmas dolog, f\u0151leg olyannal, akir\u0151l nem tudom, hogy hogy n\u00e9z ki. Elk\u00e9pzelem a szavaib\u00f3l, hogy milyen lehet. El\u0151sz\u00f6r csak valami bels\u0151t l\u00e1tok, k\u00f6r\u00fcl\u00f6ttem k\u00f6d, mintha \u00e9n n\u00e9zn\u00e9k ki az \u0151 fej\u00e9b\u0151l, \u00e9s v\u00e9gign\u00e9zn\u00e9m magam az \u0151 szem\u00e9vel, ami tulajdonk\u00e9ppen az eny\u00e9m.<br \/>\nA mailekben a n\u00e9v melletti ablakocska halv\u00e1nyk\u00e9k, benne bianco fej.<br \/>\nEgy-k\u00e9t lev\u00e9l ut\u00e1n ugyanide egy val\u00f3di fej ker\u00fcl.<br \/>\nNa, mondom hangosan, nem semmi.<\/p>\n<p>R\u00f6gt\u00f6n bek\u00e9pzelem magamnak, hogy miattam tette, mert tetszem neki.<br \/>\nNekem egy p\u00f3zol\u00f3s fot\u00f3m van a nevem mellett. A \u201eL\u00e1ny gy\u00f6nggyel\u201d c\u00edm\u0171 festm\u00e9nyt ut\u00e1nozza, tiszta giccs, de h\u00e1ny n\u0151nek van ilyen k\u00e9pe: \u00e1llok az ajt\u00f3nak t\u00e1maszkodva \u00e9s a falon l\u00e9v\u0151 k\u00e9kkeretes t\u00fck\u00f6rben l\u00e1tszik a hajp\u00e1ntos profilom. \u00c9pp csak a gy\u00f6ngy hi\u00e1nyzik a f\u00fclemb\u0151l.<br \/>\nMikor levelezni kezdt\u00fcnk, mintha k\u00f3m\u00e1b\u00f3l \u00e9bredtem volna, olyan volt ez az id\u0151szak. M\u00e9g ha egy kuk\u00e1s mosolygott volna r\u00e1m, abba is szerelmes lettem volna r\u00f6gt\u00f6n.<br \/>\nNa, ezt nem az\u00e9rt mondom, hogy itt hasonl\u00edtgassak, csak ecsetelni akarom azokat a napokat, k\u00f6zvetlen az \u00e9bred\u00e9sem ut\u00e1n. P\u00e9ld\u00e1ul kimentem az erd\u0151be \u00e9s olyan er\u0151s szerelmi v\u00e1gyat \u00e9reztem a l\u00e1tv\u00e1nyt\u00f3l is, hogy erdei koboldokkal is szeretkeztem volna.<\/p>\n<p>Persze a fej ezt nem tudja. Igyekszek j\u00f3l nevelt lenni, m\u00e1r amennyire ezt megtanultam.<br \/>\nMark\u00e1ns, karakteres, z\u00e1rk\u00f3zotts\u00e1got, t\u00e1vols\u00e1gtart\u00e1st kivet\u00edt\u0151 arc. Bajuszt visel.<br \/>\nNem tetszenek igaz\u00e1n a bajuszos f\u00e9rfiak, nem vonzanak, ink\u00e1bb a szak\u00e1llasak az \u00e9n piros \u00e1szaim, de ez a fej tetszik, mert levelezik velem, tetszem neki, mi\u00e9rt is nem tetszen\u00e9k, hisz sz\u00e9p vagyok, magas, v\u00e9kony. \u0150 ezt nem tudja, de tal\u00e1n \u0151 is fant\u00e1zi\u00e1l.<br \/>\nNem akarok szeretkezni vele, erre nem is gondolok, de a szavak erotikusak, f\u0151leg, ahogy legsz\u00f3fukarabban vissza\u00edrja: ezen m\u00e9g dolgozzon.<br \/>\nTele vagyok em\u00f3ci\u00f3kkal, nem \u00e9rtem \u0151t, azt gondolom az \u00e9rzelmek tel\u00edtett asztala mellett \u00fclve, amit \u00e9rzek \u00e9s le\u00edrom, az j\u00f3.<\/p>\n<p>\u0150 visszak\u00fcldi a k\u00f6vetkez\u0151vel: majd \u00e9rezni fogja.<br \/>\nD\u00fch\u00f6mben egyszer cs\u00fany\u00e1t v\u00e1laszolok, hogy provok\u00e1ljam, hogy harc k\u00f6zben vegyen \u00e9szre.<br \/>\nVannak ilyenek filmekben: veszekednek gy\u0171l\u00f6lettel, a f\u00e9rfi leteperi a n\u0151t, vagy ford\u00edtva, azt\u00e1n j\u00f6n az \u201e\u00f6sszesimul\u00e1s\u201d.<br \/>\nSzavakkal ezt hogy lehet? Lehet! N\u00e1lam igen. Eszetlen vagyok, hisz\u2019 olyan sok\u00e1ig halott voltam, most meg itt vagyok, kutya bajom testileg, s\u0151t \u00edrok!<br \/>\nSzavakkal akarok szerelmeskedni, szavaim legyenek az \u00e9rint\u00e9sek, a cs\u00f3kok.<br \/>\nHallgat egy-k\u00e9t napot. Gondolkodik.<\/p>\n<p>Na, mi lesz? Lesz szeretkez\u00e9s?<br \/>\nTudom, hogy rajtam a sor, v\u00e9rt izzadok, hogy megcsin\u00e1ljam a szavakat, hogy tetszem neki.<br \/>\nVisszaj\u00f6n a v\u00e1lasz, n\u00e9z r\u00e1m azokkal a magabiztos szemeivel.<br \/>\nFelugrok a g\u00e9pt\u0151l, iszok egy kortyot, m\u00e9g r\u00e1 is gy\u00fajtan\u00e9k, ha cigizn\u00e9k, sik\u00edtok egy nagyot, hajnali n\u00e9gykor.<br \/>\nL\u00e1tom, hogy kelet fel\u0151l m\u00e1r nyitj\u00e1k az \u00e9gen az ablakot, engedik a f\u00e9nyt, \u00f3vatosan, nehogy megvakuljon ez a sok h\u00fclye, f\u0151leg \u00e9n.<\/p>\n<h2>GERGELY TAM\u00c1S: A \u201cfot\u00f3s\u201d Gabinak<\/h2>\n<p><img loading=\"lazy\" decoding=\"async\" class=\"aligncenter size-full wp-image-53049\" src=\"https:\/\/ujkafe.website\/wp-content\/uploads\/2016\/07\/Cseke-Gabinak-e1469760289537.jpg\" alt=\"Cseke Gabinak\" width=\"600\" height=\"400\" \/><\/p>\n<p><em>(Az \u00f6ssze\u00e1ll\u00edt\u00e1s B. Tomos Hajnal \u00e9s Gergely Tam\u00e1s munk\u00e1ja. Eln\u00e9z\u00e9st k\u00e9r\u00fcnk Cseke Gabi azon bar\u00e1tait\u00f3l, akiket mailc\u00edm hi\u00e1ny\u00e1ban nem tudtunk el\u00e9rni. Aki ut\u00f3lag akar besz\u00e1llni a k\u00f6sz\u00f6nt\u00f5k k\u00f3rus\u00e1ba, k\u00fclje sz\u00f6veg\u00e9t\/k\u00e9p\u00e9t erre a c\u00edmre: gergely90@hotmail.com)<\/em><\/p>\n","protected":false},"excerpt":{"rendered":"<p>Az\u00a0\u00f6ssze\u00e1ll\u00edt\u00e1s\u00a0tartalomjegyz\u00e9ke: * \u00c1d\u00e1m Gyula: Csal\u00e1di k\u00f6rben (fot\u00f3) * Ady Andr\u00e1s: Cseke G\u00e1bornak &#8211; hogy sejtse (vers) * \u00c1goston Hug\u00f3: L\u00e9gtestv\u00e9rek \u00e9s \u00f3lomolt\u00e1r (essz\u00e9) * Gergely Tam\u00e1s: Besz\u00e9lget\u00e9s ANDRASSEW IV\u00c1Nnal (r\u00e9szlet) * Bajna Gy\u00f6rgy: Alkalmi sorok Cseke G\u00e1bornak (vers) * B\u00f6l\u00f6ni Domokos: Cseke G\u00e1bor h\u00e9tk\u00f6znapi gl\u00f3ri\u00e1ja (essz\u00e9) * B. Tomos Hajnal: Ingyen-arany (vers) \/ K\u00f6sz\u00f6nj\u00fck, G\u00e1bor, [&hellip;]<\/p>\n","protected":false},"author":1,"featured_media":0,"comment_status":"open","ping_status":"open","sticky":false,"template":"","format":"standard","meta":{"_monsterinsights_skip_tracking":false,"_monsterinsights_sitenote_active":false,"_monsterinsights_sitenote_note":"","_monsterinsights_sitenote_category":0,"ngg_post_thumbnail":0,"footnotes":""},"categories":[13],"tags":[142,141,143],"class_list":["post-53047","post","type-post","status-publish","format-standard","hentry","category-dokumentum","tag-75-ev","tag-cseke-gabi","tag-szuletesnap"],"_links":{"self":[{"href":"https:\/\/ujkafe.website\/index.php?rest_route=\/wp\/v2\/posts\/53047","targetHints":{"allow":["GET"]}}],"collection":[{"href":"https:\/\/ujkafe.website\/index.php?rest_route=\/wp\/v2\/posts"}],"about":[{"href":"https:\/\/ujkafe.website\/index.php?rest_route=\/wp\/v2\/types\/post"}],"author":[{"embeddable":true,"href":"https:\/\/ujkafe.website\/index.php?rest_route=\/wp\/v2\/users\/1"}],"replies":[{"embeddable":true,"href":"https:\/\/ujkafe.website\/index.php?rest_route=%2Fwp%2Fv2%2Fcomments&post=53047"}],"version-history":[{"count":0,"href":"https:\/\/ujkafe.website\/index.php?rest_route=\/wp\/v2\/posts\/53047\/revisions"}],"wp:attachment":[{"href":"https:\/\/ujkafe.website\/index.php?rest_route=%2Fwp%2Fv2%2Fmedia&parent=53047"}],"wp:term":[{"taxonomy":"category","embeddable":true,"href":"https:\/\/ujkafe.website\/index.php?rest_route=%2Fwp%2Fv2%2Fcategories&post=53047"},{"taxonomy":"post_tag","embeddable":true,"href":"https:\/\/ujkafe.website\/index.php?rest_route=%2Fwp%2Fv2%2Ftags&post=53047"}],"curies":[{"name":"wp","href":"https:\/\/api.w.org\/{rel}","templated":true}]}}