
{"id":53286,"date":"2016-08-05T14:41:55","date_gmt":"2016-08-05T14:41:55","guid":{"rendered":"https:\/\/ujkafe.website\/?p=53286"},"modified":"2016-08-06T12:58:45","modified_gmt":"2016-08-06T12:58:45","slug":"szaz-ev-nagy-haboru-adam-eva","status":"publish","type":"post","link":"https:\/\/ujkafe.website\/?p=53286","title":{"rendered":"Sz\u00e1z \u00e9v &#8211; nagy h\u00e1bor\u00fa: \u00c1d\u00e1m \u00c9va*"},"content":{"rendered":"<p><strong>HADAK \u00daTJ\u00c1N \/\u00a0AZ OLT PARTJ\u00c1T\u00d3L A PIAV\u00c9IG<\/strong><\/p>\n<p>(R\u00e9szletek)<\/p>\n<p><span style=\"text-decoration: underline;\">A FERGETEG<\/span><\/p>\n<p>Az erd\u00e9lyi havasokon \u00e1t rontott be a fergeteg. Ki meri mondani, hogy r\u00e9gen volt? Csak az, akit nem tal\u00e1lt \u00fatj\u00e1ban. Egy eg\u00e9sz orsz\u00e1gr\u00e9szt sodort el minden lak\u00f3j\u00e1val, \u00e9l\u0151 \u00e9s \u00e9lettelen vagyon\u00e1val. (&#8230;)<br \/>\nMi\u00f3ta a h\u00e1bor\u00fa kit\u00f6rt, az ol\u00e1h t\u00e1mad\u00e1s lehet\u0151s\u00e9ge valahogy ott lappangott a sz\u00e9kelyn\u00e9p lelk\u00e9ben. Itt m\u00e9g \u00e9l\u00e9nken eml\u00e9keztek 1848-ra. Itt m\u00e9g az emberek f\u00fcl\u00e9ben volt G\u00e1bor \u00c1ron \u00e1gy\u00fainak hangja. Tal\u00e1n ezek t\u00fczelt\u00e9k fel a r\u00e9mk\u00e9peket.<!--more--> H\u00edre futott, hogy a Brass\u00f3 melletti F\u00f6ldv\u00e1r k\u00f6zs\u00e9gbe t\u00fcz\u00e9rek \u00e9s \u00e1gy\u00fak \u00e9rkeztek. A n\u00e9p az \u00e1gy\u00fak csud\u00e1j\u00e1ra j\u00e1rt messze falvakb\u00f3l is. A katon\u00e1kat elsz\u00e1ll\u00e1solt\u00e1k a k\u00f6rny\u00e9kben. Cs\u00e9pl\u00e9s ideje volt \u00e9s a falusiak \u00f6r\u00f6mmel vett\u00e9k a katon\u00e1k seg\u00edts\u00e9g\u00e9t. A tisztek ott voltak elsz\u00e1ll\u00e1solva a gr\u00f3f Nemes kast\u00e9lyban \u00e9s m\u00e1s \u00fari csal\u00e1dokn\u00e1l. Bosny\u00e1k katon\u00e1k is j\u00f6ttek. Vesz\u00e9ly seholse mutatkozott, a falubeliek ink\u00e1bb csod\u00e1lkozva b\u00e1mult\u00e1k a katon\u00e1kat. A mi h\u00e1zunkn\u00e1l is laktak n\u00e9met tisztek, de n\u00e9h\u00e1ny nap m\u00falva tov\u00e1bb mentek. Azut\u00e1n vend\u00e9g\u00fcnk volt Undi Mariska, a kiv\u00e1l\u00f3 fest\u0151m\u0171v\u00e9sz. Az \u00e9jjeli vonathoz kik\u00eds\u00e9rt\u00fck az \u00e1llom\u00e1sra. Haza\u00e9rkezve, T\u00f6k Mari, a nagyobb csel\u00e9dle\u00e1ny azt mondotta, \u0151 m\u00e1r nem is fekszik le. Megdagasztotta a kenyeret \u00e9s am\u00edg mi felkel\u00fcnk, az is kis\u00fcl.<br \/>\nMire \u00e1gyba ker\u00fclt\u00fcnk, Ida n\u0151v\u00e9rem \u00e9s \u00e9n, m\u00e1r vil\u00e1goss\u00e1g lett ott k\u00fcnn. El se szund\u00edtottunk, egyre er\u0151sb\u00f6d\u0151 l\u00e1rma hallatszott az utc\u00e1r\u00f3l. Egy asszony bekopogtatott a lez\u00e1rt ablakon:<br \/>\n\u2013 Keljenek fel hamar. Prede\u00e1lon bej\u00f6ttek az ol\u00e1hok.<br \/>\nA fergeteg v\u00e9gigsepert a falun. A fennebbi falvak n\u00e9pe pillanatok alatt iszony\u00fa \u00e1radatban z\u00fadult fel\u00e9nk. Kereszt\u00e9nyfalva, Vidomb\u00e1k \u00e9s Rozsny\u00f3 \u00e9g. Valahogy elverg\u0151d\u00f6m a k\u00f6zs\u00e9gh\u00e1z\u00e1ra hiteles h\u00edrek\u00e9rt. Petke K\u00e1roly jegyz\u0151, Kolumb\u00e1n Ferenc lelk\u00e9sz, Bo\u00e9r \u00e9s G\u00e1sp\u00e1r f\u00f6ldbirtokos sietve pakolj\u00e1k a k\u00f6zs\u00e9g iratt\u00e1r\u00e1t. A falu bels\u0151 hadsz\u00ednt\u00e9r, k\u00e9t \u00f3r\u00e1n bel\u00fcl t\u00e1voznia kell minden embernek. Szekereket, lovakat hivatalb\u00f3l lefoglalja a be\u00f6z\u00f6nl\u0151 katonas\u00e1g.<br \/>\n\u00c9s megindul Erd\u00e9ly f\u00f6ld\u00f6nfut\u00f3 n\u00e9pe&#8230;<\/p>\n<p><a href=\"https:\/\/ujkafe.website\/wp-content\/uploads\/2016\/08\/adameva.jpg\"><img loading=\"lazy\" decoding=\"async\" class=\"alignnone size-full wp-image-53295\" src=\"https:\/\/ujkafe.website\/wp-content\/uploads\/2016\/08\/adameva.jpg\" alt=\"adameva\" width=\"129\" height=\"194\" \/><\/a><br \/>\nA menek\u00fcl\u0151k egy helyben h\u00f6mp\u00f6lyg\u0151 t\u00f6meg\u00e9n megvadult csord\u00e1k v\u00e1gtatnak \u00e1t. Nem mondom tov\u00e1bb&#8230;<br \/>\nK\u00e9t \u00f3r\u00e1n bel\u00fcl mi is elhagyjuk a h\u00e1zat, hol \u00e9desap\u00e1nk meghalt. A kamr\u00e1b\u00f3l T\u00f6k Mari \u00e9s Sz\u00e9kely Mari kicipelik a kukoric\u00e1s zs\u00e1kot \u00e9s kiz\u00fad\u00edtj\u00e1k az udvarra, hogy ne \u00e9hezzenek majd az \u00e1llatok. Az \u00fcres zs\u00e1kokat megt\u00f6mj\u00fck ruh\u00e1inkkal \u00e9s friss, meleg keny\u00e9rrel. Kil\u00e9p\u00fcnk a h\u00e1zb\u00f3l. Elesett kis \u00f6cs\u00e9m Bubi kuty\u00e1ja vis\u00edt\u00f3 s\u00edr\u00e1sa f\u00fclemben van most is. A n\u00e9gy szoba ajtaja t\u00e1rva, nyitva marad s benne minden, mit j\u00f3 sz\u00fcl\u0151k valaha szereztek. M\u00e9g egyszer visszan\u00e9z\u00fcnk az ajt\u00f3b\u00f3l. Velem egy\u00fctt n\u00e9zzetek vissza Ti is.<br \/>\nL\u00e1tj\u00e1tok, m\u00e1r ott verg\u0151d\u00fcnk az orsz\u00e1g\u00faton sz\u00e1zezrek k\u00f6z\u00f6tt. De a zs\u00e1kot nem b\u00edrtuk. M\u00e9g ott, a falunk hat\u00e1r\u00e1ban kidob\u00e1ltunk minden egyebet, csak a kenyereket vitt\u00fck. N\u0151v\u00e9rem \u00e9s \u00e9n, T\u00f6k Mari \u00e9s Sz\u00e9kely Mari \u00e9s Bubi. Gyalog. Gyalog. A menek\u00fcltek vonata m\u00e1r megsz\u0171nt, a vas\u00fatvonal m\u00e1r a katonas\u00e1g sz\u00e1ll\u00edt\u00e1s\u00e1ra kell \u00e9s sz\u00fcntelen\u00fcl robognak lefel\u00e9 a hat\u00e1r fel\u00e9. Valami \u0151s \u00f6szt\u00f6n \u00e9s az Isten a vasutak fel\u00e9 sodor minket is \u00e9s ott \u00e1llunk f\u00e9lig t\u00e9bolyodottan. Egyszer csak kihajolnak a halad\u00f3 vonatb\u00f3l a katon\u00e1k \u00e9s felr\u00e1ntanak a magasba. Brass\u00f3b\u00f3l j\u00f6tt kifel\u00e9 egy hivatalos vonat, mely hallom\u00e1sunk szerint a brass\u00f3i 24-es gyal. ezred \u00e9rt\u00e9keit mentette Magyarorsz\u00e1g fel\u00e9. Magyar csend\u0151r\u00f6k mentettek fel minket is a teherkocsik rakom\u00e1nyai tetej\u00e9re. De t\u00f6bb\u00e9 senkise gondolt r\u00e1nk. Egy vasrudakkal, vas\u00e1gyakkal feltornyozott kocsi tetej\u00e9n \u00fclt\u00fcnk \u00e9jjel, nappal, es\u0151ben, sz\u00e9lben, viharban, \u00e9tlen, szomj\u00e1n, egy csukly\u00e1s, z\u00f6ld l\u00f3den kab\u00e1tban. Kenyer\u00fcnk elfogyott. A magasb\u00f3l lem\u00e1szni se mert\u00fcnk, ha itt-ott meg is \u00e1llott a vonat. F\u00e9lt\u00fcnk, hogy ott hagynak. Az els\u0151 kenyeret harmadnap adta fel egy vas\u00fati \u0151rn\u00e9. A tordaaranyosi \u00e1llom\u00e1son a magasban felismert Boros, egyik tordai \u00fajs\u00e1g szerkeszt\u0151je \u00e9s s\u00edrva hozott fel valahonnan egy cs\u00e9sze k\u00e1v\u00e9t. N\u00e9gyen ittuk meg. A harmadik \u00e9telt egy \u00e1llom\u00e1son egy n\u00e9met katona ny\u00fajtotta \u00e1t a szomsz\u00e9d v\u00e1g\u00e1nyon \u00e1ll\u00f3 vonatr\u00f3l. Boldogan ett\u00fck meg, amit sajk\u00e1ja alj\u00e1n nek\u00fcnk meghagyott. K\u00f6sz\u00f6n\u00f6m, kedves, n\u00e9vtelen katona.<br \/>\nBubi kuty\u00e1nk fenn a vastoronyban saj\u00e1ts\u00e1gos \u00e9lettani elv\u00e1ltoz\u00e1sokat mutatott. Szervei \u00e9s eg\u00e9sz kis teste kopog\u00f3 kem\u00e9nyre dermedt \u00e9s nem volt m\u00e1r \u00e9lete. Ezt a tud\u00f3s, csud\u00e1latos \u00e1llatot, elesett Zolt\u00e1nunk kedvenc\u00e9t, n\u00e9h\u00e1ny h\u00e9ttel ezel\u0151tt, otthon egy m\u00e9ly k\u00fatb\u00f3l is kimentett\u00fck egy \u00e9jszaka. N\u00e9h\u00e1ny k\u00f6nnyet csalt m\u00e1r szemembe az az \u00e1llat. Akkor is ilyen dermedt halott volt. Most se dobtuk le a vastoronyb\u00f3l. Hiszen Bubi m\u00e9g egy darab, az elhagyott otthonb\u00f3l. A vasak k\u00f6z\u00e9 bedugtuk \u00e9s h\u00e1rom napig rejtegett\u00fck. Tizenk\u00e9t napig \u00fclt\u00fcnk a toronyv\u00e1rban. Nagyv\u00e1radon m\u00e1r meleg \u00e9telt osztottak az \u00e1llom\u00e1son. Bubit \u00e1tadtam egy Lenkucza L\u00e1szl\u00f3 nev\u0171, k\u00f6nnyes szem\u0171 di\u00e1knak, hogy l\u0151jje f\u0151be. Nem tette. Meg\u0151rizte \u00e9s \u00e9vek m\u00falva visszaadta a v\u00e1radi ismeretlen kis di\u00e1k. Bubinak m\u00e9g fontos szerep jutott a sorsunkban.<br \/>\nTizenk\u00e9t nap a vasv\u00e1rban megcserzette arcunkat, ki\u00e9gette k\u00f6nnyeinket. Behozott a vonat Budapestre. Miket l\u00e1ttam a vasv\u00e1rb\u00f3l, Sz\u00e9kelyf\u00f6ldt\u0151l Budapestig? Csak nem k\u00edv\u00e1nj\u00e1tok, hogy elmondjam? Olyan bet\u0171k m\u00e9g nincsenek, hogy ezt le lehetne \u00edrni.<br \/>\nAkinek sokat adott Isten, az sokat vesz\u00edtett. A menek\u00fcl\u0151 sz\u00e9kelyek k\u00f6z\u00f6tt menek\u00fcltek a sz\u00e9kely f\u0151urak is. Futnak a zabolai kast\u00e9ly urai is. Ki\u00fcr\u00fcl a XV. sz.-ban \u00e9p\u00fclt v\u00e1rszer\u0171, \u0151si Mikes gr\u00f3fok palot\u00e1ja is. Alig egy hete, hogy vend\u00e9ge voltam a gr\u00f3fn\u00e9nak \u00e9s m\u00e1r nincs hol lehajtani fej\u00fcnket. H\u00e9tf\u0151i napon futottunk el az \u0151si f\u00f6ldr\u0151l. A gr\u00f3fi csal\u00e1d az utols\u00f3 percig kitartott otthon, hogy a n\u00e9p nyugalm\u00e1t ezzel is biztos\u00edts\u00e1k. A nyomor\u00fas\u00e1gos verg\u0151d\u00e9sben a gr\u00f3fn\u00e9 egyik gyermeke himl\u0151t kapott, a m\u00e1sik vakb\u00e9lgyulad\u00e1st. A m\u00e1sik sz\u00e9kely m\u00e1gn\u00e1s, Szentkereszty B\u00e9la b\u00e1r\u00f3, h\u00e1romsz\u00e9ki f\u0151isp\u00e1n, ugyancsak megosztotta sz\u00e9kely n\u00e9pe sors\u00e1t. Feles\u00e9ge, Floresco Bibescu M\u00e1ria, aki unok\u00e1ja az utols\u00f3 ol\u00e1h fejedelemnek \u00e9s annak idej\u00e9n kijel\u00f6lt menyasszonya az egykori Mil\u00e1n kir\u00e1lynak. A b\u00e1r\u00f3n\u00e9 kett\u00e9szakadt sz\u00edvvel fut m\u00e1sodik haz\u00e1j\u00e1b\u00f3l. Eg\u00e9sz \u00faton f\u00e9rj\u00e9vel egy\u00fctt gondozza \u00e9s ir\u00e1ny\u00edtja a sz\u00e9kely n\u00e9pet.<br \/>\nN\u00e9mely faluban leakasztott\u00e1k a k\u00fatr\u00f3l a vedret, mert a szerencs\u00e9tlen menek\u00fcl\u0151k az eg\u00e9sz falu viz\u00e9t megitt\u00e1k. Egy s\u00f6t\u00e9t \u00e9jszak\u00e1n a vasv\u00e1rb\u00f3l felismertem \u00f6zvegy n\u0151v\u00e9rem sikolt\u00e1s\u00e1t, amint a t\u00f6visi \u00e1llom\u00e1son v\u00edz\u00e9rt k\u00f6ny\u00f6rg\u00f6tt kis gyermekei, Lili \u00e9s Gyuri sz\u00e1m\u00e1ra. A hang elveszett az \u00e9jszak\u00e1ban, de legal\u00e1bb tudtuk, hogy \u00e9l, faluj\u00e1b\u00f3l el tudott menek\u00fclni \u00e9s kij\u00f6tt a pokolb\u00f3l. \u0150 ugyanis m\u00e1s helyr\u0151l menek\u00fclt, mint mi. Harct\u00e9ren lev\u0151 Mikl\u00f3s fiv\u00e9rem csal\u00e1dja T\u00f6m\u00f6sb\u0151l menek\u00fclt \u00e9s h\u00edre j\u00f6tt a vasv\u00e1rba, hogy legyilkolt\u00e1k a t\u00f6m\u00f6sieket. Rokonaim Cs\u00edk megy\u00e9b\u0151l futottak. Senkise tudta a m\u00e1sikr\u00f3l, hogy \u00e9l-e m\u00e9g.<br \/>\nMinket a vonatunk Budapestre hozott. Milyen \u00e1llapotban? Erre nincsenek szavak. Harct\u00e9ren lev\u0151 \u00c1rp\u00e1d fiv\u00e9rem feles\u00e9g\u00e9hez ver\u0151dt\u00fcnk \u00f6ssze kilencen. A sz\u0171k lak\u00e1s, ak\u00e1rmilyen nagy sz\u00edvvel fogadtak, \u2014 kev\u00e9s volt nek\u00fcnk.<br \/>\nL\u00e1ttam a vasv\u00e1rb\u00f3l azt, hogy csal\u00e1dtagokat temettek az \u00fatsz\u00e9len, l\u00e1ttam ahogy elvesz\u00edtett\u00e9k egym\u00e1st a hozz\u00e1tartoz\u00f3k. Hov\u00e1, merre sodorta \u0151ket az \u00e1radat!? Alkot\u00e1s u. 39. sz. a. irod\u00e1t hirdettem, hogy minden menek\u00fclt jelentse be c\u00edm\u00e9t \u00e9s \u00f6sszehozom az egym\u00e1shoz tartoz\u00f3kat. De p\u00e1r nap m\u00falva m\u00e1r ezt az \u00f3ri\u00e1si munk\u00e1t a Magyar V\u00f6r\u00f6skereszt Tudakoz\u00f3 Iroda vette \u00e1t. Seg\u00e9lyeket is t\u00f6bbf\u00e9le int\u00e9zm\u00e9ny osztogatott a maga hat\u00e1sk\u00f6r\u00e9ben. Vall\u00e1s, faj, nemzetis\u00e9gi k\u00fcl\u00f6nbs\u00e9g n\u00e9lk\u00fcl nyitottak meg a sz\u00edvek \u00e9s t\u00e1rc\u00e1k. Nem lehet most feladatom ezek felsorol\u00e1sa. De azt tudom, hogy a f\u0151v\u00e1rosi lak\u00e1soknak m\u00e9g a pinc\u00e9iben is laktak menek\u00fcltek. \u00d6sszeh\u00faz\u00f3dott minden csal\u00e1d, hogy jusson hely a hontalanoknak.<br \/>\nMaguk, a Budapesten lak\u00f3 sz\u00e9kely urak is, minden hivatalos cerem\u00f3nia n\u00e9lk\u00fcl, azonnal \u00f6ssze\u00e1llottak \u00e9s Zilahi Sebess D\u00e9nes, az \u00e1ltala szerzett \u00f6sszeget, Benedek Elek, F\u00f6ldes G\u00e9za \u00e9s Gagyhy D\u00e9nes seg\u00edts\u00e9g\u00e9vel azonnal kiosztotta a sz\u00e9kelyek k\u00f6z\u00f6tt. Sebess D\u00e9nes fia \u00e9s ifj\u00fa t\u00e1rsai lelkesen seg\u00e9dkeztek ebben a munk\u00e1ban \u00e9s \u0151k \u00e1ll\u00edtott\u00e1k \u00f6ssze az els\u0151 n\u00e9vsort is a menek\u00fclt sz\u00e9kelyekr\u0151l.<br \/>\nA k\u00f6z\u00f6lt n\u00e9vsor alapj\u00e1n tal\u00e1lt r\u00e1m J\u00e1szai Mari \u00e9s Szederk\u00e9nyi Anna. \u0150k hozt\u00e1k r\u00e9szemre az els\u0151 p\u00e9nzseg\u00e9lyt. Ez a k\u00e9t nemes l\u00e9lek r\u00e1zta fel bennem a dermedt \u00e9letet.<br \/>\nA menek\u00fcltek ezreit a f\u0151v\u00e1ros \u00f6lelte sz\u00edv\u00e9re \u00e9s egy\u00fctt zokogott k\u00e9t orsz\u00e1gr\u00e9sz n\u00e9pe. Liber Endre \u00e1llott a mozgalom \u00e9l\u00e9n \u00e9s ezerf\u00e9le m\u00f3don igyekezett seg\u00edteni az erd\u00e9lyi testv\u00e9reken. De otthonunk nem volt. A Mark\u00f3 utcai t\u00f6rv\u00e9nysz\u00e9k t\u00f6megsz\u00e1ll\u00e1s\u00e1n, egy-egy szob\u00e1ban harminchatan is fek\u00fcdt\u00fcnk a f\u00f6ld\u00f6n a zizeg\u0151 szalm\u00e1n. Itt m\u00e1r \u00f6sszeker\u00fclt\u00fcnk mind a csal\u00e1dtagok. Valami j\u00f3t\u00e9kony k\u00e9z kiemelt innen \u00e9s bek\u00f6lt\u00f6ztetett a R\u00e1k\u00f3czi-t\u00e9ri \u00e1llami n\u0151ipariskol\u00e1ba egy tanterembe, ahol Sebesty\u00e9nn\u00e9, Stettina Ilona igazgat\u00f3n\u0151, szeretettel gondoskodott r\u00f3lunk. \u00c1gynem\u0171t is szerzett a V\u00f6r\u00f6skeresztt\u0151l. A rakt\u00e1rakban dohos szagot kapott a p\u00e1rna \u00e9s szalmazs\u00e1k. Nem tudtunk aludni rajta. Elhat\u00e1roztuk, hogy ki\u00fcr\u00edtj\u00fck; a szalm\u00e1t kiteregetj\u00fck, megsz\u00e1r\u00edtjuk, a huzatokat pedig kimossuk.<br \/>\nH\u00e1bor\u00fa elej\u00e9n, mikor felsz\u00f3l\u00edtott\u00e1k az orsz\u00e1g n\u00e9p\u00e9t, hogy a V\u00f6r\u00f6skereszt r\u00e9sz\u00e9re \u00e1gynem\u0171t adakozzon, Ida n\u0151v\u00e9rem is meleg sz\u00edvvel teljes\u00edtette k\u00f6teless\u00e9g\u00e9t. Mikor a tanteremben kiford\u00edtottuk a ki\u00fcr\u00edtett szalmazs\u00e1kot, belevarrva tal\u00e1ltunk egy kis feh\u00e9r v\u00e1sznat, melyre r\u00e1 volt \u00edrva, k\u00e9sz\u00edtett\u00e9k Vajna \u00c1gnes, Bord\u00e1s Vilma, Sz\u00e1sz Emma stb., akik falunkbeli der\u00e9k sz\u00e9kely le\u00e1nyok voltak. Otthoni \u00e1gynem\u0171t kaptunk teh\u00e1t, melyet annak idej\u00e9n Kir\u00e1ly S\u00e1ndor, a lelkes fiatal tan\u00edt\u00f3 gy\u0171jttetett \u00f6ssze.<br \/>\nH\u00e1t m\u00e1r hazai \u00e1gynem\u0171be fek\u00fcdt\u00fcnk le. Vissza\u00e9rezt\u00fck benne az oltmenti r\u00e9tek kukorica levele susog\u00e1s\u00e1t.<br \/>\nLassank\u00e9nt ruh\u00e1nk is ker\u00fclt. Hoztak az idegen \u00farh\u00f6lgyek \u00e9s a j\u00f3bar\u00e1tok. Felkeresett G. Mikl\u00f3sy Ilona \u00e9s Kov\u00e1csy Andorn\u00e9, Szemere Ilona is. P\u00e9nz\u00fcnk nem volt egy \u00e1rva fill\u00e9r\u00fcnk se. Kos\u00e1rfon\u00e1sra sz\u00f3l\u00edtottak fel, hogy azzal lehet keresni. Ne higgye azt senki. \u00c9rdekes, hogy a menek\u00fcltek, felzavart lelki\u00e1llapotukban elvesz\u00edtik \u00f6nmagukat. Tanulm\u00e1nyokat v\u00e9geztem a t\u00f6megsz\u00e1ll\u00e1sokon. Valami nemt\u00f6r\u0151d\u00f6ms\u00e9g, lelki lazul\u00e1s, bels\u0151 es\u00e9s fogja el, vagy dacoss\u00e1g, ellen\u00e1ll\u00e1s borzolja fel benn\u00fck a r\u00e9gi embert. A t\u00f6megsz\u00e1ll\u00e1sokban van valami, ami lefel\u00e9 h\u00fazza a lelket. M\u00e9g fegyelmezett, jobb k\u00f6r\u00f6kb\u0151l val\u00f3 egy\u00e9nek is belevesznek a lelki z\u0171rzavarba. Rendetlenek, a leveg\u0151 is b\u0171z\u00f6s \u00e9s szomor\u00fa az ilyen sz\u00e1ll\u00e1sokon. Nagyon v\u00e1gytam valami nekem val\u00f3, sz\u00e9p, neh\u00e9z munka ut\u00e1n. B\u00e1r\u00f3 D\u00e1niel G\u00e1bor \u00e9s Heged\u0171s L\u00f3r\u00e1nt akarnak seg\u00edteni. Nem tudnak \u0151k se. \u00c1csorogtam mindenf\u00e9le munkak\u00f6zvet\u00edt\u0151 helyen. \u00c1juldoztam zs\u00fafolt sorokban. Hi\u00e1ba. A magam elhagyatotts\u00e1g\u00e1ban a t\u00f6bbi menek\u00fclteken seg\u00edtettem. Jogos k\u00edv\u00e1nalmaikat tolm\u00e1csoltam, ahol kellett. Libex Endre m\u00e1snapra el is int\u00e9zte, amit lehetett. Sz\u00e9p cselekedete volt az is, amikor a seg\u00e9lyhelyeken v\u00e1rakoz\u00f3 \u00e1llapotos \u00e9s szoptat\u00f3s asszonyok f\u00e9szere szob\u00e1kat nyittatott, hol magukat \u00e9s csecsem\u0151iket ell\u00e1ss\u00e1k. A f\u0151v\u00e1ros gy\u00f6ny\u00f6r\u0171en dolgozott e neh\u00e9z id\u0151kben.<br \/>\nMindennap szakadozott r\u00f3lunk a ruha. M\u00e1r nagyon is rongyosak voltunk. K\u00f6sz\u00f6n\u00f6m a sz\u00e9p selyem bl\u00fazt Mih\u00e1ly Rud\u00f3n\u00e9, Bo\u00e9r Lenk\u00e9nek. Nagyon b\u00fasultam, mikor k\u00e9s\u0151bb Lembergben ellopt\u00e1k t\u0151lem. Csomagokat k\u00fcld\u00f6ttek post\u00e1n, hogy a menek\u00fcltek k\u00f6z\u00f6tt kiosszam: B\u00e9hm Kitty a kentelkei kast\u00e9lyszer\u0171 k\u00fari\u00e1b\u00f3l, mely K\u00e9sm\u00e1rky \u00c1kos f\u00f6ldbirtokos, a le\u00e1ny nagyb\u00e1tyj\u00e1\u00e9 volt, aki vad\u00e1szat \u00fatj\u00e1n nyomor\u00e9k k\u00e9zzel, \u00f6nk\u00e9nt vonult be h\u00e1bor\u00fa kit\u00f6r\u00e9sekor \u00e9s Gal\u00edci\u00e1ban elt\u0171nt. Nemo \u00e9s Senki M\u00e1ria Gib\u00e1rt, aba\u00fajmegyei \u00e9s Nagyberezna helyis\u00e9gb\u0151l. Mind ismeretlenek el\u0151ttem. Adom\u00e1nyaikat szerkeszt\u0151s\u00e9gbe c\u00edmezik az \u00e9n nevemre. Becs\u00fclettel teljes\u00edtettem a k\u00f6teless\u00e9get, pedig mellettem a hozz\u00e1mtartoz\u00f3k rongyosak voltak. M\u00e9gse adhattam nekik. Az \u00dcll\u0151i \u00faton, az Iparm\u0171v\u00e9szeti M\u00fazeumban is volt valami osztogat\u00f3 hely. Ott is kaptunk egyszer ruhaf\u00e9l\u00e9t. Kilencen voltunk. Nagyocska volt a csomag. Kr\u00e9n Margit szedte \u00f6ssze r\u00e9sz\u00fcnkre. F\u00f6ld\u00f6n fut\u00f3 t\u00e1rsaim szidalmai k\u00f6z\u00f6tt sz\u00e9delegtem ki az \u00e9p\u00fcletb\u0151l. Saj\u00e1ts\u00e1gos \u00e9s \u00e9rthetetlen, de a menek\u00fclt ritk\u00e1n tudja, kik adakoztak neki. \u00c9n se tudom, de most, ha el\u0151kel\u0151 megnyit\u00f3 \u00fcnnep\u00e9lyekre, ki\u00e1ll\u00edt\u00e1sokra j\u00e1rok az Iparm\u0171v\u00e9szeti M\u00fazeumba, keresem az akkori arcokat. Minden zeg-z\u00fagra eml\u00e9kszem, hov\u00e1 l\u00f6kd\u00f6stek, hol ki\u00e1ltottak r\u00e1m. Most azt gondolom, al\u00e1zatosabbnak kellett volna lennem biztosan.<br \/>\nNem tudom, hogy teltek a napok, rongyokban, k\u00f6nnyekben, kegyelemkeny\u00e9ren. De ha most megb\u00edzn\u00e1nak valami j\u00f3t\u00e9konys\u00e1ggal, azt hiszem, tudn\u00e9k k\u00f6nnyeket sz\u00e1r\u00edtani. Azt hiszem, el\u0151bb \u00e1t kell \u00e9ln\u00fcnk azt a sorsot, melyet meg akarunk \u00e9rteni.<br \/>\nBizony\u00e1ra \u00edgy gondolkozott az akkori \u201eMagyarorsz\u00e1g&#8221; szerkeszt\u0151s\u00e9ge is. Hitte r\u00f3lam, hogy \u00e9rtem a k\u00f6teless\u00e9get \u00e9s ismerem a k\u00f6nnyeket. S\u00fcmegi Vilmos \u00e9s Szak\u00e1cs Andor felsz\u00f3l\u00edtottak, hajland\u00f3 voln\u00e9k-e visszat\u00e9rni Erd\u00e9lybe, hogy a kivonul\u00f3 ol\u00e1hok nyom\u00e1n haladva, falur\u00f3l-falura bej\u00e1rjam a feld\u00falt t\u00e1jakat \u00e9s sajt\u00f3tud\u00f3s\u00edt\u00e1sokban sz\u00e1moljak be, mik a legs\u00fcrg\u0151sebb teend\u0151k a visszat\u00e9r\u00edtend\u0151 n\u00e9p \u00e9rdek\u00e9ben.<br \/>\nOh, mennyi f\u00e1jdalom szorult ebbe az egy sz\u00f3ba, hogy igen. Nem is gondoltam a v\u00e1llalkoz\u00e1s rettenetes neh\u00e9zs\u00e9geire. Er\u0151m megn\u0151tt.<br \/>\nA szerkeszt\u0151s\u00e9g megszerezte r\u00e9szemre a sajt\u00f3hadisz\u00e1ll\u00e1st\u00f3l az enged\u00e9lyt. Eisner Bubna, a k\u00e9s\u0151bb tragikus v\u00e9get \u00e9rt sajt\u00f3f\u0151n\u00f6k \u00e9ppen Budapesten volt. Valami \u00fajs\u00e1g\u00edr\u00f3i tisztelg\u00e9s alkalm\u00e1val szem\u00e9lyesen kerest\u00fck fel \u00e9s h\u00e1rom nap alatt B\u00e9csb\u0151l meg\u00e9rkezett a K. u. k. Armeeoberkommando des Kriegspressequartiers E. Nr. 1904. igazolv\u00e1ny, mely el\u00e9gg\u00e9 korl\u00e1tok k\u00f6z\u00e9 szor\u00edtott, hol j\u00e1rhatok \u00e9s mikr\u0151l \u00edrhatok. Ezen se sokat t\u00e9pel\u0151dtem, csak azt \u00e9reztem, hogy ism\u00e9t Erd\u00e9ly fel\u00e9 vezet az utam. Testv\u00e9reimet, rokonaimat ott hagytam az iskola \u00e9p\u00fclet\u00e9ben.<br \/>\n(&#8230;)<\/p>\n<p><span style=\"text-decoration: underline;\">ERD\u00c9LY FEL\u00c9<\/span><\/p>\n<p>&#8230;K\u00e9t nyomor\u00fas\u00e1gos h\u00f3nap mult\u00e1n, \u00e9g\u0151, f\u00e1j\u00f3 \u00e9rz\u00e9ssel indulok Erd\u00e9ly fel\u00e9, hogy a sajt\u00f3ban h\u0171 k\u00e9pet adjak a ki\u00fcr\u00fclt falvakr\u00f3l, feld\u00falt v\u00e1rosokr\u00f3l.<br \/>\n\u00datk\u00f6zben ben\u00e9ztem B\u00e9k\u00e9scsab\u00e1ra is. Ide voltak telep\u00edtve hat\u00f3s\u00e1gilag a h\u00e1romsz\u00e9ki menek\u00fcltek. A t\u00f3t h\u00e1zak saj\u00e1ts\u00e1gos beoszt\u00e1sa \u00e9s hangulata k\u00f6z\u00f6tt, idegen\u00fcl \u00e9rzi mag\u00e1t a sz\u00e9kely. Lelki\u00e1llapotuk a f\u00e1jdalom \u00e9s a dac k\u00f6z\u00f6tt verg\u0151dik. Nem tudja kiegyens\u00falyozni lelki h\u00e1borg\u00e1s\u00e1t, mi\u00e9rt \u00e9ppen \u0151 lett hontalan, kegyelemkeny\u00e9ren \u00e9l\u0151?<br \/>\nA sepsi j\u00e1r\u00e1sb\u00f3l 1697 menek\u00fclt akad, borosny\u00f3i j\u00e1r\u00e1sb\u00f3l 1269, Sepsiszentgy\u00f6rgy v\u00e1ros 2481, Brass\u00f3 v\u00e1ros 86, Cs\u00edkmegye 27, Fogaras 10, Udvarhely 10, Hunyad 545, Kisk\u00fck\u00fcll\u0151 34, Krass\u00f3-sz\u00f6r\u00e9ny 19, Nagyk\u00fck\u00fcll\u0151 61, Marostorda 85, Sze-ben 92. Szolnokdoboka 3, Temes 2, Aranyostor-da 6. Ennyi embert kellett vend\u00e9gk\u00e9ppen ell\u00e1tnia B\u00e9k\u00e9scsab\u00e1nak. A t\u00f6meglak\u00e1sok eszm\u00e9j\u00e9t elvetett\u00e9k. Mag\u00e1nh\u00e1zakn\u00e1l vannak beosztva. Wallfisch dr. orvos ingyen kezeli a sok beteget. Dr. Kiss L\u00e1szl\u00f3 csabai \u00e9s G\u00e1bor P\u00e1l h\u00e1romsz\u00e9ki f\u0151szolgab\u00edr\u00f3k int\u00e9zik a menek\u00fcltek sors\u00e1t. \u00dagy a menek\u00fclt \u00fari oszt\u00e1lybeliekt\u0151l, mint a helybeli n\u00e9pt\u0151l a legszebb elismer\u00e9seket hallom a csabai f\u0151szolgab\u00edr\u00f3r\u00f3l. \u0150 a lelke mindennek. Nem pap\u00edron int\u00e9zkedik, hanem cselekszik. Ha a t\u00f3t gazda nem akar k\u00e1lyh\u00e1t \u00e1ll\u00edtani a menek\u00fcltek szob\u00e1j\u00e1ba: \u0151 veszi meg a k\u00e1lyh\u00e1t a gazda sz\u00e1ml\u00e1j\u00e1ra. Ha \u00f6nk\u00e9nt nem adnak lisztet, akkor zs\u00e1ksz\u00e1mra foglalja le. Irod\u00e1j\u00e1ban kosarakkal \u00e1ll a toj\u00e1s, melyet \u0151 maga oszt ki a betegeknek. Vas\u00e1rnaponk\u00e9nt a templom el\u0151tti t\u00e9ren parancsban hirdeti ki a n\u00e9pnek, mik a teend\u0151i a menek\u00fcltek k\u00f6r\u00fcl. Minden hivatal a k\u00f6teless\u00e9gek magaslat\u00e1n \u00e1ll \u00e9s maga a lelkes di\u00e1ks\u00e1g is be\u00e1ll a seg\u00edt\u0151 szolg\u00e1latokra.<br \/>\nR\u00e9thy B\u00e9la eln\u00f6k vezet\u00e9s\u00e9vel az \u00farih\u00f6lgyek osztj\u00e1k ki az \u00e9teleket. K\u00e9t kor.-\u00e9rt h\u00e1rom t\u00e1l \u00e9telt kapnak a tisztvisel\u0151k. Borb\u00e9ly S\u00e1ndor sepsiszentgy\u00f6rgyi v\u00e1g\u00f3h\u00eddi fel\u00fcgyel\u0151 rendezkedik a f\u0151z\u00e9s k\u00f6r\u00fcl.<br \/>\nA csabai gazdal\u00e1nyok t\u00e1rsask\u00f6rt alak\u00edtottak, ruh\u00e1t \u00e9s p\u00e9nzt gy\u0171jt\u00f6ttek \u00e9s 35 ezer korona \u00e9r\u0151t osztottak ki. A 101. gyalogezred h\u00fasz szab\u00f3t \u00e9s h\u00fasz cip\u00e9sz katon\u00e1t adott, kik m\u0171helyben dolgoznak a menek\u00fclteknek. Egy p\u00e1r cip\u0151 \u00e1ra 21 K. \u00d6ssze\u00edratj\u00e1k az iskolak\u00f6teles gyermekeket is, akik ingyen kaptak k\u00f6nyveket. A f\u0151gimn\u00e1zium \u00e9s a polg\u00e1ri iskola pedig az intern\u00e1tusba ingyen vette fel \u0151ket. A napk\u00f6zi otthonok \u00fcgy\u00e9ben Szentke-reszty b\u00e1r\u00f3n\u00e9 j\u00e1rta be a v\u00e1rmegy\u00e9t. A helyi Munkak\u00f6zvet\u00edt\u0151 Hivatal a menek\u00fcltek elhelyez\u00e9s\u00e9vel foglalkozik, de kev\u00e9s a v\u00e1llalkoz\u00f3. Valami csud\u00e1latos \u00e9rz\u00e9s lust\u00e1v\u00e1 teszi a szorgalmas, dolgos n\u00e9pet. Csak haza gondol. Csab\u00e1n h\u00e1rom menek\u00fclt gyermek halt meg. B\u00e9k\u00e9scsaba mindent megtett a szerencs\u00e9tlen erd\u00e9lyiek\u00e9rt. Az orosh\u00e1zi j\u00e1r\u00e1sbeliek kev\u00e9sbb\u00e9 vannak ell\u00e1tva.<br \/>\nTov\u00e1bb utaztam, Erd\u00e9ly fel\u00e9.<\/p>\n<p><em>(Folytatjuk)<\/em><\/p>\n<p><strong>* A k\u00f6peci sz\u00e1rmaz\u00e1s\u00fa Kamenyiczky Etelka \u00edr\u00f3i \u00e1lneve \/ Forr\u00e1s: Hadak \u00fatj\u00e1n. Az Olt partj\u00e1t\u00f3l Piav\u00e9ig. Magyar Sz\u00e9pirodalmat P\u00e1rtol\u00f3k Egyes\u00fclete kiad\u00e1sa, 1936, Budapest<\/strong><\/p>\n<div id=\"attachment_53296\" style=\"width: 310px\" class=\"wp-caption alignnone\"><a href=\"https:\/\/ujkafe.website\/wp-content\/uploads\/2016\/08\/kamenyiczky.jpg\"><img loading=\"lazy\" decoding=\"async\" aria-describedby=\"caption-attachment-53296\" class=\"wp-image-53296 size-full\" src=\"https:\/\/ujkafe.website\/wp-content\/uploads\/2016\/08\/kamenyiczky.jpg\" alt=\"kamenyiczky\" width=\"300\" height=\"502\" srcset=\"https:\/\/ujkafe.website\/wp-content\/uploads\/2016\/08\/kamenyiczky.jpg 300w, https:\/\/ujkafe.website\/wp-content\/uploads\/2016\/08\/kamenyiczky-179x300.jpg 179w\" sizes=\"auto, (max-width: 300px) 100vw, 300px\" \/><\/a><p id=\"caption-attachment-53296\" class=\"wp-caption-text\">\u00c1d\u00e1m \u00c9va \/ Kameniczky Etel<\/p><\/div>\n<p>&nbsp;<\/p>\n","protected":false},"excerpt":{"rendered":"<p>HADAK \u00daTJ\u00c1N \/\u00a0AZ OLT PARTJ\u00c1T\u00d3L A PIAV\u00c9IG (R\u00e9szletek) A FERGETEG Az erd\u00e9lyi havasokon \u00e1t rontott be a fergeteg. Ki meri mondani, hogy r\u00e9gen volt? Csak az, akit nem tal\u00e1lt \u00fatj\u00e1ban. Egy eg\u00e9sz orsz\u00e1gr\u00e9szt sodort el minden lak\u00f3j\u00e1val, \u00e9l\u0151 \u00e9s \u00e9lettelen vagyon\u00e1val. (&#8230;) Mi\u00f3ta a h\u00e1bor\u00fa kit\u00f6rt, az ol\u00e1h t\u00e1mad\u00e1s lehet\u0151s\u00e9ge valahogy ott lappangott a sz\u00e9kelyn\u00e9p [&hellip;]<\/p>\n","protected":false},"author":3,"featured_media":0,"comment_status":"open","ping_status":"open","sticky":false,"template":"","format":"standard","meta":{"_monsterinsights_skip_tracking":false,"_monsterinsights_sitenote_active":false,"_monsterinsights_sitenote_note":"","_monsterinsights_sitenote_category":0,"ngg_post_thumbnail":0,"footnotes":""},"categories":[126,137],"tags":[],"class_list":["post-53286","post","type-post","status-publish","format-standard","hentry","category-riport","category-szaz-ev-nagy-haboru"],"_links":{"self":[{"href":"https:\/\/ujkafe.website\/index.php?rest_route=\/wp\/v2\/posts\/53286","targetHints":{"allow":["GET"]}}],"collection":[{"href":"https:\/\/ujkafe.website\/index.php?rest_route=\/wp\/v2\/posts"}],"about":[{"href":"https:\/\/ujkafe.website\/index.php?rest_route=\/wp\/v2\/types\/post"}],"author":[{"embeddable":true,"href":"https:\/\/ujkafe.website\/index.php?rest_route=\/wp\/v2\/users\/3"}],"replies":[{"embeddable":true,"href":"https:\/\/ujkafe.website\/index.php?rest_route=%2Fwp%2Fv2%2Fcomments&post=53286"}],"version-history":[{"count":0,"href":"https:\/\/ujkafe.website\/index.php?rest_route=\/wp\/v2\/posts\/53286\/revisions"}],"wp:attachment":[{"href":"https:\/\/ujkafe.website\/index.php?rest_route=%2Fwp%2Fv2%2Fmedia&parent=53286"}],"wp:term":[{"taxonomy":"category","embeddable":true,"href":"https:\/\/ujkafe.website\/index.php?rest_route=%2Fwp%2Fv2%2Fcategories&post=53286"},{"taxonomy":"post_tag","embeddable":true,"href":"https:\/\/ujkafe.website\/index.php?rest_route=%2Fwp%2Fv2%2Ftags&post=53286"}],"curies":[{"name":"wp","href":"https:\/\/api.w.org\/{rel}","templated":true}]}}