
{"id":53665,"date":"2016-08-17T03:05:42","date_gmt":"2016-08-17T03:05:42","guid":{"rendered":"https:\/\/ujkafe.website\/?p=53665"},"modified":"2016-08-17T03:05:42","modified_gmt":"2016-08-17T03:05:42","slug":"szaz-ev-nagy-haboru-dobos-istvan","status":"publish","type":"post","link":"https:\/\/ujkafe.website\/?p=53665","title":{"rendered":"Sz\u00e1z \u00e9v &#8211; nagy h\u00e1bor\u00fa: Dobos Istv\u00e1n"},"content":{"rendered":"<h2><strong>Rep\u00fcl\u0151g\u00e9ppel a fronton \/\u00a0Egy hadipil\u00f3ta feljegyz\u00e9sei<\/strong><\/h2>\n<p><em><strong>Rep\u00fcl\u0151g\u00e9pen Cetinje \u00e9s a Lovcsen f\u00f6l\u00f6tt<\/strong><\/em><\/p>\n<div id=\"attachment_53667\" style=\"width: 635px\" class=\"wp-caption alignnone\"><a href=\"https:\/\/ujkafe.website\/wp-content\/uploads\/2016\/08\/dobospilotaigazolvany2.jpg\"><img loading=\"lazy\" decoding=\"async\" aria-describedby=\"caption-attachment-53667\" class=\"wp-image-53667\" src=\"https:\/\/ujkafe.website\/wp-content\/uploads\/2016\/08\/dobospilotaigazolvany2.jpg\" alt=\"dobospilotaigazolvany2\" width=\"625\" height=\"444\" srcset=\"https:\/\/ujkafe.website\/wp-content\/uploads\/2016\/08\/dobospilotaigazolvany2.jpg 1188w, https:\/\/ujkafe.website\/wp-content\/uploads\/2016\/08\/dobospilotaigazolvany2-300x213.jpg 300w, https:\/\/ujkafe.website\/wp-content\/uploads\/2016\/08\/dobospilotaigazolvany2-1024x727.jpg 1024w\" sizes=\"auto, (max-width: 625px) 100vw, 625px\" \/><\/a><p id=\"caption-attachment-53667\" class=\"wp-caption-text\">Dobos Istv\u00e1n pil\u00f3taigazolv\u00e1nya (5. sz\u00e1m)<\/p><\/div>\n<p>Nek\u00fcnk is kereszt\u00fcl kellett esni a regrutasoron, a kezdet neh\u00e9zs\u00e9gein. Fontosabb feladatokat csak akkor mert r\u00e1nk b\u00edzni a kapit\u00e1nyunk, miut\u00e1n m\u00e1r meggy\u0151z\u0151d\u00f6tt r\u00f3la, hogy tisztess\u00e9gesen tudunk rep\u00fclni \u00e9s \u2014 amire m\u00e9g nagyobb s\u00falyt helyezett \u2014 van benn\u00fcnk el\u00e9g akarater\u0151 \u00e9s \u00f6nfegyelmezetts\u00e9g az adott parancsot pontosan megtartani \u00e9s tart\u00f3zkodni minden kalandhajh\u00e1sz\u00e1st\u00f3l. A h\u00e1bor\u00fas \u00bbel\u0151k\u00e9sz\u00edt\u0151 tanfolyam\u00ab els\u0151 vizsg\u00e1it la felder\u00edt\u0151-utak sikeres elv\u00e9gz\u00e9s\u00e9vel \u00e1llottuk ki. Csak ezut\u00e1n ker\u00fclt a sor az ellens\u00e9ges hadihaj\u00f3kkal v\u00edvott kisebb csetepat\u00e9kra. \u00c9s mikor ezekb\u0151l a kis l\u00e9gi csat\u00e1kb\u00f3l is baj n\u00e9lk\u00fcl sz\u00e1lldostunk haza, parancsnokunk el\u00e9rkezettnek l\u00e1tta az id\u0151t a sz\u00e1razf\u00f6ld fel\u0151li aeropl\u00e1n-offenz\u00edva megkezd\u00e9s\u00e9re.<!--more--><br \/>\nA fekete hegyek uralkod\u00f3j\u00e1nak csapatait, er\u0151ss\u00e9geit, sz\u00e1ll\u00e1sait, \u00e1ll\u00e1sait, rakt\u00e1rait, kik\u00f6t\u0151it, katonai gy\u0171jt\u0151helyeit \u00e9s rezidenci\u00e1j\u00e1t t\u00e1madni \u00e9s k\u00e1rt okozni benn\u00fck: ez volt a parancs.<br \/>\nMindennapi sz\u00ednpadunk komoran s\u00f6t\u00e9tl\u0151 h\u00e1ttere a Lovcsen. \u00d3ri\u00e1si, kop\u00e1r, egyhang\u00fa \u00e9s rideg. Hatalmas sziklat\u00f6mkelegek unalmas, esetlen halmaza. A tetej\u00e9n \u2013 j\u00f3l tudtuk; \u2013 francia \u00fctegek vertek f\u00e9szket. F\u0151leg ezek \u00e9rdekeltek benn\u00fcnket, rep\u00fcl\u0151ket \u00e9s a sz\u00e1razf\u00f6ldi t\u00fcz\u00e9rs\u00e9g\u00fcnket is. Szorgalmasan feleselgett\u00fcnk vel\u00fck; hol felv\u00e1ltva a t\u00fcz\u00e9reink, meg mi, de gyakran fordult el\u0151, hogy sz\u00e9p \u00f6sszhangban, egym\u00e1st t\u00e1mogatva, k\u00f6z\u00f6sen fogtuk t\u00fcz al\u00e1 a Lovcsen tetej\u00e9n \u00e9s oldal\u00e1ban meglapult k\u00e9tl\u00e1b\u00fa vakondokokat. Ezeket a rapszodikus k\u00fczdelmeket jegyz\u00e9seim lakonikusan r\u00f6gz\u00edtett\u00e9k meg:<br \/>\nX. 16. Eg\u00e9sz nap \u00e1gy\u00faztuk a hegyet, de rep\u00fcl\u00e9s a rossz id\u0151 miatt nem volt.<br \/>\nX. 17 P\u00e1r \u00f3ra hosszat fel\u00fclr\u0151l bomb\u00e1ztuk az ellens\u00e9get.<br \/>\nX. 19. T\u00fcz\u00e9rs\u00e9g\u00fcnk napfelkeltekor kezdte a munk\u00e1t. Reggel h\u00e9t \u00f3ra t\u00e1jban m\u00e1r f\u00f6ldrenget\u0151 volt a d\u00f6rg\u00e9s. T\u00edzkor l\u00e1ttuk, l\u00e1ngok csapnak fel.<br \/>\nX. 26. Egy h\u00e9tig v\u00e9rhassal fek\u00fcdtem a k\u00f3rh\u00e1zban. Aznap, mikor visszat\u00e9rtem a rep\u00fcl\u0151-t\u00e1borba, K. altiszt-bar\u00e1tom g\u00e9pfegyverrel rep\u00fclt a Lovcsen felett \u00e9s siker\u00fclt teljesen elhallgattatnia az ellens\u00e9ges \u00fctegeket.<br \/>\nX. 30. H\u00e1rom hidropl\u00e1nunk Antiv\u00e1rit, Montenegr\u00f3 tengeri kik\u00f6t\u0151j\u00e9t bomb\u00e1zta, ahol a franci\u00e1k mun\u00edci\u00f3t raktak ki a montenegr\u00f3iaknak.<br \/>\nXI. 1. Parancsot kaptam, hogy a Lovcsen f\u00f6l\u00e9 rep\u00fcljek g\u00e9pfegyverrel \u00e9s figyeljem meg t\u00fcz\u00e9rs\u00e9g\u00fcnk munk\u00e1j\u00e1nak hat\u00e1s\u00e1t. A feladat hat\u00e1rozottan neh\u00e9z \u00e9s vesz\u00e9lyes volt. Magasra emelkedni nem lehetett, mert az utasnak tiszt\u00e1n kellett l\u00e1tnia a fedez\u00e9keket. Rettenetes t\u00fczet kaptunk javar\u00e9szt g\u00e9pfegyverb\u0151l, de szerencs\u00e9re csak a goly\u00f3k f\u00fcty\u00fcl\u00e9s\u00e9t hallottuk. Utasom az akkumul\u00e1torral t\u00e1pl\u00e1lt szign\u00e1l\u00f3-l\u00e1mp\u00e1val jeleket adott le hadihaj\u00f3inknak, amelyek T&#8230;-ban horgonyoztak. K\u00e9t \u00e9s f\u00e9l \u00f3rai \u00fat ut\u00e1n sim\u00e1n landoltunk otthon.<br \/>\nXI. 2. H\u00e1rom bomb\u00e1val k\u00fcldtek a G&#8230; fens\u00edk f\u00f6l\u00e9, ahol a montenegr\u00f3iaknak k\u00fcl\u00f6n\u00f6sen er\u0151s \u00e1ll\u00e1saik voltak. Egy alacsony termet\u0171, igen mozg\u00e9kony \u00e9s eleven kis hadnagy j\u00f6tt velem, 2500 m\u00e9ter magasan hagytuk el a rep\u00fcl\u0151teret. Rettenetesen magas hegyek meredtek mindenfel\u0151l az \u00e9g fel\u00e9. Lesz\u00e1ll\u00f3helyet \u2014 sz\u00fcks\u00e9g eset\u00e9n \u2014| itt bizony messze f\u00f6ld\u00f6n nem l\u00e1ttam. Nem tudtuk, ellens\u00e9g felett j\u00e1runk-e, vagy sem. Az utasom egyszerre csak figyelmeztet, hogy ledob egy bomb\u00e1t. Csupa szem voltam, de nem l\u00e1ttam robbanni, a m\u00e1sik jobban siker\u00fclt. V\u00e1rtam, mikor l\u00e1tom a f\u00fcstfelh\u0151t. Kis id\u0151 m\u00falva t\u00e9nyleg nagyszer\u0171en l\u00e1tszott a hat\u00e1s: a hegycs\u00facson explod\u00e1lt igen er\u0151s \u00e1ll\u00e1sok k\u00f6z\u00f6tt. A harmadik egy \u00e9p\u00fcletcsoportra esett. Nesztek \u2014 sz\u00f3lt az utasom, mikor ledobta. K\u00f6zben persze \u0151k is l\u0151ttek r\u00e1nk, de nem tal\u00e1ltak. Indultunk hazafel\u00e9, mikor meg\u00e9rkezt\u00fcnk a hang\u00e1rok el\u00e9, a szerel\u0151k \u00f6t goly\u00f3\u00fct\u00f6tte lyukat tal\u00e1ltak a g\u00e9pen.<br \/>\nXI. 3. Ez a nap nevezetes marad, mert kapit\u00e1nyom k\u00edv\u00e1ns\u00e1g\u00e1ra ma tettem tiszteletemet Nikita f\u0151-\u00e9s sz\u00e9kv\u00e1ros\u00e1ban, Cetinj\u00e9ben. H\u00e1rom bomb\u00e1val \u00e9s g\u00e9pfegyverrel indultunk. Egy darabig a tenger felett maradtunk, nehogy \u00e9szrevegyenek benn\u00fcnket \u00e9s egy \u00f3rai rep\u00fcl\u00e9s ut\u00e1n \u00e9rkezt\u00fcnk Cetinj\u00e9be. Magass\u00e1gm\u00e9r\u0151m ekkor 2700 m\u00e9tert mutatott. Az els\u0151 bomba j\u00f3l tal\u00e1lt, ezt vil\u00e1gosan l\u00e1ttam, de egy nagy csapat katona, \u2014 legkevesebben \u00f6tsz\u00e1zan lehettek \u2014 t\u00fczelni kezdett re\u00e1nk. Utasom c\u00e9lba vette a t\u00e1rsas\u00e1got g\u00e9pfegyverrel. \u00dagy futottak sz\u00e9jjel, mint a bolyb\u00f3l kivert hangy\u00e1k. Pokolian mulats\u00e1gos volt ez a jelenet fel\u00fclr\u0151l. Hazamenet, \u00fatk\u00f6zben sok ponyvas\u00e1tort l\u00e1ttunk. Az utasom intett, hogy k\u00f6r\u00f6zgessek felett\u00fck \u00e9s elkezdte kelepeltetni a g\u00e9pfegyvert. Alulr\u00f3l n\u00e9gy helyr\u0151l is feleltek r\u00e1:. De a s\u00e1trak p\u00e1r perc alatt ki\u00fcr\u00fcltek, mert a szerencs\u00e9tlenek a fel\u00fclr\u0151l j\u00f6v\u0151 ac\u00e9les\u0151 el\u0151l nem tudtak elb\u00fajni, h\u00e1t szaladtak, ki merre l\u00e1tott. Utasom leadta az eg\u00e9sz k\u00e9szlet\u00e9t: vagy nyolcsz\u00e1z t\u00f6lt\u00e9nyt. T\u00f6bb nem volt, h\u00e1t hazament\u00fcnk.<br \/>\nXI. 4. Kaptunk egy \u00faj pil\u00f3t\u00e1t \u00e9s \u00faj megfigyel\u0151: tisztet. Els\u0151 rep\u00fcl\u00e9s\u00fcket a trebinjei \u00fctk\u00f6zetn\u00e9l v\u00e9gezt\u00e9k egy\u00fctt. \u00c9n is ott rep\u00fcltem aznap. H\u00e1rom g\u00e9ppel voltunk, mindent \u00f6sszerep\u00fcltem \u00e9s csak az egyik g\u00e9ppel tal\u00e1lkoztam. M\u00e1snap besz\u00e9lte utasom, Piller f\u0151hadnagy, hogy az elfogott crnagorcok vallom\u00e1sa szerint n\u00e1luk az a parancs: ha rep\u00fcl\u0151g\u00e9pet l\u00e1tnak, akinek csak fegyvere van, annak l\u0151ni kell r\u00e1. Mikor mi t\u00fczelt\u00fcnk r\u00e1juk a g\u00e9pfegyverb\u0151l, sok t\u00fcz\u00e9r\u00fck meghalt, m\u00e9g t\u00f6bbet megsebezt\u00fcnk, sokan eldobt\u00e1k fegyver\u00fcket \u00e9s \u00fagy menek\u00fcltek. Azt is besz\u00e9lik a foglyok, hogy ha ellens\u00e9ges rep\u00fcl\u0151g\u00e9p j\u00f6n a raj vonaluk f\u00f6l\u00e9, a leg\u00e9nys\u00e9g megtagadja az engedelmess\u00e9get, mert a fel\u00fclr\u0151l j\u00f6v\u0151 goly\u00f3k el\u0151l nem lehet elb\u00fajni.<br \/>\nXI. 6. Reggel a Lovcsen felett felder\u00edt\u0151 szolg\u00e1latot v\u00e9geztem, ballon-\u00fcld\u00f6z\u0151 \u00e1gy\u00faval l\u00f6v\u00f6ld\u00f6ztek r\u00e1nk. De ezek a h\u00edres aviatikuskerget\u0151 szersz\u00e1mok, b\u00e1rmennyit is \u00edrtak r\u00f3luk a lapok b\u00e9ke idej\u00e9n, nem bizonyultak, veszedelmeseknek. Mondtam is az utasomnak: A francia rep\u00fcl\u0151g\u00e9p\u00fcld\u00f6z\u0151-\u00e1gyuk \u2014 \u00fagy l\u00e1tszik , \u2014 csak hadgyakorlatokon v\u00e1lnak be, de ilyenkor, mikor t\u00e9nyleg van mit l\u0151ni, csak a fel\u00fclr\u0151l gy\u00f6ny\u00f6rk\u00f6d\u0151 aviatikusnak ny\u00fajtanak \u00e9lvezetes l\u00e1tv\u00e1nyt. J\u00f3 p\u00e1r sz\u00e1z m\u00e9terre alattunk pukkantak szerte a srapnellek. Mikor haza\u00e9rt\u00fcnk, a g\u00e9pen megint nyolc l\u00f6v\u00e9s nyom\u00e1t tal\u00e1ltuk, de ezek g\u00e9pfegyvert\u0151l sz\u00e1rmaztak.<\/p>\n<p>*<\/p>\n<p><em>Dobos Istv\u00e1n [1892-1937] t\u00e1bori pil\u00f3ta, aviatikus-\u0151rmester \u00e9s a nagy ez\u00fcst vit\u00e9zs\u00e9gi \u00e9rdemrend tulajdonosa. Nem hivat\u00e1sos \u00edr\u00f3, de \u00edr\u00e1sai egyszer\u0171, becs\u00fcletes, \u0151szinte \u00e9s sokszor kedvesen naiv megr\u00f6gz\u00edt\u00e9se azoknak a rep\u00fcl\u00e9seknek, amelyek ebben a h\u00e1bor\u00faban csaknem annyira gyakoriak, megszokottak \u00e9s \u2014 sz\u00fcks\u00e9gesek, mint ak\u00e1r a gyalogs\u00e1gi rohamok, t\u00fcz\u00e9rp\u00e1rbajok \u00e9s husz\u00e1r\u0151rj\u00e1ratok. Dobos Istv\u00e1n, mikor az \u0151 kis ig\u00e9nytelen, kusza von\u00e1s\u00fa b\u0151rnotesz\u00e1ban ezeket a f\u00f6ljegyz\u00e9seket hazahozta a frontr\u00f3l, bizony\u00e1ra nem sejtette, hogy ennek a rettenetes kataklizm\u00e1nak a t\u00f6rt\u00e9net\u00e9hez hordott be egy \u00e9rt\u00e9kes, b\u00e1r kicsiny mozaikot. A h\u00edres \u00e9s h\u00edress\u00e9 v\u00e1l\u00f3 hadi \u00edr\u00f3k hangulatos \u00e9s m\u0171v\u00e9szi \u00edr\u00e1sk\u00e9szs\u00e9g\u00e9t ne keress\u00fck ezeken a lapokon. Nincsenek itt d\u00f6nt\u0151 jelent\u0151s\u00e9g\u0171 \u00e9s fordul\u00f3pontokk\u00e9nt kiemelked\u0151 t\u00f6rt\u00e9n\u00e9sek sem: de megismerj\u00fck a rep\u00fcl\u0151 katon\u00e1k mindennapos \u00e9letet. \u00c9s megelevenedik el\u0151tt\u00fcnk a harci aviatikusok nemes, \u00f6nzetlen, nobilis\u00e1n nyugodt, olthatatlan amb\u00edci\u00f3j\u00fa \u00e9s mindenekel\u0151tt ragyog\u00f3an uj \u00e9s korszer\u0171 t\u00edpusa. <strong>(Fej\u00e9r Imre)<\/strong><\/em><\/p>\n<p><em><strong>Forr\u00e1s: ATHENAEUM R.-T. KIAD\u00c1SA , Budapest \/ 1916<\/strong><\/em><\/p>\n","protected":false},"excerpt":{"rendered":"<p>Rep\u00fcl\u0151g\u00e9ppel a fronton \/\u00a0Egy hadipil\u00f3ta feljegyz\u00e9sei Rep\u00fcl\u0151g\u00e9pen Cetinje \u00e9s a Lovcsen f\u00f6l\u00f6tt Nek\u00fcnk is kereszt\u00fcl kellett esni a regrutasoron, a kezdet neh\u00e9zs\u00e9gein. Fontosabb feladatokat csak akkor mert r\u00e1nk b\u00edzni a kapit\u00e1nyunk, miut\u00e1n m\u00e1r meggy\u0151z\u0151d\u00f6tt r\u00f3la, hogy tisztess\u00e9gesen tudunk rep\u00fclni \u00e9s \u2014 amire m\u00e9g nagyobb s\u00falyt helyezett \u2014 van benn\u00fcnk el\u00e9g akarater\u0151 \u00e9s \u00f6nfegyelmezetts\u00e9g az adott [&hellip;]<\/p>\n","protected":false},"author":3,"featured_media":0,"comment_status":"open","ping_status":"open","sticky":false,"template":"","format":"standard","meta":{"_monsterinsights_skip_tracking":false,"_monsterinsights_sitenote_active":false,"_monsterinsights_sitenote_note":"","_monsterinsights_sitenote_category":0,"ngg_post_thumbnail":0,"footnotes":""},"categories":[13,137],"tags":[],"class_list":["post-53665","post","type-post","status-publish","format-standard","hentry","category-dokumentum","category-szaz-ev-nagy-haboru"],"_links":{"self":[{"href":"https:\/\/ujkafe.website\/index.php?rest_route=\/wp\/v2\/posts\/53665","targetHints":{"allow":["GET"]}}],"collection":[{"href":"https:\/\/ujkafe.website\/index.php?rest_route=\/wp\/v2\/posts"}],"about":[{"href":"https:\/\/ujkafe.website\/index.php?rest_route=\/wp\/v2\/types\/post"}],"author":[{"embeddable":true,"href":"https:\/\/ujkafe.website\/index.php?rest_route=\/wp\/v2\/users\/3"}],"replies":[{"embeddable":true,"href":"https:\/\/ujkafe.website\/index.php?rest_route=%2Fwp%2Fv2%2Fcomments&post=53665"}],"version-history":[{"count":0,"href":"https:\/\/ujkafe.website\/index.php?rest_route=\/wp\/v2\/posts\/53665\/revisions"}],"wp:attachment":[{"href":"https:\/\/ujkafe.website\/index.php?rest_route=%2Fwp%2Fv2%2Fmedia&parent=53665"}],"wp:term":[{"taxonomy":"category","embeddable":true,"href":"https:\/\/ujkafe.website\/index.php?rest_route=%2Fwp%2Fv2%2Fcategories&post=53665"},{"taxonomy":"post_tag","embeddable":true,"href":"https:\/\/ujkafe.website\/index.php?rest_route=%2Fwp%2Fv2%2Ftags&post=53665"}],"curies":[{"name":"wp","href":"https:\/\/api.w.org\/{rel}","templated":true}]}}