
{"id":53964,"date":"2016-08-27T05:54:34","date_gmt":"2016-08-27T05:54:34","guid":{"rendered":"https:\/\/ujkafe.website\/?p=53964"},"modified":"2016-08-27T05:54:34","modified_gmt":"2016-08-27T05:54:34","slug":"szaz-ev-nagy-haboru-kassay-janos-torzsormester-passzioja","status":"publish","type":"post","link":"https:\/\/ujkafe.website\/?p=53964","title":{"rendered":"Sz\u00e1z \u00e9v &#8211; nagy h\u00e1bor\u00fa: Kassay J\u00e1nos t\u00f6rzs\u0151rmester passzi\u00f3ja"},"content":{"rendered":"<div id=\"attachment_53966\" style=\"width: 635px\" class=\"wp-caption alignnone\"><a href=\"https:\/\/ujkafe.website\/wp-content\/uploads\/2016\/08\/kassayjanos_amegfigyelo-romanfront-1916.jpg\"><img loading=\"lazy\" decoding=\"async\" aria-describedby=\"caption-attachment-53966\" class=\"wp-image-53966\" src=\"https:\/\/ujkafe.website\/wp-content\/uploads\/2016\/08\/kassayjanos_amegfigyelo-romanfront-1916.jpg\" alt=\"kassayjanos_amegfigyelo - romanfront-1916\" width=\"625\" height=\"492\" srcset=\"https:\/\/ujkafe.website\/wp-content\/uploads\/2016\/08\/kassayjanos_amegfigyelo-romanfront-1916.jpg 900w, https:\/\/ujkafe.website\/wp-content\/uploads\/2016\/08\/kassayjanos_amegfigyelo-romanfront-1916-300x236.jpg 300w\" sizes=\"auto, (max-width: 625px) 100vw, 625px\" \/><\/a><p id=\"caption-attachment-53966\" class=\"wp-caption-text\"><em>Kassay J\u00e1nos: A megfigyel\u0151 &#8211; Azonban ez el\u00e9g vesz\u00e9lyes, mert innen b\u00e1rmely percben lel\u0151hetik&#8230; Rom\u00e1n front, 1916<\/em><\/p><\/div>\n<p>Az els\u0151 vil\u00e1gh\u00e1bor\u00faba mozg\u00f3s\u00edtott magyarherm\u00e1nyi hentesleg\u00e9nyt, becs\u00fcletes nev\u00e9n Kassay J\u00e1nost, akinek a nagy h\u00e1bor\u00fa \u00e9veib\u0151l \u00e9s esem\u00e9nyeir\u0151l k\u00e9sz\u00edtett \u2013 ut\u00f3dai j\u00f3volt\u00e1b\u00f3l r\u00e1nk maradt \u2013 k\u00e9peib\u0151l t\u00f6bbsz\u00f6r is l\u00e1tni lehetett j\u00f3p\u00e1r tucatot ki\u00e1ll\u00edt\u00f3termek falain,\u00a0a k\u00edv\u00e1ncsis\u00e1g\u00e1n \u00e9s szem\u00e9lyis\u00e9g\u00e9t jellemz\u0151 alkot\u00f3 amb\u00edci\u00f3j\u00e1n k\u00edv\u00fcl tudtunkkal senki \u00e9s semmi nem \u00f6szt\u00f6n\u00f6zte k\u00fcl\u00f6n\u00f6sk\u00e9ppen arra, hogy kr\u00f3nik\u00e1sa legyen h\u00e1bor\u00fas k\u00f6z\u00f6ss\u00e9g\u00e9nek, harcost\u00e1rsainak.<br \/>\nDe milyen j\u00f3, hogy m\u00e9gis megtette!<!--more--><br \/>\nNem az\u00e9rt, mintha ne akadt volna abban a korban el\u00e9g, hozz\u00e1 hasonl\u00f3 \u00e9rdekl\u0151d\u00e9s\u0171, kezdem\u00e9nyez\u0151 szellem\u0171 ember. Ahogy t\u00e1volodunk \u2013 \u00e9s hogy t\u00e1volodunk! \u2013 az esem\u00e9nyt\u0151l id\u0151ben, \u00fagy bukkannak fel, mind s\u0171r\u0171bb gyakoris\u00e1ggal az ismeretlens\u00e9gb\u0151l azok a dokumentumok, melyek r\u00e9v\u00e9n hozz\u00e1vet\u0151legesen val\u00f3s k\u00e9pet nyerhet\u00fcnk a sz\u00e1z \u00e9vvel ezel\u0151tt t\u00f6rt\u00e9ntekr\u0151l \u2013 el\u0151deinkr\u0151l, harcmodorukr\u00f3l, a harcok helysz\u00edneir\u0151l, viselet\u00fckr\u0151l, fegyverzet\u00fckr\u0151l; mindarr\u00f3l, amir\u0151l a t\u00f6rt\u00e9nelem megpr\u00f3b\u00e1l objekt\u00edven \u00e9s argument\u00e1ltan besz\u00e1molni.<br \/>\nAz igazs\u00e1ghoz tartozik, hogy amikor a nagy h\u00e1bor\u00fa kit\u00f6r\u00e9s\u00e9nek ideje bek\u00f6sz\u00f6nt\u00f6tt, a fotogr\u00e1fia gyakorlatilag m\u00e1r t\u00fal volt f\u00e9l \u00e9vsz\u00e1zados m\u00faltj\u00e1n. Ma ezt \u00fagy mondan\u00e1nk: sikeresen befutott.<br \/>\nRoger Fenton angol f\u00e9nyk\u00e9pez\u0151 1855-ben m\u00e9g h\u00e1rom l\u00f3 vontatta kocsival, 36 l\u00e1d\u00e1nyi felszerel\u00e9ssel \u00e9rkezett a kr\u00edmi h\u00e1bor\u00fa meg\u00f6r\u00f6k\u00edt\u00e9s\u00e9re. Hasonl\u00f3k\u00e9ppen szek\u00e9rder\u00e9knyi volt Szathm\u00e1ri Pap K\u00e1roly hadif\u00e9nyk\u00e9pez\u0151 felszerel\u00e9se, amivel a f\u00fcggetlens\u00e9gi h\u00e1bor\u00faban r\u00e9sztvev\u0151 csapatokat fotograf\u00e1lta.<br \/>\nAz els\u0151 vil\u00e1gh\u00e1bor\u00faban a fotogr\u00e1fusi szekerek hely\u00e9t \u00e1tvette a k\u00f6nnyed\u00e9n k\u00e9zbe simul\u00f3 \u201ekodak\u201d masina.<br \/>\nA huszadik sz\u00e1zad t\u00edzes \u00e9veir\u0151l kider\u00fclt tov\u00e1bb\u00e1, m\u00e9ghozz\u00e1 nem is olyan r\u00e9gen, hogy a f\u00e9nyk\u00e9pez\u00e9sben eg\u00e9szen el\u0151rehaladott \u00e1llapotok jellemezt\u00e9k.<br \/>\nR\u00e9g\u00f3ta nem titok p\u00e9ld\u00e1ul, hogy a sz\u00ednes f\u00e9nyk\u00e9pez\u00e9s cs\u00f6ppet sem huszadik sz\u00e1zadi tal\u00e1lm\u00e1ny, ugyanis m\u00e1r a 19. sz\u00e1zad v\u00e9g\u00e9n is k\u00e9sz\u00edtettek min\u0151s\u00e9gi sz\u00ednes fot\u00f3kat, &#8211; igaz, hogy n\u00e9mileg kezdetleges k\u00f6r\u00fclm\u00e9nyek k\u00f6z\u00f6tt. A k\u00e9pre sz\u00e1nt l\u00e1tv\u00e1nynak ugyanis nem volt szabad bemozdulnia, k\u00fcl\u00f6nben a felv\u00e9tel \u00e9less\u00e9ge odalett. Ez\u00e9rt els\u0151sorban be\u00e1ll\u00edtott jelenetek ker\u00fcltek f\u00e9ny\u00e9rz\u00e9keny \u00fcveglemezre, amelyek merevv\u00e9, \u00e1m ugyanakkor pontoss\u00e1 tett\u00e9k a k\u00e9pet. Fot\u00f3t\u00f6rt\u00e9n\u00e9szek \u00fagy tudt\u00e1k, hogy az els\u0151 vil\u00e1gh\u00e1bor\u00fa idej\u00e9n egy francia fotogr\u00e1fus, <em>Jules Gervais-Courtellemont<\/em> dokument\u00e1lta sz\u00ednesben a marne-i \u00e9s verduni csat\u00e1kat, k\u00e9pei albumokban l\u00e1ttak napvil\u00e1got. A huszadik sz\u00e1zad v\u00e9g\u00e9n viszont kider\u00fclt, hogy francia t\u00e1rsukkal egy id\u0151ben, n\u00e9met f\u00e9nyk\u00e9p\u00e9szek is hasonl\u00f3 feladatnak tettek eleget, amikor napf\u00e9nyre ker\u00fcltek <em>Hans Hildenbrand<\/em> sz\u00ednes h\u00e1bor\u00fas felv\u00e9telei. \u0150 volt az egyetlen a h\u00e1bor\u00fa meg\u00f6r\u00f6k\u00edt\u00e9s\u00e9vel megb\u00edzott 19 hivatalos n\u00e9met fotogr\u00e1fus k\u00f6z\u00fcl, aki sz\u00ednes fot\u00f3kat hagyott az ut\u00f3korra a nagy h\u00e1bor\u00fab\u00f3l.<br \/>\nMindennek tudat\u00e1ban, nem tekinthet\u0151 teh\u00e1t szenz\u00e1ci\u00f3nak az a t\u00e9ny, hogy Kassay J\u00e1nos r\u00e9v\u00e9n az erd\u00e9lyi \u2013 K\u00e1rp\u00e1t-medencei \u2013 fotogr\u00e1fiai \u00f6r\u00f6ks\u00e9g kor\u00e1bban nem ismert relikvi\u00e1kkal gazdagodott. A h\u00e1bor\u00fa ugyanis a huszadik sz\u00e1zadnak \u00e9ppen arra az id\u0151szelet\u00e9re esett, amikor a rohamosan fejl\u0151d\u0151 \u00e9s t\u00f6k\u00e9letesed\u0151 fot\u00f3-technika r\u00e9v\u00e9n, a fotograf\u00e1l\u00e1s fokozatosan t\u00f6megmozgalomm\u00e1 tereb\u00e9lyesedett, s vil\u00e1gszerte szenz\u00e1ci\u00f3s esem\u00e9nyek, turistal\u00e1tv\u00e1nyoss\u00e1gok, mag\u00e1n\u00e9leti vonatkoz\u00e1sok ker\u00fcltek \u00fcveglemezre, majd k\u00e9s\u0151bb celluloidra. M\u0171k\u00f6dni kezdtek az el\u0151h\u00edv\u00f3 m\u0171helyek, s vel\u00fck egy\u00fctt beindult a fot\u00f3 m\u00e1ig tart\u00f3, \u00faj \u00e9s \u00faj hull\u00e1mokat ver\u0151 divatja. A Wikip\u00e9dia fot\u00f3t\u00f6rt\u00e9neti sz\u00f3cikke szerint az <em>\u201eEastman Kodak Company t\u00f6bb, mint egy \u00e9vsz\u00e1zadra bebetonozta mag\u00e1t a vezet\u0151 fotogr\u00e1fiai c\u00e9gek k\u00f6z\u00e9, mely iparnak a XIX-XX. sz\u00e1zad fordul\u00f3j\u00e1n, illetve a XX. sz\u00e1zad els\u0151 \u00e9vtizedeiben gyakorlatilag egyeduralkod\u00f3ja volt. A Kodak \u00e1ltal bevezetett \u00faj\u00edt\u00e1sok \u00e9s \u00fczleti modell a fotogr\u00e1fi\u00e1t a tehet\u0151sebbek sz\u00f3rakoz\u00e1s\u00e1b\u00f3l, illetve k\u00fcl\u00f6nleges st\u00e1tusz\u00e1b\u00f3l k\u00f6znapiv\u00e1 \u00e9s szinte b\u00e1rki sz\u00e1m\u00e1ra el\u00e9rhet\u0151v\u00e9 tette.\u201d<\/em><br \/>\nKassay mester val\u00f3sz\u00edn\u0171leg a saj\u00e1t megtakar\u00edtott p\u00e9nz\u00e9n tett szert fiatalon fotograf\u00e1l\u00f3 masin\u00e1ra, amely h\u0171s\u00e9gesen bej\u00e1rta vele a harctereket \u00e9s a gal\u00edciai fogolyt\u00e1bort \u2013 ahonnan azt\u00e1n, s\u00falyos betegs\u00e9g\u00e9t lek\u00fczdve, kimenek\u00edtette h\u0171s\u00e9ges rabt\u00e1rs\u00e1t is, akinek k\u00e9s\u0151bbi unszol\u00e1s\u00e1ra annak sz\u00fcl\u0151faluj\u00e1ban, Gyergy\u00f3alfaluban telepedett meg \u201eminden vagyon\u00e1val \u2013 k\u00e9t l\u00e1da k\u00f6nyvvel \u00e9s m\u00e9sz\u00e1ros szersz\u00e1maival. Ott azt\u00e1n h\u00e1zass\u00e1got k\u00f6t\u00f6tt \u00e9s v\u00e9gleg letelepedett. M\u00f3dos \u00e9s megbecs\u00fclt ember lett a faluban \u2013 r\u00f6vid id\u0151 m\u00falva saj\u00e1t hentes\u00fczlete volt \u00e9s cs\u00e9pl\u0151g\u00e9pe. 1960 j\u00fanius\u00e1ban halt meg\u201d \u2013 foglalta \u00f6ssze r\u00f6viden fotogr\u00e1fusunk \u00e9letp\u00e1ly\u00e1j\u00e1t ama versesk\u00f6tet szerkeszt\u0151je, mely <em>Frontversek<\/em> c\u00edmmel jelent meg 1999-ben a Pallas-Akad\u00e9mia kiad\u00f3n\u00e1l, s amely Kassay J\u00e1nosnak a h\u00e1bor\u00faban \u00e9s a fogs\u00e1gban \u00edrt f\u00fczet\u00e9nek anyag\u00e1t tartalmazta. (A versek mellett a h\u00e1bor\u00fas fotogr\u00e1fi\u00e1kb\u00f3l is kapunk benne n\u00e9mi \u00edzel\u00edt\u0151t, b\u00e1r az akkori k\u00f6zl\u00e9s ink\u00e1bb m\u00e9g csak illusztr\u00e1ci\u00f3s, hangulati mell\u00e9kszerepet t\u00f6lt\u00f6tt be.)<\/p>\n<p><a href=\"https:\/\/ujkafe.website\/wp-content\/uploads\/2016\/08\/frontversek.jpg\"><img loading=\"lazy\" decoding=\"async\" class=\"alignnone  wp-image-53967\" src=\"https:\/\/ujkafe.website\/wp-content\/uploads\/2016\/08\/frontversek.jpg\" alt=\"frontversek\" width=\"299\" height=\"543\" srcset=\"https:\/\/ujkafe.website\/wp-content\/uploads\/2016\/08\/frontversek.jpg 496w, https:\/\/ujkafe.website\/wp-content\/uploads\/2016\/08\/frontversek-165x300.jpg 165w\" sizes=\"auto, (max-width: 299px) 100vw, 299px\" \/><\/a><br \/>\nA frontk\u00e9pek ki\u00e1ll\u00edt\u00e1s\u00e1nak \u00f6tlete m\u00e1r az ezredfordul\u00f3 ut\u00e1n sz\u00fcletett meg a szerz\u0151 unok\u00e1j\u00e1nak fej\u00e9ben, amikor is Kassay L. P\u00e9ter 2012 m\u00e1jus\u00e1ban a bar\u00f3ti Erd\u0151vid\u00e9k M\u00fazeumnak aj\u00e1nlotta fel nagyapja k\u00e9peinek k\u00f6z\u00f6ns\u00e9g el\u00e9 t\u00e1r\u00e1s\u00e1t. A ki\u00e1ll\u00edt\u00e1snak sikere volt, s m\u00e9g ugyanabban az \u00e9vben augusztusban Hajd\u00fab\u00f6sz\u00f6rm\u00e9nyben is megrendez\u00e9sre ker\u00fclt, a IX. Hajd\u00fah\u00e9t rendezv\u00e9nyeinek keret\u00e9ben. 2013 m\u00e1jus\u00e1ban Kov\u00e1szn\u00e1n a m\u0171vel\u0151d\u00e9si h\u00e1z el\u0151csarnok\u00e1ban volt l\u00e1that\u00f3 \u00f6tvennyolc Kassay-f\u00e9le fotogr\u00e1fia az els\u0151 vil\u00e1gh\u00e1bor\u00fa rom\u00e1niai, oroszorsz\u00e1gi hadsz\u00edntereir\u0151l, Ojtoz-v\u00f6lgyi esem\u00e9nyeir\u0151l.<br \/>\n2014. j\u00falius 28-\u00e1n a cs\u00edkszeredai Sz\u00e9kelyf\u00f6ld Gal\u00e9ri\u00e1ban \u00e1ll\u00edtottak ki Kassay k\u00e9peib\u0151l, az \u00e9v szeptember\u00e9ben pedig a gyergy\u00f3szentmikl\u00f3si Tariszny\u00e1s M\u00e1rton m\u00fazeum adott otthont a frontk\u00e9peknek. 2015 febru\u00e1rj\u00e1ban alul\u00edrottnak volt alkalma bemutatni e ki\u00e1ll\u00edt\u00e1st a sepsiszentgy\u00f6rgyi Bod P\u00e9ter K\u00f6nyvt\u00e1r G\u00e1bor \u00c1ron term\u00e9ben, ahol az els\u0151 vil\u00e1gh\u00e1bor\u00fara val\u00f3 eml\u00e9kez\u00e9s kapcs\u00e1n k\u00f6nyvbemutat\u00f3t is tartottunk Koszta Istv\u00e1n hadt\u00f6rt\u00e9n\u00e9sz A sors kereke a v\u00e9gzetre forog? c\u00edm\u0171 munk\u00e1j\u00e1r\u00f3l.<br \/>\nKassay J\u00e1nos k\u00e9pei eszerint n\u00e9h\u00e1ny esztend\u0151 leforg\u00e1sa alatt bej\u00e1rt\u00e1k a sz\u00e9kelyf\u00f6ld fontosabb r\u00e9gi\u00f3it, s most Marosv\u00e1s\u00e1rhelyre is elker\u00fcltek, egy rangos hadtudom\u00e1nyi tan\u00e1cskoz\u00e1snak m\u00e9lt\u00f3 hangulati keretet teremteni.<br \/>\nAz, hogy ma ilyen gy\u0171jtem\u00e9nynek \u00f6rvendhet\u00fcnk, a v\u00e9letlenek szerencs\u00e9s l\u00e1ncolat\u00e1n t\u00fal mindenek el\u0151tt annak k\u00f6sz\u00f6nhet\u0151, hogy a sz\u00e1z \u00e9vvel ezel\u0151tti, monarchiabeli szellemi \u00e9letben l\u00e9tezett egy tudatos t\u00f6rekv\u00e9s is arra n\u00e9zve, hogy ak\u00e1r a fotogr\u00e1fiai amat\u0151rizmust is beemelj\u00e9k az alkot\u00f3 t\u00e9rbe.<\/p>\n<p><a href=\"https:\/\/ujkafe.website\/wp-content\/uploads\/2016\/08\/kassay-ki\u00e1llit2.jpg\"><img loading=\"lazy\" decoding=\"async\" class=\"alignnone size-full wp-image-53968\" src=\"https:\/\/ujkafe.website\/wp-content\/uploads\/2016\/08\/kassay-ki\u00e1llit2.jpg\" alt=\"kassay ki\u00e1llit2\" width=\"625\" height=\"442\" srcset=\"https:\/\/ujkafe.website\/wp-content\/uploads\/2016\/08\/kassay-ki\u00e1llit2.jpg 625w, https:\/\/ujkafe.website\/wp-content\/uploads\/2016\/08\/kassay-ki\u00e1llit2-300x212.jpg 300w\" sizes=\"auto, (max-width: 625px) 100vw, 625px\" \/><\/a><br \/>\nNem v\u00e9letlen s t\u00e1volr\u00f3l sem egyed\u00fcli p\u00e9lda az \u00c9rdekes \u00dajs\u00e1g\u00e9 (amely 1913-1925 k\u00f6z\u00f6tt jelent meg): a hetilap, m\u00e1s lapokhoz hasonl\u00f3an(Vas\u00e1rnapi \u00dajs\u00e1g, Pesti Napl\u00f3 stb.), rendszeresen k\u00f6z\u00f6lt fot\u00f3riportokat, front-tud\u00f3s\u00edt\u00e1sokat, s 1915-ben m\u00e1r m\u00e1sodszor szervezte meg nagy visszhangot keltett, 3000 koron\u00e1s amat\u0151r fot\u00f3p\u00e1ly\u00e1zat\u00e1t \u201elegszenz\u00e1ci\u00f3sabb \u00e9s legfrissebb harct\u00e9ri felv\u00e9telekre\u201d. A m\u00e1sodik p\u00e1ly\u00e1zat az els\u0151 siker\u00e9re \u00e9p\u00edtett, amikor is t\u00f6bb mint 1500 p\u00e1lyamunka \u00e9rkezett be. A p\u00e1ly\u00e1zatok anyag\u00e1b\u00f3l azt\u00e1n a lapkiad\u00f3, d\u00edszes k\u00f6t\u00e9sben, albumonk\u00e9nt egy-egy tucat siker\u00fclt fot\u00f3val, nagy sikert aratott h\u00e1bor\u00fas albumokat \u00e1ll\u00edtott \u00f6ssze, amelyek a tekint\u00e9lyes d\u00edjakra sz\u00e1nt \u00f6sszegeket hamarosan visszat\u00e9r\u00edtett\u00e9k.<br \/>\n\u00c9rdekess\u00e9gk\u00e9ppen:\u00a0az els\u0151 d\u00edjazott mark\u00e1t 1000 korona \u00fct\u00f6tte, a m\u00e1sodik d\u00edjazott 300, a harmadik pedig 100 koron\u00e1t kapott, ami el\u00e9g sz\u00e9p summa volt azokban az id\u0151kben, amikor \u00a01915-ben a marosv\u00e1s\u00e1rhelyi piaci \u00e1rak a k\u00f6vetkez\u0151k\u00e9ppen alakultak: a marhab\u00e9lsz\u00edn kil\u00f3ja 6 K, csirkeh\u00fas 3 K, cukor 1 K 60 f, sz\u00e1raz paszuly 50 f, v\u00f6r\u00f6s hagyma 60 f, 1 liter tejf\u00f6l 1 K 60 f, 1 m\u00e9term\u00e1zsa v\u00e1gott fa 5 K, egy szek\u00e9r sz\u00e9kely fa feketepiaci \u00e1ron 32-44\u00a0K-ig terjedt.<\/p>\n<p><a href=\"https:\/\/ujkafe.website\/wp-content\/uploads\/2016\/08\/haborusarak.jpg\"><img loading=\"lazy\" decoding=\"async\" class=\"alignnone  wp-image-53969\" src=\"https:\/\/ujkafe.website\/wp-content\/uploads\/2016\/08\/haborusarak.jpg\" alt=\"haborusarak\" width=\"458\" height=\"640\" srcset=\"https:\/\/ujkafe.website\/wp-content\/uploads\/2016\/08\/haborusarak.jpg 704w, https:\/\/ujkafe.website\/wp-content\/uploads\/2016\/08\/haborusarak-215x300.jpg 215w\" sizes=\"auto, (max-width: 458px) 100vw, 458px\" \/><\/a><br \/>\nAz amat\u0151r, \u00f6nk\u00e9ntes fotogr\u00e1fusok mozg\u00f3s\u00edt\u00e1sa a harci jelenetek meg\u00f6r\u00f6k\u00edt\u00e9s\u00e9re a maga idej\u00e9ben nyilv\u00e1nval\u00f3an \u00fczleti \u00e9rdekeket szolg\u00e1lt \u2013 hasznot h\u00fazni ak\u00e1r a vil\u00e1g\u00e9g\u00e9s rettenet\u00e9b\u0151l is \u2013 , sz\u00e1z \u00e9v t\u00e1vlat\u00e1b\u00f3l viszont, a sz\u00e9p sz\u00e1m\u00fa professzionista f\u00e9nyk\u00e9p\u00e9sz ragyog\u00f3 munk\u00e1i mellett \u2013 hogy t\u00e9rs\u00e9g\u00fcnkben hirtelen csak <em>Balogh Rudolfot, Andr\u00e9 Kert\u00e9szt, Vidar\u00e9ny Iv\u00e1nt<\/em> vagy az \u00f3kir\u00e1lys\u00e1gbeli <em>Costica Acsente<\/em> pil\u00f3t\u00e1b\u00f3l lett haditud\u00f3s\u00edt\u00f3t eml\u00edts\u00fck, akik nem csup\u00e1n v\u00e9gigdokument\u00e1lt\u00e1k a nagy h\u00e1bor\u00fat, de az abb\u00f3l ihlet\u0151d\u00f6tt l\u00e1tv\u00e1nyb\u00f3l alkottak maradand\u00f3 fotogr\u00e1fiai m\u0171veket.<br \/>\nA Kassay J\u00e1nos-f\u00e9le teljes\u00edtm\u00e9nyekkel kapcsolatban k\u00e9t fajta szeml\u00e9letet ismer\u00fcnk: az egyik azon kesereg, hogy mennyi hozz\u00e1 hasonl\u00f3 emberi teljes\u00edtm\u00e9ny, dokumentum v\u00e1lt semmiv\u00e9, pusztult el a kell\u0151 \u00e9rdekl\u0151d\u00e9s hi\u00e1nya miatt az id\u0151k vihar\u00e1ban, a m\u00e1sik \u00e9pp ellenkez\u0151leg \u2013 \u00f6rvendezni tud a legapr\u00f3bb felfedez\u00e9snek is, amivel ha csak kis l\u00e9ptekben is, de m\u00faltunk dokument\u00e1ci\u00f3ja gazdagodik, kieg\u00e9sz\u00fcl.<\/p>\n<div id=\"attachment_53970\" style=\"width: 434px\" class=\"wp-caption alignnone\"><a href=\"https:\/\/ujkafe.website\/wp-content\/uploads\/2016\/08\/utaszok_baloghrudolf.jpg\"><img loading=\"lazy\" decoding=\"async\" aria-describedby=\"caption-attachment-53970\" class=\"wp-image-53970 size-full\" src=\"https:\/\/ujkafe.website\/wp-content\/uploads\/2016\/08\/utaszok_baloghrudolf.jpg\" alt=\"utaszok_baloghrudolf\" width=\"424\" height=\"431\" srcset=\"https:\/\/ujkafe.website\/wp-content\/uploads\/2016\/08\/utaszok_baloghrudolf.jpg 424w, https:\/\/ujkafe.website\/wp-content\/uploads\/2016\/08\/utaszok_baloghrudolf-295x300.jpg 295w\" sizes=\"auto, (max-width: 424px) 100vw, 424px\" \/><\/a><p id=\"caption-attachment-53970\" class=\"wp-caption-text\">Balogh Rudolf: Ut\u00e1szok (Vas\u00e1rnapi \u00dajs\u00e1g)<\/p><\/div>\n<p>Az \u00e9let furcsa j\u00e1t\u00e9kot j\u00e1tszik az emberis\u00e9ggel, az egym\u00e1st v\u00e1lt\u00f3 nemzed\u00e9kekkel. Ki hitte volna, hogy a Titanicon zajl\u00f3 civil \u00e9letr\u0151l 1985-ben, annyi \u00e9v ut\u00e1n a tragikus esem\u00e9nyt\u0151l, remek felv\u00e9telekre bukkan a k\u00e9sei ut\u00f3kor? Ekkor ker\u00fcltek el\u0151 ugyanis, teljesen v\u00e9letlen\u00fcl, <em>Francis Brown<\/em> \u00edr jezsuita szerzetes albumba szerkesztett felv\u00e9telei az \u00f3ce\u00e1nj\u00e1r\u00f3 fed\u00e9lzet\u00e9r\u0151l. Igaz, hogy a kalandszeret\u0151, szenved\u00e9lyes fotogr\u00e1fus h\u00edr\u00e9ben \u00e1ll\u00f3 szerzetes (nagyb\u00e1tyja aj\u00e1nd\u00e9kozta neki a kamer\u00e1t, amit\u0151l \u00e9lete v\u00e9g\u00e9ig nem is v\u00e1lt meg) csup\u00e1n az \u00fatvonal els\u0151 szakasz\u00e1t, az angliai Southamptonb\u00f3l az \u00edrorsz\u00e1gi Cobh-ba (akkor Queenstown volt a neve) tette meg, ahol is partra sz\u00e1llt \u2013 annak ellen\u00e9re, hogy egy bar\u00e1tja kifizette volt jegy\u00e9t eg\u00e9sz a tengerent\u00falig, s\u00fcrg\u0151s \u00fczenetet kapott rendf\u0151n\u00f6k\u00e9t\u0151l azzal a paranccsal, hogy tov\u00e1bbutaz\u00e1s helyett azonnal t\u00e9rjen vissza \u00e1llom\u00e1shely\u00e9re. Elveszett, majd el\u0151ker\u00fclt k\u00e9pei nem csup\u00e1n a t\u00e9m\u00e1juk miatt rendk\u00edv\u00fcliek: a k\u00e9pek jogait birtokl\u00f3 Bridgeman Art Library f\u0151igazgat\u00f3ja szerint \u2013 akit a Fot\u00f3m\u0171v\u00e9szet c\u00edm\u0171 lap is id\u00e9z &#8211; a felv\u00e9telek az\u00e9rt is \u00e9rt\u00e9kesek, mert megtestes\u00edtik a kort, amikor k\u00e9sz\u00fcltek. <em>\u201eFantasztikus, az adott pillanatot meg\u00f6r\u00f6k\u00edt\u0151 arch\u00edv min\u0151s\u00e9g\u0171ek\u201d. A f\u00e9nyk\u00e9pek k\u00e9s\u0151bb mint\u00e1ul szolg\u00e1ltak a Titanic-film d\u00edszlettervez\u00e9s\u00e9hez, s egyszerre ragadj\u00e1k meg egy \u00f3ce\u00e1nj\u00e1r\u00f3 \u00e9let\u00e9nek apr\u00f3l\u00e9kos r\u00e9szleteit \u2014 a j\u00f3l kihaszn\u00e1lt edz\u0151termet, a j\u00e1tsz\u00f3 gyermeket, a kik\u00f6t\u0151h\u00eddon \u00e1tkel\u0151 utasokat \u2014 \u00e9s a haj\u00f3 eg\u00e9sz\u00e9t is.&#8221;<\/em><\/p>\n<div id=\"attachment_53971\" style=\"width: 635px\" class=\"wp-caption alignnone\"><a href=\"https:\/\/ujkafe.website\/wp-content\/uploads\/2016\/08\/titanicelindulnewyorkba.jpg\"><img loading=\"lazy\" decoding=\"async\" aria-describedby=\"caption-attachment-53971\" class=\"wp-image-53971\" src=\"https:\/\/ujkafe.website\/wp-content\/uploads\/2016\/08\/titanicelindulnewyorkba.jpg\" alt=\"titanicelindulnewyorkba\" width=\"625\" height=\"461\" srcset=\"https:\/\/ujkafe.website\/wp-content\/uploads\/2016\/08\/titanicelindulnewyorkba.jpg 998w, https:\/\/ujkafe.website\/wp-content\/uploads\/2016\/08\/titanicelindulnewyorkba-300x221.jpg 300w\" sizes=\"auto, (max-width: 625px) 100vw, 625px\" \/><\/a><p id=\"caption-attachment-53971\" class=\"wp-caption-text\">Francis Brown: A Titanic New York fel\u00e9 indul (1912)<\/p><\/div>\n<p>Valami hasonl\u00f3 t\u00f6rt\u00e9nik vel\u00fcnk is, amikor egy-egy kor\u00e1bban ismeretlen fot\u00f3tan\u00fas\u00e1gr\u00f3l szerz\u00fcnk tudom\u00e1st \u00e9s l\u00e1tv\u00e1nyk\u00e9nt id\u00e9zhetj\u00fck fel magunk el\u0151tt a t\u00f6rt\u00e9nelmi k\u00f6rnyezetet, a m\u00faltbeli t\u00f6rt\u00e9n\u00e9sek k\u00f6zeg\u00e9t. Erre tan\u00edt ma benn\u00fcnket Kassay J\u00e1nos t\u00f6rzs\u0151rmester \u00e9vtizedeket \u00e1t\u00edvel\u0151 passzi\u00f3ja&#8230;<\/p>\n<p style=\"text-align: right;\"><em><strong>Cseke G\u00e1bor<\/strong><\/em><\/p>\n","protected":false},"excerpt":{"rendered":"<p>Az els\u0151 vil\u00e1gh\u00e1bor\u00faba mozg\u00f3s\u00edtott magyarherm\u00e1nyi hentesleg\u00e9nyt, becs\u00fcletes nev\u00e9n Kassay J\u00e1nost, akinek a nagy h\u00e1bor\u00fa \u00e9veib\u0151l \u00e9s esem\u00e9nyeir\u0151l k\u00e9sz\u00edtett \u2013 ut\u00f3dai j\u00f3volt\u00e1b\u00f3l r\u00e1nk maradt \u2013 k\u00e9peib\u0151l t\u00f6bbsz\u00f6r is l\u00e1tni lehetett j\u00f3p\u00e1r tucatot ki\u00e1ll\u00edt\u00f3termek falain,\u00a0a k\u00edv\u00e1ncsis\u00e1g\u00e1n \u00e9s szem\u00e9lyis\u00e9g\u00e9t jellemz\u0151 alkot\u00f3 amb\u00edci\u00f3j\u00e1n k\u00edv\u00fcl tudtunkkal senki \u00e9s semmi nem \u00f6szt\u00f6n\u00f6zte k\u00fcl\u00f6n\u00f6sk\u00e9ppen arra, hogy kr\u00f3nik\u00e1sa legyen h\u00e1bor\u00fas k\u00f6z\u00f6ss\u00e9g\u00e9nek, harcost\u00e1rsainak. De [&hellip;]<\/p>\n","protected":false},"author":3,"featured_media":0,"comment_status":"open","ping_status":"open","sticky":false,"template":"","format":"standard","meta":{"_monsterinsights_skip_tracking":false,"_monsterinsights_sitenote_active":false,"_monsterinsights_sitenote_note":"","_monsterinsights_sitenote_category":0,"ngg_post_thumbnail":0,"footnotes":""},"categories":[120,5,137],"tags":[],"class_list":["post-53964","post","type-post","status-publish","format-standard","hentry","category-essze","category-foto","category-szaz-ev-nagy-haboru"],"_links":{"self":[{"href":"https:\/\/ujkafe.website\/index.php?rest_route=\/wp\/v2\/posts\/53964","targetHints":{"allow":["GET"]}}],"collection":[{"href":"https:\/\/ujkafe.website\/index.php?rest_route=\/wp\/v2\/posts"}],"about":[{"href":"https:\/\/ujkafe.website\/index.php?rest_route=\/wp\/v2\/types\/post"}],"author":[{"embeddable":true,"href":"https:\/\/ujkafe.website\/index.php?rest_route=\/wp\/v2\/users\/3"}],"replies":[{"embeddable":true,"href":"https:\/\/ujkafe.website\/index.php?rest_route=%2Fwp%2Fv2%2Fcomments&post=53964"}],"version-history":[{"count":0,"href":"https:\/\/ujkafe.website\/index.php?rest_route=\/wp\/v2\/posts\/53964\/revisions"}],"wp:attachment":[{"href":"https:\/\/ujkafe.website\/index.php?rest_route=%2Fwp%2Fv2%2Fmedia&parent=53964"}],"wp:term":[{"taxonomy":"category","embeddable":true,"href":"https:\/\/ujkafe.website\/index.php?rest_route=%2Fwp%2Fv2%2Fcategories&post=53964"},{"taxonomy":"post_tag","embeddable":true,"href":"https:\/\/ujkafe.website\/index.php?rest_route=%2Fwp%2Fv2%2Ftags&post=53964"}],"curies":[{"name":"wp","href":"https:\/\/api.w.org\/{rel}","templated":true}]}}