
{"id":54175,"date":"2016-09-04T15:58:21","date_gmt":"2016-09-04T15:58:21","guid":{"rendered":"https:\/\/ujkafe.website\/?p=54175"},"modified":"2016-09-04T15:58:21","modified_gmt":"2016-09-04T15:58:21","slug":"elhallgat-az-lgt","status":"publish","type":"post","link":"https:\/\/ujkafe.website\/?p=54175","title":{"rendered":"Elhallgat az LGT"},"content":{"rendered":"<p>Presser G\u00e1bor (Pici) kimondta a szentenci\u00e1t: az LGT v\u00e9gleg leteszi a lantot. Soml\u00f3 Tam\u00e1s hal\u00e1l\u00e1val az \u00e9letben maradt h\u00e1rmak \u00e9rtelmetlennek tal\u00e1lj\u00e1k az egy\u00fcttes tov\u00e1bbi l\u00e9t\u00e9t. Sz\u00e9p volt \u00e9s eg\u00e9sz biztosan igaz is volt, mert sziv\u00fcnkben-f\u00fcl\u00fcnkben maradt egy rak\u00e1s kedvenc mel\u00f3dia, \u00f6r\u00f6kz\u00f6ld sz\u00e1m, amit\u0151l neh\u00e9z &#8211; meg azt\u00e1n nem is akarunk &#8211; megszabadulni. Most, hogy az LGT hallgat\u00e1sba burkol\u00f3zik, tal\u00e1n m\u00e9g tiszt\u00e1bban sz\u00f3l minden, ami hangz\u00e1svil\u00e1gukban sz\u00fcletett meg.<br \/>\n&#8222;Mindenki m\u00e1sk\u00e9pp csin\u00e1lja&#8230;&#8221; Eml\u00e9keztek? \u0150k &#8211; igy csin\u00e1lt\u00e1k&#8230;<em><strong> (CsG)<\/strong><\/em><\/p>\n<p><iframe loading=\"lazy\" title=\"Mindenki m\u00e1sk\u00e9pp csin\u00e1lja\" width=\"500\" height=\"375\" src=\"https:\/\/www.youtube.com\/embed\/QW3GceyfzmE?feature=oembed\" frameborder=\"0\" allow=\"accelerometer; autoplay; clipboard-write; encrypted-media; gyroscope; picture-in-picture; web-share\" referrerpolicy=\"strict-origin-when-cross-origin\" allowfullscreen><\/iframe><\/p>\n","protected":false},"excerpt":{"rendered":"<p>Presser G\u00e1bor (Pici) kimondta a szentenci\u00e1t: az LGT v\u00e9gleg leteszi a lantot. Soml\u00f3 Tam\u00e1s hal\u00e1l\u00e1val az \u00e9letben maradt h\u00e1rmak \u00e9rtelmetlennek tal\u00e1lj\u00e1k az egy\u00fcttes tov\u00e1bbi l\u00e9t\u00e9t. Sz\u00e9p volt \u00e9s eg\u00e9sz biztosan igaz is volt, mert sziv\u00fcnkben-f\u00fcl\u00fcnkben maradt egy rak\u00e1s kedvenc mel\u00f3dia, \u00f6r\u00f6kz\u00f6ld sz\u00e1m, amit\u0151l neh\u00e9z &#8211; meg azt\u00e1n nem is akarunk &#8211; megszabadulni. Most, hogy az [&hellip;]<\/p>\n","protected":false},"author":3,"featured_media":0,"comment_status":"open","ping_status":"open","sticky":false,"template":"","format":"standard","meta":{"_monsterinsights_skip_tracking":false,"_monsterinsights_sitenote_active":false,"_monsterinsights_sitenote_note":"","_monsterinsights_sitenote_category":0,"ngg_post_thumbnail":0,"footnotes":""},"categories":[28,1],"tags":[],"class_list":["post-54175","post","type-post","status-publish","format-standard","hentry","category-dal","category-nincs-kategorizalva"],"_links":{"self":[{"href":"https:\/\/ujkafe.website\/index.php?rest_route=\/wp\/v2\/posts\/54175","targetHints":{"allow":["GET"]}}],"collection":[{"href":"https:\/\/ujkafe.website\/index.php?rest_route=\/wp\/v2\/posts"}],"about":[{"href":"https:\/\/ujkafe.website\/index.php?rest_route=\/wp\/v2\/types\/post"}],"author":[{"embeddable":true,"href":"https:\/\/ujkafe.website\/index.php?rest_route=\/wp\/v2\/users\/3"}],"replies":[{"embeddable":true,"href":"https:\/\/ujkafe.website\/index.php?rest_route=%2Fwp%2Fv2%2Fcomments&post=54175"}],"version-history":[{"count":0,"href":"https:\/\/ujkafe.website\/index.php?rest_route=\/wp\/v2\/posts\/54175\/revisions"}],"wp:attachment":[{"href":"https:\/\/ujkafe.website\/index.php?rest_route=%2Fwp%2Fv2%2Fmedia&parent=54175"}],"wp:term":[{"taxonomy":"category","embeddable":true,"href":"https:\/\/ujkafe.website\/index.php?rest_route=%2Fwp%2Fv2%2Fcategories&post=54175"},{"taxonomy":"post_tag","embeddable":true,"href":"https:\/\/ujkafe.website\/index.php?rest_route=%2Fwp%2Fv2%2Ftags&post=54175"}],"curies":[{"name":"wp","href":"https:\/\/api.w.org\/{rel}","templated":true}]}}