
{"id":54405,"date":"2016-09-13T05:09:02","date_gmt":"2016-09-13T05:09:02","guid":{"rendered":"https:\/\/ujkafe.website\/?p=54405"},"modified":"2016-09-13T05:09:02","modified_gmt":"2016-09-13T05:09:02","slug":"demeny-peter-operamesek-4","status":"publish","type":"post","link":"https:\/\/ujkafe.website\/?p=54405","title":{"rendered":"Dem\u00e9ny P\u00e9ter: Operames\u00e9k (4)"},"content":{"rendered":"<h2><strong>Lammermoori Lucia<\/strong><\/h2>\n<p><em><strong>(Zene: Gaetano Donizetti, sz\u00f6vegk\u00f6nyv: Walter Scott reg\u00e9nye alapj\u00e1n)<\/strong><\/em><\/p>\n<p>Lucia Edgard\u00f3t szereti, a b\u00e1tyja, Enrico viszont Artur\u00f3t. Mint lenni szokott, az er\u0151szakosabb nyer, ezen Lucia \u00fagy seg\u00edt, hogy meg\u0151r\u00fcl, \u00e9s \u00f6sszevissza d\u00f6fk\u00f6li a nemr\u00e9g m\u00e9g boldog v\u0151leg\u00e9nyt, azt\u00e1n \u00f6ngyilkos lesz, boldogtalan szerelmese szint\u00e9n. A n\u00e9z\u0151k k\u00f6nnyesre nyomkodj\u00e1k a szem\u00fcket, azt\u00e1n hazamennek. Az, hogy Luci\u00e1r\u00f3l szavalnak, de \u00fagy viselkednek, mint Enrico, aljas r\u00e1galom csup\u00e1n.<!--more--><\/p>\n<p><iframe loading=\"lazy\" title=\"Lammermoori Lucia Lucia \u00e1ri\u00e1ja.avi\" width=\"500\" height=\"281\" src=\"https:\/\/www.youtube.com\/embed\/v4QDbJ-oPWk?feature=oembed\" frameborder=\"0\" allow=\"accelerometer; autoplay; clipboard-write; encrypted-media; gyroscope; picture-in-picture; web-share\" referrerpolicy=\"strict-origin-when-cross-origin\" allowfullscreen><\/iframe><\/p>\n","protected":false},"excerpt":{"rendered":"<p>Lammermoori Lucia (Zene: Gaetano Donizetti, sz\u00f6vegk\u00f6nyv: Walter Scott reg\u00e9nye alapj\u00e1n) Lucia Edgard\u00f3t szereti, a b\u00e1tyja, Enrico viszont Artur\u00f3t. Mint lenni szokott, az er\u0151szakosabb nyer, ezen Lucia \u00fagy seg\u00edt, hogy meg\u0151r\u00fcl, \u00e9s \u00f6sszevissza d\u00f6fk\u00f6li a nemr\u00e9g m\u00e9g boldog v\u0151leg\u00e9nyt, azt\u00e1n \u00f6ngyilkos lesz, boldogtalan szerelmese szint\u00e9n. A n\u00e9z\u0151k k\u00f6nnyesre nyomkodj\u00e1k a szem\u00fcket, azt\u00e1n hazamennek. Az, hogy Luci\u00e1r\u00f3l [&hellip;]<\/p>\n","protected":false},"author":3,"featured_media":0,"comment_status":"open","ping_status":"open","sticky":false,"template":"","format":"standard","meta":{"_monsterinsights_skip_tracking":false,"_monsterinsights_sitenote_active":false,"_monsterinsights_sitenote_note":"","_monsterinsights_sitenote_category":0,"ngg_post_thumbnail":0,"footnotes":""},"categories":[28,120],"tags":[],"class_list":["post-54405","post","type-post","status-publish","format-standard","hentry","category-dal","category-essze"],"_links":{"self":[{"href":"https:\/\/ujkafe.website\/index.php?rest_route=\/wp\/v2\/posts\/54405","targetHints":{"allow":["GET"]}}],"collection":[{"href":"https:\/\/ujkafe.website\/index.php?rest_route=\/wp\/v2\/posts"}],"about":[{"href":"https:\/\/ujkafe.website\/index.php?rest_route=\/wp\/v2\/types\/post"}],"author":[{"embeddable":true,"href":"https:\/\/ujkafe.website\/index.php?rest_route=\/wp\/v2\/users\/3"}],"replies":[{"embeddable":true,"href":"https:\/\/ujkafe.website\/index.php?rest_route=%2Fwp%2Fv2%2Fcomments&post=54405"}],"version-history":[{"count":0,"href":"https:\/\/ujkafe.website\/index.php?rest_route=\/wp\/v2\/posts\/54405\/revisions"}],"wp:attachment":[{"href":"https:\/\/ujkafe.website\/index.php?rest_route=%2Fwp%2Fv2%2Fmedia&parent=54405"}],"wp:term":[{"taxonomy":"category","embeddable":true,"href":"https:\/\/ujkafe.website\/index.php?rest_route=%2Fwp%2Fv2%2Fcategories&post=54405"},{"taxonomy":"post_tag","embeddable":true,"href":"https:\/\/ujkafe.website\/index.php?rest_route=%2Fwp%2Fv2%2Ftags&post=54405"}],"curies":[{"name":"wp","href":"https:\/\/api.w.org\/{rel}","templated":true}]}}