
{"id":54648,"date":"2016-09-20T06:49:13","date_gmt":"2016-09-20T06:49:13","guid":{"rendered":"https:\/\/ujkafe.website\/?p=54648"},"modified":"2016-09-20T06:49:13","modified_gmt":"2016-09-20T06:49:13","slug":"demeny-peter-operamesek-10","status":"publish","type":"post","link":"https:\/\/ujkafe.website\/?p=54648","title":{"rendered":"Dem\u00e9ny P\u00e9ter: Operames\u00e9k (10)"},"content":{"rendered":"<h2><strong>Hunyadi L\u00e1szl\u00f3<\/strong><\/h2>\n<p><strong><em>(Zene: Erkel Ferenc, sz\u00f6vegk\u00f6nyv: Egressy B\u00e9ni)<\/em><\/strong><\/p>\n<p>Ez m\u00e9g azel\u0151tt t\u00f6rt\u00e9nik, hogy meg\u00edrja \u00e9s teles\u00edrja. A B\u00e1nk b\u00e1n m\u00e9lymagyars\u00e1g\u00e1val szemben Erkel itt m\u00e9g tudta az igazs\u00e1got: magyarok is lehetnek gonoszok! Gara Mikl\u00f3s olyan s\u00f6t\u00e9t gazember, hogy le a kalappal. A c\u00edmszerepl\u0151 viszont olyan naiv, hogy le a hajjal is. R\u00f3la mindenki tudja, hogy \u00e1rtatlan, mondja &#8211; ez\u00e9rt azt\u00e1n hagyja meg\u00f6lni mag\u00e1t, pedig anyja francia nev\u0171 \u00e1ri\u00e1t \u00e9nekel \u00e9rette. De hi\u00e1ba minden: kir\u00e1lyi esk\u00fcv\u00e9s, harmatos menyasszony, a h\u00f3h\u00e9r Gara parancs\u00e1ra s\u00fajt, \u00e9s b\u00e1r kor\u00e1bban meghalt egy cselsz\u00f6v\u0151, maradt bel\u0151le \u00e9pp el\u00e9g.<!--more--><\/p>\n<p><iframe loading=\"lazy\" title=\"Erkel: Hunyadi L\u00e1szl\u00f3: Palot\u00e1s\" width=\"500\" height=\"281\" src=\"https:\/\/www.youtube.com\/embed\/dhk1IPExjnk?feature=oembed\" frameborder=\"0\" allow=\"accelerometer; autoplay; clipboard-write; encrypted-media; gyroscope; picture-in-picture; web-share\" referrerpolicy=\"strict-origin-when-cross-origin\" allowfullscreen><\/iframe><\/p>\n","protected":false},"excerpt":{"rendered":"<p>Hunyadi L\u00e1szl\u00f3 (Zene: Erkel Ferenc, sz\u00f6vegk\u00f6nyv: Egressy B\u00e9ni) Ez m\u00e9g azel\u0151tt t\u00f6rt\u00e9nik, hogy meg\u00edrja \u00e9s teles\u00edrja. A B\u00e1nk b\u00e1n m\u00e9lymagyars\u00e1g\u00e1val szemben Erkel itt m\u00e9g tudta az igazs\u00e1got: magyarok is lehetnek gonoszok! Gara Mikl\u00f3s olyan s\u00f6t\u00e9t gazember, hogy le a kalappal. A c\u00edmszerepl\u0151 viszont olyan naiv, hogy le a hajjal is. R\u00f3la mindenki tudja, hogy \u00e1rtatlan, [&hellip;]<\/p>\n","protected":false},"author":3,"featured_media":0,"comment_status":"open","ping_status":"open","sticky":false,"template":"","format":"standard","meta":{"_monsterinsights_skip_tracking":false,"_monsterinsights_sitenote_active":false,"_monsterinsights_sitenote_note":"","_monsterinsights_sitenote_category":0,"ngg_post_thumbnail":0,"footnotes":""},"categories":[28,120],"tags":[],"class_list":["post-54648","post","type-post","status-publish","format-standard","hentry","category-dal","category-essze"],"_links":{"self":[{"href":"https:\/\/ujkafe.website\/index.php?rest_route=\/wp\/v2\/posts\/54648","targetHints":{"allow":["GET"]}}],"collection":[{"href":"https:\/\/ujkafe.website\/index.php?rest_route=\/wp\/v2\/posts"}],"about":[{"href":"https:\/\/ujkafe.website\/index.php?rest_route=\/wp\/v2\/types\/post"}],"author":[{"embeddable":true,"href":"https:\/\/ujkafe.website\/index.php?rest_route=\/wp\/v2\/users\/3"}],"replies":[{"embeddable":true,"href":"https:\/\/ujkafe.website\/index.php?rest_route=%2Fwp%2Fv2%2Fcomments&post=54648"}],"version-history":[{"count":0,"href":"https:\/\/ujkafe.website\/index.php?rest_route=\/wp\/v2\/posts\/54648\/revisions"}],"wp:attachment":[{"href":"https:\/\/ujkafe.website\/index.php?rest_route=%2Fwp%2Fv2%2Fmedia&parent=54648"}],"wp:term":[{"taxonomy":"category","embeddable":true,"href":"https:\/\/ujkafe.website\/index.php?rest_route=%2Fwp%2Fv2%2Fcategories&post=54648"},{"taxonomy":"post_tag","embeddable":true,"href":"https:\/\/ujkafe.website\/index.php?rest_route=%2Fwp%2Fv2%2Ftags&post=54648"}],"curies":[{"name":"wp","href":"https:\/\/api.w.org\/{rel}","templated":true}]}}