
{"id":54827,"date":"2016-09-28T05:12:25","date_gmt":"2016-09-28T05:12:25","guid":{"rendered":"https:\/\/ujkafe.website\/?p=54827"},"modified":"2016-09-28T05:12:25","modified_gmt":"2016-09-28T05:12:25","slug":"demeny-peter-operamesek-14","status":"publish","type":"post","link":"https:\/\/ujkafe.website\/?p=54827","title":{"rendered":"Dem\u00e9ny P\u00e9ter: Operames\u00e9k (14)"},"content":{"rendered":"<h2><strong>Faust<\/strong><\/h2>\n<p><em><strong>(Zene: Charles Gounod, sz\u00f6veg: Goethe\u00a0sz\u00ednm\u0171ve\u00a0nyom\u00e1n)<\/strong><\/em><\/p>\n<p>Az ember egyik \u00f6r\u00f6k \u00e1br\u00e1ndja, hogy t\u00falj\u00e1rhat az \u00f6rd\u00f6g esz\u00e9n. Ez azonban \u00e1br\u00e1nd a k\u00f6b\u00f6n, hiszen az \u00f6rd\u00f6g azt tart be, amit akar, m\u00edg az ember k\u00e9nytelen-kelletlen ragaszkodik a szerz\u0151d\u00e9shez, \u00e9s minden szerz\u0151d\u00e9s dac\u00e1ra hal\u00e1l v\u00e1r re\u00e1 mindenk\u00e9ppen, b\u00e1rmilyen sz\u00e9pen \u00e9nekeljen. Van sz\u00e9p le\u00e1ny \u00e9s h\u0151s<br \/>\nkatona, a legh\u00e1tborzongat\u00f3bb m\u00e9gis Mefiszt\u00f3 \u00e1ri\u00e1ja: Elad\u00f3 az eg\u00e9sz vil\u00e1g. A kolozsv\u00e1ri Kov\u00e1cs Attila \u00fagy \u00e9nekelte, hogy m\u00e9g Goethe is megfagyott az ereimben.<!--more--><\/p>\n<p><iframe loading=\"lazy\" title=\"Faust&#039;s Final Scene : Jean Dupouy\" width=\"500\" height=\"375\" src=\"https:\/\/www.youtube.com\/embed\/dZZiAWC_bIw?feature=oembed\" frameborder=\"0\" allow=\"accelerometer; autoplay; clipboard-write; encrypted-media; gyroscope; picture-in-picture; web-share\" referrerpolicy=\"strict-origin-when-cross-origin\" allowfullscreen><\/iframe><\/p>\n","protected":false},"excerpt":{"rendered":"<p>Faust (Zene: Charles Gounod, sz\u00f6veg: Goethe\u00a0sz\u00ednm\u0171ve\u00a0nyom\u00e1n) Az ember egyik \u00f6r\u00f6k \u00e1br\u00e1ndja, hogy t\u00falj\u00e1rhat az \u00f6rd\u00f6g esz\u00e9n. Ez azonban \u00e1br\u00e1nd a k\u00f6b\u00f6n, hiszen az \u00f6rd\u00f6g azt tart be, amit akar, m\u00edg az ember k\u00e9nytelen-kelletlen ragaszkodik a szerz\u0151d\u00e9shez, \u00e9s minden szerz\u0151d\u00e9s dac\u00e1ra hal\u00e1l v\u00e1r re\u00e1 mindenk\u00e9ppen, b\u00e1rmilyen sz\u00e9pen \u00e9nekeljen. Van sz\u00e9p le\u00e1ny \u00e9s h\u0151s katona, a legh\u00e1tborzongat\u00f3bb [&hellip;]<\/p>\n","protected":false},"author":3,"featured_media":0,"comment_status":"open","ping_status":"open","sticky":false,"template":"","format":"standard","meta":{"_monsterinsights_skip_tracking":false,"_monsterinsights_sitenote_active":false,"_monsterinsights_sitenote_note":"","_monsterinsights_sitenote_category":0,"ngg_post_thumbnail":0,"footnotes":""},"categories":[28,120],"tags":[],"class_list":["post-54827","post","type-post","status-publish","format-standard","hentry","category-dal","category-essze"],"_links":{"self":[{"href":"https:\/\/ujkafe.website\/index.php?rest_route=\/wp\/v2\/posts\/54827","targetHints":{"allow":["GET"]}}],"collection":[{"href":"https:\/\/ujkafe.website\/index.php?rest_route=\/wp\/v2\/posts"}],"about":[{"href":"https:\/\/ujkafe.website\/index.php?rest_route=\/wp\/v2\/types\/post"}],"author":[{"embeddable":true,"href":"https:\/\/ujkafe.website\/index.php?rest_route=\/wp\/v2\/users\/3"}],"replies":[{"embeddable":true,"href":"https:\/\/ujkafe.website\/index.php?rest_route=%2Fwp%2Fv2%2Fcomments&post=54827"}],"version-history":[{"count":0,"href":"https:\/\/ujkafe.website\/index.php?rest_route=\/wp\/v2\/posts\/54827\/revisions"}],"wp:attachment":[{"href":"https:\/\/ujkafe.website\/index.php?rest_route=%2Fwp%2Fv2%2Fmedia&parent=54827"}],"wp:term":[{"taxonomy":"category","embeddable":true,"href":"https:\/\/ujkafe.website\/index.php?rest_route=%2Fwp%2Fv2%2Fcategories&post=54827"},{"taxonomy":"post_tag","embeddable":true,"href":"https:\/\/ujkafe.website\/index.php?rest_route=%2Fwp%2Fv2%2Ftags&post=54827"}],"curies":[{"name":"wp","href":"https:\/\/api.w.org\/{rel}","templated":true}]}}