
{"id":5485,"date":"2010-10-27T13:48:13","date_gmt":"2010-10-27T13:48:13","guid":{"rendered":"https:\/\/ujkafe.website\/?p=5485"},"modified":"2010-10-27T13:48:33","modified_gmt":"2010-10-27T13:48:33","slug":"retro-vita-a-kafe-kerdezett-is-5","status":"publish","type":"post","link":"https:\/\/ujkafe.website\/?p=5485","title":{"rendered":"Retro-vita: A K\u00e1f\u00e9 k\u00e9rdezett is (5)"},"content":{"rendered":"<p><em>P\u00e1l Kat\u00e1t\u00f3l:<br \/>\n&#8222;A pina nem k\u00f6lt\u00e9szet&#8221;, ezt olvassa \u00d6n ki a Kem\u00e1l \u00e9s Am\u00e1l bemutat\u00f3j\u00e1n r\u00e9sztvev\u0151k szem\u00e9b\u0151l. Azt viszont nem tudtuk kiolvasni tud\u00f3s\u00edt\u00e1s\u00e1b\u00f3l, mi az \u00d6n v\u00e9lem\u00e9nye: k\u00f6lt\u00e9szet-e a Kem\u00e1l \u00e9s Am\u00e1l?<\/em><\/p>\n<p>&#8211; A pontos id\u00e9zet \u00edgy hangzik: &#8222;A harmadik szem\u00e9b\u0151l s\u00fct, hogy a pina nem k\u00f6lt\u00e9szet (pedig ha tudn\u00e1)&#8221;. Ebb\u0151l szerintem el\u00e9g j\u00f3l l\u00e1tszik a v\u00e9lem\u00e9nyem &#8211; nem mintha fontos lenne &#8211; hogy a pina \u00f6nmag\u00e1ban k\u00f6lt\u00e9szet. Persze a fasz is. Csak le k\u00e9ne tudni \u00edrni. Ahhoz pedig val\u00f3sz\u00edn\u0171leg nem kiz\u00e1r\u00f3lag szavak kellenek (finomak vagy durv\u00e1k leszarom), hanem val\u00f3di \u00e9rzelmek\/ tud\u00e1sok.<!--more--><\/p>\n<p>&#8211; A Kem\u00e1l \u00e9s Am\u00e1l k\u00f6lt\u00e9szet\u00e9r\u0151l nem sz\u00edvesen nyilatkozom, ha van neki olyan egy\u00e1ltal\u00e1n, mert 1. nem \u00e9rtek hozz\u00e1; 2. nem \u00e9rdekel. Az\u00e9rt nem \u00e9rdekel, mert nem ad nekem semmit, tot\u00e1lisan idegen t\u0151lem, r\u00e1ad\u00e1sul hal\u00e1losan untat. Az untat, amit k\u00f6z\u00f6l velem, \u00edgy a nyelvezete is, de az a kisebbik rossz. (Ments\u00e9gemre: a hivatkozott \u00edr\u00e1sban NEM a k\u00f6tetr\u0151l kellett besz\u00e1molnom, hanem a bemutat\u00f3r\u00f3l.) De ha m\u00e1r \u00edgy mer\u00fcl fel a k\u00e9rd\u00e9s (vagyis k\u00f6lt\u00e9szet-e a Kem\u00e1l \u00e9s Am\u00e1l), akkor a v\u00e1laszom nem, nem az. Sz\u00e1momra nem, aki \u00fagy gondolja, hogy a k\u00f6lt\u00e9szet egyfajta m\u0171v\u00e9szeti \u00e1g, ami verb\u00e1lis eszk\u00f6z\u00f6kkel rajzol t\u00f6bbek sz\u00e1m\u00e1ra \u00e9rthet\u0151 k\u00e9peket \u00e9s a szerz\u0151 gyakrabban l\u00e1t ki a fej\u00e9b\u0151l, mint nem.<\/p>\n<p><em>\u00d6n szerint finomkodnak-e a ma \u00e9l\u0151 magyar \u00edr\u00f3k?<\/em><\/p>\n<p>&#8211; Hat\u00e1rozottan igen, b\u00e1r sz\u00edvesebben nevezn\u00e9m ezt gyenges\u00e9gnek, m\u00e9g ink\u00e1bb gy\u00e1vas\u00e1gnak. Nincsenek szavaik, se r\u00e9giek se \u00fajak, nincsenek \u00e9rzelmeik, se gondolataik, se k\u00e9pzelet\u00fck, se fant\u00e1zi\u00e1juk, se hitel\u00fck, se b\u00e1tors\u00e1guk, se j\u00e1t\u00e9koss\u00e1guk &#8211; mi\u00e9rt pont eszk\u00f6z\u00fck lenne? Most tegyem hozz\u00e1, hogy akadnak kiv\u00e9telek, de az \u00f6sszk\u00e9p m\u00e9gis csak azt mutatja, hogy m\u00e1sutt m\u00e1sok t\u00f6bb nyelvteremt\u0151 er\u0151vel b\u00edrnak, &#8222;Az \u00cdr\u00f3k&#8221; pedig m\u00e9g lopni se tudnak. Nem hajland\u00f3k vagy nem mernek, egykutya.<\/p>\n<p>Ami azt illeti, a szavak szintj\u00e9n nem is zavar annyira a maszatol\u00e1s, mint a gondolatokban, b\u00e1r e kett\u0151 biztosan \u00f6sszef\u00fcgg valahogy. Gyakran rem\u00e9lem, ha a le\u00edr\u00e1sra ker\u00fcl\u0151 dologban elegend\u0151 er\u0151 van, az megtal\u00e1lja a maga form\u00e1j\u00e1t. \u00c9s viszont. Ha \u00e9rdektelen a t\u00e9ma, ha lapos, unalmas, av\u00edtt, legf\u0151k\u00e9ppen \u0151szint\u00e9tlen, akkor hi\u00e1ba er\u0151ltet a szerz\u0151 &#8222;obszc\u00e9n&#8221; sz\u00f3haszn\u00e1latot. \u00dcres m\u00e1z az csup\u00e1n.<\/p>\n<p><em>Tapasztalata szerint \u00e1lszent-e az olvas\u00f3?<\/em><\/p>\n<p>Fogalmam sincs, hogy &#8222;Az Olvas\u00f3&#8221; \u00e1lszent-e, avagy sem. Szeretek \u00fagy gondolni &#8222;Az Olvas\u00f3ra&#8221;, hogy kev\u00e9sb\u00e9 \u00e1lszent, mint &#8222;Az \u00cdr\u00f3&#8221; \u00e9s hal\u00e1l pontosan l\u00e1tja ahogyan hazudnak neki. Tal\u00e1n emiatt is h\u00e1borodnak fel gyakran az obszc\u00e9nnak mondott szavak miatt, holott nem azokkal van a baj, hanem hogy nem mondanak vel\u00fck semmit.<\/p>\n<p><strong>pk<\/strong><\/p>\n<p style=\"text-align: right;\">(K\u00e1f\u00e9)<\/p>\n<p>Kor\u00e1bbiak:<\/p>\n<p><em><strong><a href=\"https:\/\/ujkafe.website\/?p=5298\">Retro-vita: A K\u00e1f\u00e9 k\u00e9rdezett is (4)<\/a><\/strong><\/em><\/p>\n<p><a href=\"https:\/\/ujkafe.website\/?p=5190\"><em><strong>Retro-vita: A K\u00e1f\u00e9 k\u00e9rdezett is (3)<\/strong><\/em><\/a><\/p>\n<p><a href=\" https:\/\/ujkafe.website\/?p=5130\"><em><strong>Retro-vita: A K\u00e1f\u00e9 is k\u00e9rdezett (2)<\/strong><\/em><\/a><\/p>\n<p><a href=\"https:\/\/ujkafe.website\/?p=5041\"><em><strong>Retro-vita: A K\u00e1f\u00e9 k\u00e9rdezett is (1)<\/strong><\/em><\/a><\/p>\n<p><em><strong>Retro-vita: <\/strong><\/em><a title=\"\u201cRetro-vita: Finomkod\u00e1s helyett finoms\u00e1g \u00e9s \u00edzl\u00e9s az irodalmi sz\u00f6vegben\u201d szerkeszt\u00e9se\" href=\"https:\/\/ujkafe.website\/wp-admin\/post.php?action=edit&amp;post=4968\"><em><strong>Finomkod\u00e1s helyett finoms\u00e1g \u00e9s \u00edzl\u00e9s az irodalmi sz\u00f6vegben<\/strong><\/em><\/a><\/p>\n<p><a href=\"https:\/\/ujkafe.website\/?p=4864\"><em><strong>Retro-vita: Amikor Pruteanunak igaza volt<\/strong><\/em><\/a><\/p>\n<p><a href=\"https:\/\/ujkafe.website\/?p=4751\"><em><strong>Retro-vita: Mumuban, ak\u00e1r a tehenek?<\/strong><\/em><\/a><\/p>\n<p><a href=\"https:\/\/ujkafe.website\/?p=4620\"><em><strong>Retro-vita: sv\u00e9dek<\/strong><\/em><\/a><\/p>\n<p><a href=\"https:\/\/ujkafe.website\/?p=4547\"><em><strong>Retro-vita: Elal\u00e9l\u00f3 lila l\u00f3<\/strong><\/em><\/a><\/p>\n<p><a href=\"https:\/\/ujkafe.website\/?p=4490\"><em><strong>Retro-vita: A rend\u0151r meghalt, a diri \u00e9l<\/strong><\/em><\/a><\/p>\n<p><a href=\"https:\/\/ujkafe.website\/?p=4393\"><em><strong>Retro-vita: \u00c1goston Hug\u00f3 finomkodik<\/strong><\/em><\/a><\/p>\n<p><a href=\"https:\/\/ujkafe.website\/?p=4341\"><em><strong>Retro-vita: Ribilli\u00f3 a Korunkn\u00e1l<\/strong><\/em><\/a><\/p>\n<p><a href=\"https:\/\/ujkafe.website\/?p=4306\"><em><strong>Retro-vita: Hogy besz\u00e9lne egy katona?<\/strong><\/em><\/a><\/p>\n<p><a href=\"https:\/\/ujkafe.website\/?p=4256\"><em><strong>Retro-vita: Fragment\u00e1lunk?<\/strong><\/em><\/a><\/p>\n<p><a href=\"https:\/\/ujkafe.website\/?p=4239\"><em><strong>Retro-vita: &#8230;az Akad\u00e9mi\u00e1t?<\/strong><\/em><\/a><\/p>\n<p><a href=\"https:\/\/ujkafe.website\/?p=4204\"><em><strong>Retro-vita: Spont\u00e1n gondolat<\/strong><\/em><\/a><\/p>\n<p><a href=\" https:\/\/ujkafe.website\/?p=4170\"><em><strong>Retro-vita: Ha neked az an\u00e1lis t\u00fal lok\u00e1lis<\/strong><\/em><\/a><\/p>\n<p><a href=\" https:\/\/ujkafe.website\/?p=4101\"><em><strong>Retro-vita: H\u00e1ny l\u00f3fasz teszi a finomlelk\u0171 \u00edr\u00f3t?<\/strong><\/em><\/a><\/p>\n<p><a href=\"https:\/\/ujkafe.website\/?p=4051\"><em><strong>Retro-vita: Nyolcvan procent<\/strong><\/em><\/a><\/p>\n<p><a href=\"https:\/\/ujkafe.website\/?p=4001\"><em><strong>Retro-vita: A sz\u00f3t\u00e1r teli van mindenf\u00e9l\u00e9vel&#8230;<\/strong><\/em><\/a><\/p>\n<p><a href=\"https:\/\/ujkafe.website\/?p=3975\"><em><strong>Retro-vita: Mikor \u00e9s mi\u00e9rt (ne)?<\/strong><\/em><\/a><\/p>\n<p><a href=\"https:\/\/ujkafe.website\/?p=3957\"><em><strong>Retro-vita: Rendhagy\u00f3 &#8222;Nyelv \u00e9s \u00e9let&#8221;<\/strong><\/em><\/a><\/p>\n<p><a href=\"https:\/\/ujkafe.website\/?p=3926\"><em><strong>Retro-vita: A dolgok n\u00e9ven nevez\u00e9s\u00e9r\u0151l<\/strong><\/em><\/a><\/p>\n<p><a href=\"https:\/\/ujkafe.website\/?p=3914\"><em><strong>Retro-vita: Az irodalom nem mindig a sz\u00e9pr\u0151l sz\u00f3l<\/strong><\/em><\/a><\/p>\n<p><a href=\"https:\/\/ujkafe.website\/?p=3895\"><em><strong>Retro-vita: Irodalom \u00e9s szabads\u00e1g<\/strong><\/em><\/a><\/p>\n<p><a href=\"https:\/\/ujkafe.website\/?p=3838\"><em><strong>Retro-vita: Egy konkr\u00e9tum<\/strong><\/em><\/a><\/p>\n<p><a href=\"https:\/\/ujkafe.website\/?p=3823\"><em><strong>Retro-vita: J\u00f3, rossz stb.<\/strong><\/em><\/a><\/p>\n<p><a href=\"https:\/\/ujkafe.website\/?p=3810\"><em><strong>Retro-vita: Az igazi obszcenit\u00e1s a v\u00e9res er\u0151szak<\/strong><\/em><\/a><\/p>\n<p><a href=\"https:\/\/ujkafe.website\/?p=3795\"><em><strong>Retro-vita: Szabadsz\u00e1j\u00fas\u00e1g vagy finomkod\u00e1s?<\/strong><\/em><\/a><\/p>\n","protected":false},"excerpt":{"rendered":"<p>P\u00e1l Kat\u00e1t\u00f3l: &#8222;A pina nem k\u00f6lt\u00e9szet&#8221;, ezt olvassa \u00d6n ki a Kem\u00e1l \u00e9s Am\u00e1l bemutat\u00f3j\u00e1n r\u00e9sztvev\u0151k szem\u00e9b\u0151l. Azt viszont nem tudtuk kiolvasni tud\u00f3s\u00edt\u00e1s\u00e1b\u00f3l, mi az \u00d6n v\u00e9lem\u00e9nye: k\u00f6lt\u00e9szet-e a Kem\u00e1l \u00e9s Am\u00e1l? &#8211; A pontos id\u00e9zet \u00edgy hangzik: &#8222;A harmadik szem\u00e9b\u0151l s\u00fct, hogy a pina nem k\u00f6lt\u00e9szet (pedig ha tudn\u00e1)&#8221;. Ebb\u0151l szerintem el\u00e9g j\u00f3l l\u00e1tszik [&hellip;]<\/p>\n","protected":false},"author":3,"featured_media":0,"comment_status":"open","ping_status":"open","sticky":false,"template":"","format":"standard","meta":{"_monsterinsights_skip_tracking":false,"_monsterinsights_sitenote_active":false,"_monsterinsights_sitenote_note":"","_monsterinsights_sitenote_category":0,"ngg_post_thumbnail":0,"footnotes":""},"categories":[14,127],"tags":[],"class_list":["post-5485","post","type-post","status-publish","format-standard","hentry","category-a-regi-kafebol","category-vita"],"_links":{"self":[{"href":"https:\/\/ujkafe.website\/index.php?rest_route=\/wp\/v2\/posts\/5485","targetHints":{"allow":["GET"]}}],"collection":[{"href":"https:\/\/ujkafe.website\/index.php?rest_route=\/wp\/v2\/posts"}],"about":[{"href":"https:\/\/ujkafe.website\/index.php?rest_route=\/wp\/v2\/types\/post"}],"author":[{"embeddable":true,"href":"https:\/\/ujkafe.website\/index.php?rest_route=\/wp\/v2\/users\/3"}],"replies":[{"embeddable":true,"href":"https:\/\/ujkafe.website\/index.php?rest_route=%2Fwp%2Fv2%2Fcomments&post=5485"}],"version-history":[{"count":0,"href":"https:\/\/ujkafe.website\/index.php?rest_route=\/wp\/v2\/posts\/5485\/revisions"}],"wp:attachment":[{"href":"https:\/\/ujkafe.website\/index.php?rest_route=%2Fwp%2Fv2%2Fmedia&parent=5485"}],"wp:term":[{"taxonomy":"category","embeddable":true,"href":"https:\/\/ujkafe.website\/index.php?rest_route=%2Fwp%2Fv2%2Fcategories&post=5485"},{"taxonomy":"post_tag","embeddable":true,"href":"https:\/\/ujkafe.website\/index.php?rest_route=%2Fwp%2Fv2%2Ftags&post=5485"}],"curies":[{"name":"wp","href":"https:\/\/api.w.org\/{rel}","templated":true}]}}