
{"id":54928,"date":"2016-10-02T06:11:03","date_gmt":"2016-10-02T06:11:03","guid":{"rendered":"https:\/\/ujkafe.website\/?p=54928"},"modified":"2016-10-02T06:22:01","modified_gmt":"2016-10-02T06:22:01","slug":"1956-2016-egy-forradalom-ujrajatszasa-74","status":"publish","type":"post","link":"https:\/\/ujkafe.website\/?p=54928","title":{"rendered":"1956-2016: Egy forradalom \u00fajraj\u00e1tsz\u00e1sa (74)"},"content":{"rendered":"<div id=\"attachment_54929\" style=\"width: 635px\" class=\"wp-caption alignnone\"><a href=\"https:\/\/ujkafe.website\/wp-content\/uploads\/2016\/10\/P\u00e1rth\u00e1z.jpg\"><img loading=\"lazy\" decoding=\"async\" aria-describedby=\"caption-attachment-54929\" class=\"wp-image-54929\" src=\"https:\/\/ujkafe.website\/wp-content\/uploads\/2016\/10\/P\u00e1rth\u00e1z.jpg\" alt=\"P\u00e1rth\u00e1z\" width=\"625\" height=\"423\" srcset=\"https:\/\/ujkafe.website\/wp-content\/uploads\/2016\/10\/P\u00e1rth\u00e1z.jpg 1500w, https:\/\/ujkafe.website\/wp-content\/uploads\/2016\/10\/P\u00e1rth\u00e1z-300x203.jpg 300w, https:\/\/ujkafe.website\/wp-content\/uploads\/2016\/10\/P\u00e1rth\u00e1z-1024x694.jpg 1024w\" sizes=\"auto, (max-width: 625px) 100vw, 625px\" \/><\/a><p id=\"caption-attachment-54929\" class=\"wp-caption-text\">Haris L\u00e1szl\u00f3: P\u00e1rth\u00e1z (1956. november 2.) Egy fot\u00f3 a fennmaradt 15-b\u0151l&#8230;<\/p><\/div>\n<h2><strong>15 f\u00e9nyk\u00e9p eml\u00e9kezete \/ I.<\/strong><\/h2>\n<p>A rendk\u00edv\u00fcli esem\u00e9nyek t\u00f6v\u00e9ben szinte term\u00e9szetes, hogy rendk\u00edv\u00fcli teljes\u00edtm\u00e9nyek ny\u00edlnak. A magyarorsz\u00e1gi 1956, s k\u00fcl\u00f6n\u00f6sen annak budapesti forgataga, minden bizonnyal ilyen esem\u00e9nyek lehettek, megterm\u00e9keny\u00edtve eg\u00e9sz nemzed\u00e9kek fant\u00e1zi\u00e1j\u00e1t, tettv\u00e1gy\u00e1t.<br \/>\nA forradalmi t\u00f6rt\u00e9n\u00e9sek l\u00fcktet\u0151 napjaiban teljesen term\u00e9szetes volt, hogy lelkes kamaszok maguk is fegyvert ragadtak \u00e9s be\u00e1lltak nemzet\u0151r\u00f6knek Budapest barik\u00e1djain. Hozz\u00e1juk k\u00e9pest a tizen\u00e9ves, \u00e1ltal\u00e1nos iskol\u00e1ba j\u00e1r\u00f3 Haris L\u00e1szl\u00f3 tette, aki 1956. november 2-\u00e1n sz\u00fcl\u0151i enged\u00e9llyel \u00e9s nagyb\u00e1tyja szem\u00e9lyes fel\u00fcgyelet\u00e9vel bej\u00e1rhatta \u2013 fot\u00f3z\u00f3 b\u00e1tyj\u00e1t\u00f3l k\u00f6lcs\u00f6nvett f\u00e9nyk\u00e9pez\u0151g\u00e9ppel \u2013 a forradalom r\u00e1di\u00f3ad\u00e1sokb\u00f3l megismert helysz\u00edneit, els\u0151 olvasatra ban\u00e1lisnak \u00e9s \u00e1rtalmatlannak t\u0171nhet.<!--more--><br \/>\nMint k\u00e9s\u0151bb kider\u00fclt, nem volt az. Mert Haris L\u00e1szl\u00f3 a s\u00e9ta alatt \u00f6nfeledten fot\u00f3zott \u2013 mindent, amit l\u00e1tott. \u00c9s b\u00fcszk\u00e9n ment haza a zs\u00e1km\u00e1ny\u00e1val &#8211; a g\u00e9pben tal\u00e1lhat\u00f3 filmmel.<br \/>\nK\u00e9t nap m\u00falva bek\u00f6vetkezett a szovjet inv\u00e1zi\u00f3. A forradalom elbukott. A kamaszfi\u00fa a k\u00e9nyszer\u0171en megny\u00falt iskolai sz\u00fcnet alatt el\u0151h\u00edvta a k\u00e9peit \u00e9s k\u00f3pi\u00e1kat, nagy\u00edt\u00e1sokat k\u00e9sz\u00edtett r\u00f3la, majd 1957 elej\u00e9n, mikor \u00fajrakezdt\u00e9k a tan\u00edt\u00e1st, oszt\u00e1lyt\u00e1rsainak b\u0151ven juttatott bel\u0151l\u00fck. Valamivel k\u00e9s\u0151bb, l\u00e1tva az 56 ut\u00e1ni retorzi\u00f3kat, megijedt: ha megtal\u00e1lj\u00e1k n\u00e1la a felv\u00e9teleket, komoly baja t\u00f6rt\u00e9nhet, s el\u00e9gette a filmeket \u00e9s a k\u00f3pi\u00e1kat. Ezek ut\u00e1n \u00fagy t\u0171nt, hogy 1956 k\u00e9pi eml\u00e9ke m\u00e1r csak a sz\u00edv\u00e9ben \u00e9l tov\u00e1bb.<\/p>\n<p>*<\/p>\n<p>A kamaszfi\u00fa id\u0151k\u00f6zben f\u00f6ln\u0151tt, szakm\u00e1t tanult, sz\u00e9p sikereket \u00e9rt el a fot\u00f3m\u0171v\u00e9szet . \u00e9s \u00e1ltal\u00e1ban a m\u0171v\u00e9szetek \u2013 ter\u00e9n. Az od\u00e1ig vezet\u0151 \u00fatj\u00e1t \u00edgy foglalja \u00f6ssze <strong>73 \u00e9v fontosabb \u00e1llom\u00e1sai<\/strong> c\u00edm\u0171, rendelkez\u00e9s\u00fcnkre bocs\u00e1tott, 2016 szeptember\u00e9ben kelt \u00e9letrajzi visszaeml\u00e9kez\u00e9s\u00e9ben:<\/p>\n<p>\u201e<strong>1957-ben<\/strong> m\u00e1r V\u00f6r\u00f6smarty-s di\u00e1kk\u00e9nt bel\u00e9pek egy illeg\u00e1lis cserk\u00e9sz csapatba. Egy\u00fctt j\u00e1rjuk a term\u00e9szetet, nyarank\u00e9nt t\u00e1borozunk az\u00f3ta is. Az egy\u00fctt t\u00f6lt\u00f6tt t\u00far\u00e1k, lelkigyakorlatok, a hatvan \u00e9ves bar\u00e1ts\u00e1g rengeteg k\u00f6z\u00f6s \u00e9lm\u00e9nye ma is a legfontosabb sz\u00e1momra.<br \/>\n<strong>1968 nyar\u00e1n<\/strong> diploma a Budapesti M\u0171szaki Egyetemen. Ha valaki ut\u00e1na sz\u00e1mol az \u00e9veknek, hamar r\u00e1j\u00f6n, hogy valami hi\u00e1nyzik. H\u00e1t igen, m\u00e1sod\u00e9ves egyetemistak\u00e9nt r\u00e1j\u00f6ttem, hogy a f\u00e9nyk\u00e9pez\u00e9s, a film \u00e9s \u00e1ltal\u00e1ban a m\u0171v\u00e9szetek jobban \u00e9rdekelnek, mint a m\u0171szaki tudom\u00e1nyok. Ekkor \u00e9rnek Magyarorsz\u00e1gra a francia \u00e9s a lengyel \u00faj hull\u00e1m filmjei. Harmincszor n\u00e9zem meg Wajda Hamu \u00e9s gy\u00e9m\u00e1ntj\u00e1t, minden id\u0151met kit\u00f6ltik Truffaut, Godard, Kawalerowicz, Munk, Wajda \u00e9s Polanski filmjei, j\u00f6nnek a jap\u00e1nok, a Homok asszonya, a Vihar kapuj\u00e1ban s mindenek f\u00f6l\u00f6tt Fellini. Az Egyetemi Sz\u00ednpadon Perneczky tart hihetetlen\u00fcl izgalmas el\u0151ad\u00e1sokat a modern k\u00e9pz\u0151m\u0171v\u00e9szetr\u0151l, nem csoda, hogy h\u00e1tt\u00e9rbe szorul a perd\u00fclet vektor nyomat\u00e9ka \u00e9s abba hagyom az egyetemet. K\u00e9t \u00e9v m\u00falva sz\u00fcleim \u00e9s n\u00e1lam okosabb bar\u00e1taim tan\u00e1cs\u00e1ra (l\u00e1sd: cserk\u00e9sz csapat) m\u00e9gis folytatom \u00e9s be is fejezem az egyetemet; g\u00e9p\u00e9szm\u00e9rn\u00f6k vagyok.<br \/>\n<strong>1968 szeptember.<\/strong> H\u00e1zass\u00e1g Ildik\u00f3val. Nagy \u00f6r\u00f6m\u00fcnkre \u00f6t gyermek\u00fcnk sz\u00fcletik, akikt\u0151l \u2013 egyel\u0151re \u2013 kilenc unok\u00e1nk van.<br \/>\n<strong>1969<\/strong> Sz\u00fcrenon ki\u00e1ll\u00edt\u00e1s Budapesten. M\u0171v\u00e9szi p\u00e1ly\u00e1m igazi kezdete. Az akkor szervez\u0151d\u0151 \u00daj Magyar Avantgarde m\u0171v\u00e9szeiben tal\u00e1lom meg a legink\u00e1bb inspir\u00e1l\u00f3, ihlet\u0151 legfontosabb t\u00e1rsakat. N\u00e9h\u00e1ny n\u00e9v a teljess\u00e9g lehetetlen ig\u00e9nye n\u00e9lk\u00fcl: Cs\u00e1ji Attila, Csutoros S\u00e1ndor, Moln\u00e1r V. J\u00f3zsef, Haraszty Istv\u00e1n, Pauer Gyula, Hencze Tam\u00e1s, Lantos Ferenc, Kar\u00e1tson G\u00e1bor, Papp Oszk\u00e1r, T\u00fcrk P\u00e9ter, Prutkay P\u00e9ter. A Sz\u00fcrenon ut\u00e1n t\u00f6bb, mint 10 \u00e9vig csak k\u00e9pz\u0151m\u0171v\u00e9szeti ki\u00e1ll\u00edt\u00e1sokon szerepelek fot\u00f3immal.<\/p>\n<div id=\"attachment_54932\" style=\"width: 635px\" class=\"wp-caption alignnone\"><a href=\"https:\/\/ujkafe.website\/wp-content\/uploads\/2016\/10\/urbanadam_harislaszlo_torvenytelkenavantgard_71.jpg\"><img loading=\"lazy\" decoding=\"async\" aria-describedby=\"caption-attachment-54932\" class=\"wp-image-54932\" src=\"https:\/\/ujkafe.website\/wp-content\/uploads\/2016\/10\/urbanadam_harislaszlo_torvenytelkenavantgard_71.jpg\" alt=\"urbanadam_harislaszlo_torvenytelkenavantgard_71\" width=\"625\" height=\"438\" srcset=\"https:\/\/ujkafe.website\/wp-content\/uploads\/2016\/10\/urbanadam_harislaszlo_torvenytelkenavantgard_71.jpg 920w, https:\/\/ujkafe.website\/wp-content\/uploads\/2016\/10\/urbanadam_harislaszlo_torvenytelkenavantgard_71-300x210.jpg 300w\" sizes=\"auto, (max-width: 625px) 100vw, 625px\" \/><\/a><p id=\"caption-attachment-54932\" class=\"wp-caption-text\"><em>Urb\u00e1n \u00c1d\u00e1m: Haris L\u00e1szl\u00f3 m\u0171term\u00e9ben (kez\u00e9ben T\u00f6rv\u00e9nytelen avantg\u00e1rd, 71 c. m\u0171v\u00e9vel)<\/em><\/p><\/div>\n<p><strong>1970-73<\/strong> Balatonbogl\u00e1ri K\u00e1polna T\u00e1rlatok. A Gal\u00e1ntai Gy\u00f6rgy \u00e1ltal b\u00e9relt k\u00e1poln\u00e1ban szabad kezdem\u00e9nyez\u00e9sk\u00e9nt megval\u00f3sul\u00f3 t\u00e1rlatok, rendezv\u00e9nyek, koncertek, sz\u00edni el\u0151ad\u00e1sok hamar kiv\u00edvt\u00e1k a K\u00f6zpont rosszall\u00e1s\u00e1t. A r\u00e1nk k\u00fcld\u00f6tt rengeteg manipul\u00e1l\u00f3, fenyeget\u0151, agg\u00f3d\u00f3 \u00e9s \u00edg\u00e9rget\u0151, k\u00f6zben folyamatosan jelent\u0151 \u00fcgyn\u00f6k\u00f6k h\u00e1l\u00f3zata m\u00e9g ma is felder\u00edtetlen. Szem\u00e9ly\u00fck nem is l\u00e9nyeges, mert a l\u00e9nyeg az, hogy a P\u00e1rtk\u00f6zpont n\u00e9gy \u00e9vi manipul\u00e1ci\u00f3ja sem tudta a bogl\u00e1ri K\u00e1polna T\u00e1rlatokat olyan ir\u00e1nyba terelni, ami a hivatalos kult\u00farpolitika sz\u00e1m\u00e1ra elfogadhat\u00f3 lett volna. Ekkor j\u00f6tt az \u00dcb\u00fc kir\u00e1lyi fordulat: egy osztag \u00e1llig felfegyverkezett katona megt\u00e1madta a K\u00e1poln\u00e1t, ahol \u00e9pp sz\u00edni el\u0151ad\u00e1s folyt. Mindenkit kizavartak, majd befalazt\u00e1k (!) a kulccsal egy\u00e9bk\u00e9nt biztons\u00e1gosan z\u00e1rhat\u00f3 k\u00e1poln\u00e1t.<br \/>\n<strong>1973-1980<\/strong> A sz\u0171k\u00fcl\u0151 ki\u00e1ll\u00edt\u00e1si lehet\u0151s\u00e9gek miatt konceptu\u00e1lis m\u0171vek, performanszok korszaka egyed\u00fcl \u00e9s k\u00f6z\u00f6sen Csutoros S\u00e1ndorral, Moln\u00e1r V. J\u00f3zseffel, Szemad\u00e1m Gy\u00f6rggyel.<br \/>\n<strong>1980-1990<\/strong> Boldog, nyugalmas t\u00edz \u00e9v a Pann\u00f3nia Filmst\u00fadi\u00f3ban. M\u00e1r kiz\u00e1r\u00f3lag a fotogr\u00e1fi\u00e1val foglalkozom, megismerkedek az anim\u00e1ci\u00f3s filmk\u00e9sz\u00edt\u00e9s technik\u00e1j\u00e1val, sok kit\u0171n\u0151 m\u0171v\u00e9sz bar\u00e1ttal, Orosz Istv\u00e1nnal, Reisenb\u00fcchler S\u00e1ndorral, Horv\u00e1th M\u00e1ri\u00e1val, Jankovics Marcellal, Dargay Attil\u00e1val, Szoboszlay P\u00e9terrel, Vajda B\u00e9l\u00e1val, m\u00e1sokkal. Orosz Istv\u00e1nnal k\u00f6z\u00f6sen rendezett anim\u00e1ci\u00f3s r\u00f6vidfilm\u00fcnk az Apokrif.<br \/>\n<strong>1990-ben<\/strong> rendszerv\u00e1lt\u00e1s a Pannoni\u00e1ban is: egyszerre kapom meg t\u00edz \u00e9ves munkahelyi h\u0171s\u00e9g jutalmamat \u00e9s felmond\u00e1somat. Az\u00f3ta vagyok \u201eszabad\u00fasz\u00f3\u201d m\u0171v\u00e9sz \u00e9s k\u00e9nyszerv\u00e1llalkoz\u00f3.<br \/>\n1989-ben alap\u00edt\u00f3 tagk\u00e9nt bekapcsol\u00f3dok a Nemzetk\u00f6zi Kepes T\u00e1rsas\u00e1g munk\u00e1j\u00e1ba. Ez a magyar Kepes Gy\u00f6rgy nev\u00e9t visel\u0151 nemzetk\u00f6zi t\u00e1rsas\u00e1g m\u0171v\u00e9szekb\u0151l \u00e9s tud\u00f3sokb\u00f3l \u00e1ll. C\u00e9lja a Kepes-i gondolat korszer\u0171 tov\u00e1bb \u00e9ltet\u00e9se, a m\u0171v\u00e9szet \u00e9s tudom\u00e1ny hat\u00e1rter\u00fcleteinek m\u0171vel\u00e9se, az \u00faj tudom\u00e1nyos eredm\u00e9nyek hasznos\u00edt\u00e1sa a m\u0171v\u00e9szetekben.<br \/>\n<strong>1996<\/strong> \u00f3ta napjainkig \u00fajra f\u00e9nyk\u00e9pezek absztrakt fot\u00f3kat festm\u00e9nyek apr\u00f3 r\u00e9szleteir\u0151l. Az 1973 el\u0151tti munk\u00e1k folytat\u00e1sa ez. A vil\u00e1g f\u00f6lfel\u00e9 \u00e9s lefel\u00e9 tart\u00f3 v\u00e9gtelens\u00e9g\u00e9nek megnyilv\u00e1nul\u00e1sai ezek a szokatlanul nagy m\u00e9ret\u0171 \u2013 t\u00f6bb m\u00e9teres &#8211; fotogr\u00e1fi\u00e1k.<br \/>\n<strong>2007-ben<\/strong> megh\u00edvnak rendes tagnak a Magyar M\u0171v\u00e9szeti Akad\u00e9mi\u00e1ra. A Makovecz Imre \u00e1ltal alap\u00edtott Akad\u00e9mia megh\u00edv\u00e1sa nagy megtiszteltet\u00e9s, a Kecske utcai megbesz\u00e9l\u00e9sek, rendezv\u00e9nyek, el\u0151ad\u00e1sok pedig meghat\u00e1roz\u00f3, fontos kultur\u00e1lis esem\u00e9nyek sz\u00e1momra.<br \/>\n<strong>2008-t\u00f3l<\/strong> munk\u00e1im jelent\u0151s r\u00e9sze a digit\u00e1lis f\u00e9nyk\u00e9pez\u00e9s speci\u00e1lis lehet\u0151s\u00e9geivel foglalkozik, t\u00f6bb id\u0151s\u00edkot r\u00f6gz\u00edt\u0151 panor\u00e1ma k\u00e9peket k\u00e9sz\u00edtek. Az \u00faj k\u00e9pek nagy r\u00e9sze Erd\u00e9lyben k\u00e9sz\u00fclt, ezek \u00f6sszetartoz\u00e1sunk, sorsunk azonoss\u00e1g\u00e1nak jelk\u00e9pei.<br \/>\n<strong>2011. november 5-\u00e9n<\/strong> a M\u0171v\u00e9szeti Akad\u00e9mia k\u00f6ztest\u00fclet lett. Az Akad\u00e9mia Fel\u00fcgyel\u0151 Test\u00fclet\u00e9nek megv\u00e1lasztott, majd 2014-ben \u00fajrav\u00e1lasztott tagjak\u00e9nt energi\u00e1im nagy r\u00e9sz\u00e9t lek\u00f6ti a munka \u00e9s az aggodalommal terhes rem\u00e9ny, hogy az Akad\u00e9mia m\u00e9lt\u00f3v\u00e1 tud-e v\u00e1lni megfogalmazott c\u00e9ljaihoz. Az eredm\u00e9nyr\u0151l majd ut\u00f3dainkat kell megk\u00e9rdezni 50-60 \u00e9v m\u00falva. \u201e<\/p>\n<div id=\"attachment_54933\" style=\"width: 635px\" class=\"wp-caption alignnone\"><a href=\"https:\/\/ujkafe.website\/wp-content\/uploads\/2016\/10\/vanyolo_harislaszlo2.jpg\"><img loading=\"lazy\" decoding=\"async\" aria-describedby=\"caption-attachment-54933\" class=\"wp-image-54933\" src=\"https:\/\/ujkafe.website\/wp-content\/uploads\/2016\/10\/vanyolo_harislaszlo2.jpg\" alt=\"vanyolo_harislaszlo2\" width=\"625\" height=\"225\" srcset=\"https:\/\/ujkafe.website\/wp-content\/uploads\/2016\/10\/vanyolo_harislaszlo2.jpg 900w, https:\/\/ujkafe.website\/wp-content\/uploads\/2016\/10\/vanyolo_harislaszlo2-300x108.jpg 300w\" sizes=\"auto, (max-width: 625px) 100vw, 625px\" \/><\/a><p id=\"caption-attachment-54933\" class=\"wp-caption-text\"><em>Haris L\u00e1szl\u00f3:\u00a0Csikmadarasi\u00a0v\u00e1nyol\u00f3 (a 2010-es csikmadarasi HMKK-fot\u00f3t\u00e1borban k\u00e9sz\u00fclt panor\u00e1ma felv\u00e9tel)<\/em><\/p><\/div>\n<p>A fentebb le\u00edrtak sor\u00e1ban, azokhoz m\u00e9rten csup\u00e1n egy apr\u00f3 mozzanatnak t\u0171nik az al\u00e1bbi k\u00f6zj\u00e1t\u00e9k:<br \/>\n2005-ben a neves Kolta fot\u00f3gal\u00e9ri\u00e1ban Haris L\u00e1szl\u00f3 t\u00e1rlatot rendez. A nyilv\u00e1nos megnyit\u00f3 besz\u00e9lget\u00e9sen sz\u00f3ba ker\u00fcl az 1956-os fot\u00f3s kaland, meg sajn\u00e1latos sorsuk is \u2013 hogy akkor k\u00e9sz\u00fclt fot\u00f3i elvesztek a k\u00f6z\u00f6ns\u00e9g sz\u00e1m\u00e1ra. A fot\u00f3m\u0171v\u00e9sz elmes\u00e9li, hogy az ezredfordul\u00f3n, h\u00e1la rendetlens\u00e9g\u00e9nek, el\u0151ker\u00fclt ugyan n\u00e9h\u00e1ny nagy\u00edt\u00e1sa, de a nagy t\u00f6bbs\u00e9g megsemmis\u00fclt.<br \/>\nAz \u00e9rdekl\u0151d\u0151 k\u00f6z\u00f6ns\u00e9g soraiban jelen van egykori gimn\u00e1ziumi oszt\u00e1lyt\u00e1rsa, j\u00f3 bar\u00e1tja, Varga L\u00e1szl\u00f3, aki p\u00e1r h\u00e9tre r\u00e1 bevallotta: n\u00e1la megtal\u00e1lhat\u00f3 15 nagy\u00edtott k\u00e9p az \u201e56-os sorozatb\u00f3l.<br \/>\n<em>\u201e\u0150 1959-ben elj\u00f6tt hozz\u00e1m \u2013 <\/em>eml\u00e9kezett vissza a m\u0171v\u00e9sz egy 2012-es interj\u00faban<em> \u2013, \u00e9s nagy\u00edtottam sz\u00e1m\u00e1ra egy sorozatot, amit meg\u0151rz\u00f6tt, s mikor angol bar\u00e1tai Budapestre j\u00f6ttek, megmutatta nekik ezeket a fot\u00f3kat.\u201d<\/em><br \/>\nAz \u00edgy csod\u00e1val hat\u00e1ros m\u00f3don visszanyert, cakkosan k\u00f6rbev\u00e1gott 6\u00d79 cm-es f\u00e9nyk\u00e9peket Haris L\u00e1szl\u00f3 sz\u00e1m\u00edt\u00f3g\u00e9p seg\u00edts\u00e9g\u00e9vel kijav\u00edtotta, \u00e9s felnagy\u00edtotta. Elk\u00e9sz\u00fclt\u00fck k\u00f6r\u00fclm\u00e9nyeir\u0151l, az 1956. november 2-\u00e1n tett fot\u00f3s s\u00e9t\u00e1j\u00e1n \u00e1ltala l\u00e1tottakr\u00f3l-tapasztaltakr\u00f3l r\u00e9szletesen besz\u00e1molt abban a nagyszab\u00e1s\u00fa interj\u00faban, amit<strong> Szakolczay Lajos<\/strong> k\u00e9sz\u00edtett vele \u00e9s<strong> J\u00f6v\u0151k\u00e9p \u2013 gyerekszemmel<\/strong> c\u00edmmel tett k\u00f6zz\u00e9 a <em>Magyar Napl\u00f3 c\u00edm\u0171 foly\u00f3irat 2006\/10. sz\u00e1m\u00e1ban<\/em>.<\/p>\n<p><em>(Folytatjuk)<\/em><\/p>\n<p><em><strong>\u00d6ssze\u00e1ll\u00edtotta: Cseke G\u00e1bor<\/strong><\/em><\/p>\n","protected":false},"excerpt":{"rendered":"<p>15 f\u00e9nyk\u00e9p eml\u00e9kezete \/ I. A rendk\u00edv\u00fcli esem\u00e9nyek t\u00f6v\u00e9ben szinte term\u00e9szetes, hogy rendk\u00edv\u00fcli teljes\u00edtm\u00e9nyek ny\u00edlnak. A magyarorsz\u00e1gi 1956, s k\u00fcl\u00f6n\u00f6sen annak budapesti forgataga, minden bizonnyal ilyen esem\u00e9nyek lehettek, megterm\u00e9keny\u00edtve eg\u00e9sz nemzed\u00e9kek fant\u00e1zi\u00e1j\u00e1t, tettv\u00e1gy\u00e1t. A forradalmi t\u00f6rt\u00e9n\u00e9sek l\u00fcktet\u0151 napjaiban teljesen term\u00e9szetes volt, hogy lelkes kamaszok maguk is fegyvert ragadtak \u00e9s be\u00e1lltak nemzet\u0151r\u00f6knek Budapest barik\u00e1djain. Hozz\u00e1juk k\u00e9pest [&hellip;]<\/p>\n","protected":false},"author":3,"featured_media":0,"comment_status":"open","ping_status":"open","sticky":false,"template":"","format":"standard","meta":{"_monsterinsights_skip_tracking":false,"_monsterinsights_sitenote_active":false,"_monsterinsights_sitenote_note":"","_monsterinsights_sitenote_category":0,"ngg_post_thumbnail":0,"footnotes":""},"categories":[140,5],"tags":[],"class_list":["post-54928","post","type-post","status-publish","format-standard","hentry","category-1956-2016","category-foto"],"_links":{"self":[{"href":"https:\/\/ujkafe.website\/index.php?rest_route=\/wp\/v2\/posts\/54928","targetHints":{"allow":["GET"]}}],"collection":[{"href":"https:\/\/ujkafe.website\/index.php?rest_route=\/wp\/v2\/posts"}],"about":[{"href":"https:\/\/ujkafe.website\/index.php?rest_route=\/wp\/v2\/types\/post"}],"author":[{"embeddable":true,"href":"https:\/\/ujkafe.website\/index.php?rest_route=\/wp\/v2\/users\/3"}],"replies":[{"embeddable":true,"href":"https:\/\/ujkafe.website\/index.php?rest_route=%2Fwp%2Fv2%2Fcomments&post=54928"}],"version-history":[{"count":0,"href":"https:\/\/ujkafe.website\/index.php?rest_route=\/wp\/v2\/posts\/54928\/revisions"}],"wp:attachment":[{"href":"https:\/\/ujkafe.website\/index.php?rest_route=%2Fwp%2Fv2%2Fmedia&parent=54928"}],"wp:term":[{"taxonomy":"category","embeddable":true,"href":"https:\/\/ujkafe.website\/index.php?rest_route=%2Fwp%2Fv2%2Fcategories&post=54928"},{"taxonomy":"post_tag","embeddable":true,"href":"https:\/\/ujkafe.website\/index.php?rest_route=%2Fwp%2Fv2%2Ftags&post=54928"}],"curies":[{"name":"wp","href":"https:\/\/api.w.org\/{rel}","templated":true}]}}