
{"id":54937,"date":"2016-10-02T06:27:21","date_gmt":"2016-10-02T06:27:21","guid":{"rendered":"https:\/\/ujkafe.website\/?p=54937"},"modified":"2016-10-02T06:27:21","modified_gmt":"2016-10-02T06:27:21","slug":"demeny-peter-operamesek-16","status":"publish","type":"post","link":"https:\/\/ujkafe.website\/?p=54937","title":{"rendered":"Dem\u00e9ny P\u00e9ter: Operames\u00e9k (16)"},"content":{"rendered":"<h2><strong>A var\u00e1zsfuvola<\/strong><\/h2>\n<p><em><strong>(Zene: Wolfgang Amadeus Mozart, sz\u00f6vegk\u00f6nyv: Emanuel Schikaneder)<\/strong><\/em><\/p>\n<p>Ennyi h\u0171h\u00f3t m\u00e9g a legzavarosabb oper\u00e1ban sem l\u00e1tni &#8211; nem v\u00e9letlen, hogy maga a sz\u00f3 is a k\u00e9t legcsod\u00e1latosabb g\u00e9niusz \u00e9letm\u0171ve kapcs\u00e1n bukkan fel. Mindenki mindenfel\u00e9 rohan, ha net\u00e1n megpihen, eldallintja mag\u00e1t, mindenki rosszat akar, jaj nem, van, aki j\u00f3t is, p\u00e9ld\u00e1ul Sarastro vagy Papageno, aki k\u00f6zt\u00fcnk sz\u00f3lva nem is igaz\u00e1n tudja, mit akar. De szerelmes lesz, persze Tamino szerelmesen sz\u00fcletik, \u00e9s Pamin\u00e1t \u00f3hajtja. \u00c9s az \u00c9j kir\u00e1lyn\u0151je is ott van, meg a k\u00edgy\u00f3k, meg Papagena, meg&#8230; Sz\u00f3val fuvola ez a jav\u00e1b\u00f3l.<!--more--><\/p>\n<p><iframe loading=\"lazy\" title=\"\u00c9j kir\u00e1lyn\u0151j\u00e9nek bossz\u00fa\u00e1ri\u00e1ja.avi\" width=\"500\" height=\"281\" src=\"https:\/\/www.youtube.com\/embed\/h9IXgb0ZG9I?feature=oembed\" frameborder=\"0\" allow=\"accelerometer; autoplay; clipboard-write; encrypted-media; gyroscope; picture-in-picture; web-share\" referrerpolicy=\"strict-origin-when-cross-origin\" allowfullscreen><\/iframe><\/p>\n","protected":false},"excerpt":{"rendered":"<p>A var\u00e1zsfuvola (Zene: Wolfgang Amadeus Mozart, sz\u00f6vegk\u00f6nyv: Emanuel Schikaneder) Ennyi h\u0171h\u00f3t m\u00e9g a legzavarosabb oper\u00e1ban sem l\u00e1tni &#8211; nem v\u00e9letlen, hogy maga a sz\u00f3 is a k\u00e9t legcsod\u00e1latosabb g\u00e9niusz \u00e9letm\u0171ve kapcs\u00e1n bukkan fel. Mindenki mindenfel\u00e9 rohan, ha net\u00e1n megpihen, eldallintja mag\u00e1t, mindenki rosszat akar, jaj nem, van, aki j\u00f3t is, p\u00e9ld\u00e1ul Sarastro vagy Papageno, aki [&hellip;]<\/p>\n","protected":false},"author":3,"featured_media":0,"comment_status":"open","ping_status":"open","sticky":false,"template":"","format":"standard","meta":{"_monsterinsights_skip_tracking":false,"_monsterinsights_sitenote_active":false,"_monsterinsights_sitenote_note":"","_monsterinsights_sitenote_category":0,"ngg_post_thumbnail":0,"footnotes":""},"categories":[28,120],"tags":[],"class_list":["post-54937","post","type-post","status-publish","format-standard","hentry","category-dal","category-essze"],"_links":{"self":[{"href":"https:\/\/ujkafe.website\/index.php?rest_route=\/wp\/v2\/posts\/54937","targetHints":{"allow":["GET"]}}],"collection":[{"href":"https:\/\/ujkafe.website\/index.php?rest_route=\/wp\/v2\/posts"}],"about":[{"href":"https:\/\/ujkafe.website\/index.php?rest_route=\/wp\/v2\/types\/post"}],"author":[{"embeddable":true,"href":"https:\/\/ujkafe.website\/index.php?rest_route=\/wp\/v2\/users\/3"}],"replies":[{"embeddable":true,"href":"https:\/\/ujkafe.website\/index.php?rest_route=%2Fwp%2Fv2%2Fcomments&post=54937"}],"version-history":[{"count":0,"href":"https:\/\/ujkafe.website\/index.php?rest_route=\/wp\/v2\/posts\/54937\/revisions"}],"wp:attachment":[{"href":"https:\/\/ujkafe.website\/index.php?rest_route=%2Fwp%2Fv2%2Fmedia&parent=54937"}],"wp:term":[{"taxonomy":"category","embeddable":true,"href":"https:\/\/ujkafe.website\/index.php?rest_route=%2Fwp%2Fv2%2Fcategories&post=54937"},{"taxonomy":"post_tag","embeddable":true,"href":"https:\/\/ujkafe.website\/index.php?rest_route=%2Fwp%2Fv2%2Ftags&post=54937"}],"curies":[{"name":"wp","href":"https:\/\/api.w.org\/{rel}","templated":true}]}}