
{"id":54983,"date":"2016-10-03T16:05:25","date_gmt":"2016-10-03T16:05:25","guid":{"rendered":"https:\/\/ujkafe.website\/?p=54983"},"modified":"2016-10-03T16:10:24","modified_gmt":"2016-10-03T16:10:24","slug":"1956-2016-egy-forradalom-ujrajatszasa-7-2","status":"publish","type":"post","link":"https:\/\/ujkafe.website\/?p=54983","title":{"rendered":"1956-2016: Egy forradalom \u00fajraj\u00e1tsz\u00e1sa (75)"},"content":{"rendered":"<div id=\"attachment_54993\" style=\"width: 635px\" class=\"wp-caption alignnone\"><a href=\"https:\/\/ujkafe.website\/wp-content\/uploads\/2016\/10\/\u00dcll\u0151i-\u00fat.jpg\"><img loading=\"lazy\" decoding=\"async\" aria-describedby=\"caption-attachment-54993\" class=\"wp-image-54993\" src=\"https:\/\/ujkafe.website\/wp-content\/uploads\/2016\/10\/\u00dcll\u0151i-\u00fat.jpg\" alt=\"\u00dcll\u0151i \u00fat\" width=\"625\" height=\"396\" srcset=\"https:\/\/ujkafe.website\/wp-content\/uploads\/2016\/10\/\u00dcll\u0151i-\u00fat.jpg 1500w, https:\/\/ujkafe.website\/wp-content\/uploads\/2016\/10\/\u00dcll\u0151i-\u00fat-300x190.jpg 300w, https:\/\/ujkafe.website\/wp-content\/uploads\/2016\/10\/\u00dcll\u0151i-\u00fat-1024x649.jpg 1024w\" sizes=\"auto, (max-width: 625px) 100vw, 625px\" \/><\/a><p id=\"caption-attachment-54993\" class=\"wp-caption-text\"><em>Haris L\u00e1szl\u00f3: \u00dcll\u0151i \u00fat (1956. november 2.)<\/em><\/p><\/div>\n<h2><strong>15 f\u00e9nyk\u00e9p eml\u00e9kezete \/ II.<\/strong><\/h2>\n<p>A Szakolczay-interj\u00fa J\u00f3val t\u00f6bb &#8217;56-os eml\u00e9kez\u00e9sn\u00e9l. Benne van Haris L\u00e1szl\u00f3 fot\u00f3m\u0171v\u00e9ssz\u00e9 v\u00e1l\u00e1s\u00e1nak korai motiv\u00e1ci\u00f3ja is, a csal\u00e1di \u00e9s k\u00f6rnyezeti hat\u00e1sokkal egyetemben.<br \/>\nFot\u00f3zni ugyanis a n\u00e1la nagyobb b\u00e1tyja p\u00e9ld\u00e1j\u00e1ra kezdett.\u00a0<em>\u201eEngem m\u00e1r eg\u00e9szen kicsi gyerekk\u00e9nt nagyon \u00e9rdekelt a dolog s az, amit \u0151 csin\u00e1lt, \u00fagyhogy \u00e9n m\u00e1r a sz\u00f3 szoros \u00e9rtelm\u00e9ben hat\u00e9ves koromban f\u00e9nyk\u00e9peztem. Kaptam egy Kodak box g\u00e9pet, ami 4\u00d76 \u00e9s feles k\u00e9peket csin\u00e1lt (ez a film m\u00e9ret ma m\u00e1r nincs is, elt\u0171nt a vil\u00e1gb\u00f3l), s megtanultam a b\u00e1ty\u00e1mt\u00f3l el\u0151h\u00edvni a k\u00e9peket.<\/em> <em><!--more-->Lehetett Devofort \u00e9s Fixofort vegyszereket kapni hozz\u00e1, \u00e9s tudtam kontaktolni, teh\u00e1t azonos m\u00e9ret\u0171 pap\u00edr k\u00f3pi\u00e1kat csin\u00e1lni. M\u00e9g most is van olyan k\u00e9pem, amelyet hat\u00e9ves koromban k\u00e9sz\u00edtettem. Ahogy n\u0151ttem, egy kicsit mindig t\u00f6k\u00e9letes\u00edtettem ilyen ir\u00e1ny\u00fa tud\u00e1somat. T\u00edz-tizenk\u00e9t \u00e9ves koromra m\u00e1r eg\u00e9sz j\u00f3l tudtam f\u00e9nyk\u00e9pezni. P\u00e9ld\u00e1ul az eml\u00edtett Somorjai tan\u00e1r \u00far\u2013f\u00e9le oszt\u00e1lykir\u00e1ndul\u00e1sokon rengeteget f\u00e9nyk\u00e9peztem, otthon megnagy\u00edtottam, majd bevittem az iskol\u00e1ba s egy forint\u00e9rt \u00e1rultam a k\u00e9peket. Oszt\u00e1lyt\u00e1rsaim \u00f6r\u00f6mmel v\u00e1s\u00e1rolt\u00e1k meg t\u0151lem \u0151ket. M\u00e9g most is vannak olyan k\u00e9peim, amelyeknek a h\u00e1t\u00e1ra r\u00e1\u00edrtam a d\u00e1tumot meg azoknak az oszt\u00e1lyt\u00e1rsaimnak a nev\u00e9t \u2013 Tancsa, Turopoli, Szalm\u00e1si, Kulcs\u00e1r \u2013, akiknek k\u00e9sz\u00edtettem a nagy\u00edt\u00e1sokat.&#8221;<\/em><\/p>\n<p>*<\/p>\n<p>A kamasz Haris L\u00e1szl\u00f3nak nincs k\u00f6zvetlen, amolyan \u201eforr\u00f3\u201d 1956-os \u00e9lm\u00e9nye, mert a forradalom napjainak j\u00f3 r\u00e9sz\u00e9ben odahaza tart\u00f3zkodott: sz\u00fclei f\u00e9ltett\u00e9k, hogy bajba keveredik. \u00c9pp el\u00e9g izgalom volt a sz\u00e1mukra, hogy L\u00e1szl\u00f3 m\u0171szaki egyetemre j\u00e1r\u00f3 b\u00e1tyja m\u00e1r az els\u0151 napokban bement az egyetemre, ott be\u00e1llt egyetemi nemzet\u0151rnek, s ut\u00e1na semmi h\u00edrt nem hallottak r\u00f3la, eg\u00e9szen november 4-\u00e9ig, amikor a parancsnokuk sz\u00e9lnek eresztette az egyetemista fiatalokat, hogy \u00e9let\u00fcket megmentse. Haris b\u00e1tyja szerint akkor m\u00e1r er\u0151sen t\u0171z alatt volt a Szabads\u00e1g h\u00edd, s \u0151 a h\u00edd v\u00e9g\u00e9nek pill\u00e9rei k\u00f6z\u00f6tt k\u00faszott \u00e1t.<br \/>\nEhhez k\u00e9pest a gimnazista L\u00e1szl\u00f3nak \u201eszerencs\u00e9je\u201d volt&#8230;<br \/>\n<em>\u2013 Okt\u00f3ber 23-\u00e1n mi d\u00e9lut\u00e1nosok voltunk, \u00e9s P\u00e9ter tan\u00e1r \u00far, a tornatan\u00e1r bej\u00f6tt az oszt\u00e1lyba, hogy n\u00e9h\u00e1ny gyerekkel (k\u00f6z\u00fcl\u00fck az egyik \u00e9n voltam), a tan\u00e1rib\u00f3l egy hever\u0151t \u00e1tcipeltessen a Dugonics utca melletti Vajda P\u00e9ter utc\u00e1ba, a k\u00e1rpitoshoz \u2013 olvashatjuk a Szakolczay Lajosnak adott interj\u00faban. \u2013 M\u00e1r kezdett s\u00f6t\u00e9tedni, amikor tan\u00edt\u00e1s ut\u00e1n elvitt\u00fck a m\u0171helybe a hever\u0151t. Gyalog j\u00f6tt\u00fcnk hazafel\u00e9. A K\u00e1lv\u00e1ria t\u00e9r sark\u00e1ban volt egy k\u00f6z\u00e9rt, \u00e9s m\u00e9g j\u00e1rt a villamos. L\u00e1ttunk egy embert, aki valami l\u00e1darak\u00e1s tetej\u00e9n \u00e1llt \u00e9s sz\u00f3nokolt, s m\u00e1r hallani lehetett a l\u00f6v\u00e9seket a R\u00e1di\u00f3 fel\u0151l. A Szigetv\u00e1ri utca csak egy ugr\u00e1sra van onnan, \u00fagyhogy otthon is hallott\u00e1k a l\u00f6v\u00e9seket. \u00c9desany\u00e1m nagyon agg\u00f3dott, nem tudta, mi\u00e9rt \u00e9rtem k\u00e9s\u0151n haza. \u00c9desap\u00e1m m\u00e1r hazaj\u00f6tt a gy\u00e1rb\u00f3l, \u00e9s este a r\u00e1di\u00f3ra tapadva figyelt\u00e9k a h\u00edreket. A k\u00f6vetkez\u0151 napokat otthon t\u00f6lt\u00f6tt\u00fck. Miut\u00e1n a b\u00e1ty\u00e1m elment, engem nem engedtek ki az utc\u00e1ra \u2013 \u00e9s ann\u00e1l \u00e9n jobb gyerek voltam, hogy sz\u00fcleim tilt\u00e1sa ellen\u00e9re kimenjek! \u00dagyhogy sz\u00f3t fogadtam, \u00e9s otthon maradtam. Az esem\u00e9nyekr\u0151l a r\u00e1di\u00f3b\u00f3l \u00e9rtes\u00fclt\u00fcnk&#8230;<\/em><br \/>\nHaris L\u00e1szl\u00f3 arra is eml\u00e9kszik, hogy azokban a napokban neh\u00e9z volt \u00e9lelmiszert beszerezni, b\u00e1r k\u00f6zvetlen \u00e9letvesz\u00e9ly a k\u00f6rny\u00e9k\u00fck\u00f6n nem volt. \u00c9desanyja j\u00e1rt ki a k\u00f6zeli Teleki-t\u00e9rre, s \u0151 mes\u00e9lte, hogy az oda \u00e9rkez\u0151 falusiak rengeteg \u00e9lelmet hoztak \u00e9s mindent nevets\u00e9gesen olcs\u00f3n \u00e1rultak&#8230; \u00c9desapja egy-k\u00e9t napi otthonmarad\u00e1s ut\u00e1n bement a gy\u00e1rba, majd ott bev\u00e1lasztott\u00e1k a munk\u00e1stan\u00e1csba, de est\u00e9nk\u00e9nt hazaj\u00f6tt a csal\u00e1dhoz.<br \/>\n<em>\u2013 November 2-a gy\u00f6ny\u00f6r\u0171 sz\u00e9p nap volt, mert megtudtuk a r\u00e1di\u00f3b\u00f3l, hogy a szovjet csapatok elhagyt\u00e1k Budapestet. \u00dagy l\u00e1tszott, gy\u0151z\u00f6tt a forradalom. Csend volt a v\u00e1rosban, s\u00fct\u00f6tt a nap. Ekkor kaptam enged\u00e9lyt a sz\u00fcleimt\u0151l, hogy elmehetek f\u00e9nyk\u00e9pezni&#8230;<\/em><br \/>\nEzekkel a szavakkal ind\u00edtotta k\u00e9pzeletbeli fot\u00f3s s\u00e9t\u00e1j\u00e1t Haris L\u00e1szl\u00f3 a Magyar Napl\u00f3ban k\u00f6z\u00f6lt 2006-os interj\u00faban.<\/p>\n<p>*<\/p>\n<p>A fot\u00f3s s\u00e9ta ak\u00e1r p\u00e1r mondatban is \u00f6sszefoglalhat\u00f3, de a csod\u00e1val hat\u00e1ros m\u00f3don el\u0151ker\u00fclt f\u00e9nyk\u00e9pek meg\u00e9rdemlik a t\u00f6rt\u00e9nelmi esem\u00e9nynek kij\u00e1r\u00f3 felid\u00e9z\u00e9st, r\u00e9szletez\u00e9st. Ehhez a fot\u00f3m\u0171v\u00e9sz \u00e1ltal a leghitelesebbnek \u00e9s legpontosabbnak tartott forr\u00e1sdokumentumot, a Szakolczay-interj\u00fat h\u00edvjuk seg\u00edts\u00e9g\u00fcl.<br \/>\n(Az itt k\u00f6vetkez\u0151 eml\u00e9kez\u00e9s-f\u00fcz\u00e9r az interj\u00fa sz\u00f6veg\u00e9re \u00e9p\u00fcl, a mes\u00e9l\u00e9s kedv\u00e9\u00e9rt mell\u0151zve a k\u00f6zbevetett riporteri k\u00e9rd\u00e9seket.)<\/p>\n<div id=\"attachment_54984\" style=\"width: 510px\" class=\"wp-caption alignnone\"><a href=\"https:\/\/ujkafe.website\/wp-content\/uploads\/2016\/10\/K\u00f6zt-t\u00e9r-\u00e1sat\u00e1s.jpg\"><img loading=\"lazy\" decoding=\"async\" aria-describedby=\"caption-attachment-54984\" class=\"wp-image-54984\" src=\"https:\/\/ujkafe.website\/wp-content\/uploads\/2016\/10\/K\u00f6zt-t\u00e9r-\u00e1sat\u00e1s.jpg\" alt=\"K\u00f6zt t\u00e9r \u00e1sat\u00e1s\" width=\"500\" height=\"335\" srcset=\"https:\/\/ujkafe.website\/wp-content\/uploads\/2016\/10\/K\u00f6zt-t\u00e9r-\u00e1sat\u00e1s.jpg 1500w, https:\/\/ujkafe.website\/wp-content\/uploads\/2016\/10\/K\u00f6zt-t\u00e9r-\u00e1sat\u00e1s-300x201.jpg 300w, https:\/\/ujkafe.website\/wp-content\/uploads\/2016\/10\/K\u00f6zt-t\u00e9r-\u00e1sat\u00e1s-1024x686.jpg 1024w\" sizes=\"auto, (max-width: 500px) 100vw, 500px\" \/><\/a><p id=\"caption-attachment-54984\" class=\"wp-caption-text\"><em>Haris L\u00e1szl\u00f3: K\u00f6zt\u00e1rsas\u00e1g-t\u00e9ri \u00e1sat\u00e1s (1956. november 2.)<\/em><\/p><\/div>\n<p>\u2013 Els\u0151 utunk a K\u00f6zt\u00e1rsas\u00e1g t\u00e9rre vezetett. Ott l\u00e1ttam az \u00e1sat\u00e1sokat \u2013 tudod, akkoriban az a h\u00edr j\u00e1rta, hogy a K\u00f6zt\u00e1rsas\u00e1g t\u00e9r alatt, a p\u00e1rth\u00e1z k\u00f6r\u00fcl f\u00f6ldbe v\u00e1jt alagutakban, politikai foglyokat \u0151riznek. Az \u00e1v\u00f3sok \u00e1ltal megk\u00ednzott foglyokat. S ezeket elkezdt\u00e9k ott \u2013 markol\u00f3g\u00e9ppel \u2013 kibontani&#8230; Ut\u00e1na kiment\u00fcnk az Erkel Sz\u00ednh\u00e1z mellett vagy a p\u00e1rth\u00e1z mellett valamelyik utc\u00e1n a R\u00e1k\u00f3czi \u00fatra. Nem volt sz\u00e9tl\u0151ve teljesen, viszont az Otthon \u00c1ruh\u00e1zat (amely akkor a Divatcsarnok volt), elk\u00e9peszt\u0151en sz\u00e9tl\u0151tt\u00e9k!&#8230;<\/p>\n<div id=\"attachment_54985\" style=\"width: 510px\" class=\"wp-caption alignnone\"><a href=\"https:\/\/ujkafe.website\/wp-content\/uploads\/2016\/10\/Otthon-\u00c1ruh\u00e1z.jpg\"><img loading=\"lazy\" decoding=\"async\" aria-describedby=\"caption-attachment-54985\" class=\"wp-image-54985\" src=\"https:\/\/ujkafe.website\/wp-content\/uploads\/2016\/10\/Otthon-\u00c1ruh\u00e1z.jpg\" alt=\"Otthon \u00c1ruh\u00e1z\" width=\"500\" height=\"343\" srcset=\"https:\/\/ujkafe.website\/wp-content\/uploads\/2016\/10\/Otthon-\u00c1ruh\u00e1z.jpg 1500w, https:\/\/ujkafe.website\/wp-content\/uploads\/2016\/10\/Otthon-\u00c1ruh\u00e1z-300x206.jpg 300w, https:\/\/ujkafe.website\/wp-content\/uploads\/2016\/10\/Otthon-\u00c1ruh\u00e1z-1024x702.jpg 1024w\" sizes=\"auto, (max-width: 500px) 100vw, 500px\" \/><\/a><p id=\"caption-attachment-54985\" class=\"wp-caption-text\"><em>Haris L\u00e1szl\u00f3: Otthon \u00c1ruh\u00e1z (1956. november 2.)<\/em><\/p><\/div>\n<p>\u2013 Eml\u00e9kszem, az utc\u00e1n j\u00e1rk\u00e1l\u00f3 emberek nagyon sz\u00edv\u00e9lyesek \u00e9s boldogok voltak. Kedvesen mindenf\u00e9l\u00e9r\u0151l sz\u00f3t v\u00e1ltottak \u2013 adt\u00e1k egym\u00e1snak a h\u00edreket (gondolom, ennek egy r\u00e9sze igaz volt, m\u00e1s r\u00e9sze nem), \u00e9s azt besz\u00e9lt\u00e9k, hogy az \u00e9p\u00fcletet az oroszok bomb\u00e1zt\u00e1k le. Nem tudom, igaz-e? De az biztos, hogy f\u00f6ldig le volt rombolva a n\u00e9gy- vagy \u00f6temeletes \u00e9p\u00fclet. Pedig tudom\u00e1som szerint ott nem is volt semmif\u00e9le forradalmi g\u00f3c. Legal\u00e1bbis nem hallottuk, hogy lett volna ott valami ellen\u00e1ll\u00e1s&#8230; tal\u00e1n valamelyik ablakb\u00f3l r\u00e1l\u0151hettek egy orosz tankra? \u00c9s ezt azut\u00e1n csin\u00e1lt\u00e1k&#8230;? De hogy ilyen \u201eelmebeteg\u201d dolgok t\u00f6rt\u00e9ntek, arra p\u00e1r sz\u00e1z m\u00e9terrel k\u00e9s\u0151bb, a R\u00f3kus k\u00e1poln\u00e1n\u00e1l j\u00f6tt\u00fcnk r\u00e1.<\/p>\n<div id=\"attachment_54986\" style=\"width: 360px\" class=\"wp-caption alignnone\"><a href=\"https:\/\/ujkafe.website\/wp-content\/uploads\/2016\/10\/R\u00f3kus-k\u00e1p.jpg\"><img loading=\"lazy\" decoding=\"async\" aria-describedby=\"caption-attachment-54986\" class=\"wp-image-54986\" src=\"https:\/\/ujkafe.website\/wp-content\/uploads\/2016\/10\/R\u00f3kus-k\u00e1p.jpg\" alt=\"R\u00f3kus k\u00e1p\" width=\"350\" height=\"483\" srcset=\"https:\/\/ujkafe.website\/wp-content\/uploads\/2016\/10\/R\u00f3kus-k\u00e1p.jpg 1086w, https:\/\/ujkafe.website\/wp-content\/uploads\/2016\/10\/R\u00f3kus-k\u00e1p-217x300.jpg 217w, https:\/\/ujkafe.website\/wp-content\/uploads\/2016\/10\/R\u00f3kus-k\u00e1p-741x1024.jpg 741w\" sizes=\"auto, (max-width: 350px) 100vw, 350px\" \/><\/a><p id=\"caption-attachment-54986\" class=\"wp-caption-text\"><em>Haris L\u00e1szl\u00f3: R\u00f3kus k\u00e1polna (1956. november 2.)<\/em><\/p><\/div>\n<p>\u2013 A R\u00f3kus k\u00e1polna \u00fagy helyezkedik el, hogy ott egy kicsit megt\u00f6rik a R\u00e1k\u00f3czi \u00fat, s a R\u00e1k\u00f3czi \u00fatnak az egyenes vonal\u00e1ba \u2013 mintegy \u2013 beleugrik a R\u00f3kus k\u00e1polna. Teljesen sz\u00e9tl\u0151tt\u00e9k! A torny\u00e1t lel\u0151tt\u00e9k, \u00e9s nagyon sok bel\u00f6v\u00e9st kapott. Ezt is lef\u00e9nyk\u00e9peztem. Azt\u00e1n ment\u00fcnk tov\u00e1bb a M\u00fazeum k\u00f6r\u00faton a K\u00e1lvin t\u00e9r fel\u00e9. A K\u00e1lvin-t\u00e9ren tal\u00e1lkoztam egy p\u00e9nzgy\u0171jt\u0151 akci\u00f3val \u2013 tudom, hogy t\u00f6bb is volt a v\u00e1rosban, \u00e9n mindenesetre itt l\u00e1ttam: a forradalom \u00e1rv\u00e1inak fel\u00e1ll\u00edtottak egy becs\u00fcletkassz\u00e1t (egy katonal\u00e1d\u00e1t vagy fal\u00e1d\u00e1t, fedele kinyitva), \u00e9s tele volt sz\u00e1zforintosokkal! Egy c\u00e9dul\u00e1t olvashattunk f\u00f6l\u00f6tte: \u201eForradalmunk tisztas\u00e1ga megengedi, hogy \u00edgy gy\u0171jts\u00fcnk m\u00e1rt\u00edrjaink csal\u00e1dj\u00e1nak&#8221;. Ezt is lef\u00e9nyk\u00e9peztem.<\/p>\n<div id=\"attachment_54987\" style=\"width: 510px\" class=\"wp-caption alignnone\"><a href=\"https:\/\/ujkafe.website\/wp-content\/uploads\/2016\/10\/A-N\u00c9P.jpg\"><img loading=\"lazy\" decoding=\"async\" aria-describedby=\"caption-attachment-54987\" class=\"wp-image-54987\" src=\"https:\/\/ujkafe.website\/wp-content\/uploads\/2016\/10\/A-N\u00c9P.jpg\" alt=\"A N\u00c9P\" width=\"500\" height=\"400\" srcset=\"https:\/\/ujkafe.website\/wp-content\/uploads\/2016\/10\/A-N\u00c9P.jpg 1200w, https:\/\/ujkafe.website\/wp-content\/uploads\/2016\/10\/A-N\u00c9P-300x240.jpg 300w, https:\/\/ujkafe.website\/wp-content\/uploads\/2016\/10\/A-N\u00c9P-1024x818.jpg 1024w\" sizes=\"auto, (max-width: 500px) 100vw, 500px\" \/><\/a><p id=\"caption-attachment-54987\" class=\"wp-caption-text\"><em>Haris L\u00e1szl\u00f3: A N\u00c9P (1956. november 2.)<\/em><\/p><\/div>\n<p>\u2013 A R\u00e1k\u00f3czi \u00fat \u00e9s a K\u00f6r\u00fat sark\u00e1n m\u00e9g \u00e1llt a Nemzeti Sz\u00ednh\u00e1z, \u00e9s a N\u00e9psz\u00ednh\u00e1z utc\u00e1val szemben ott \u00e1llt a Szabad N\u00e9p Sz\u00e9kh\u00e1z. Ennek az \u00e9p\u00fcletnek a f\u00f6ldszintj\u00e9t, a K\u00f6r\u00fat fel\u00e9 es\u0151 r\u00e9szt egy nagy k\u00f6nyvesbolt, a Szikra K\u00f6nyvesbolt foglalta el. Ezt a forradalom alatt \u2013 nyilv\u00e1n a kirakat tele volt Marx, Engels, Szt\u00e1lin \u00e9s R\u00e1kosi m\u0171veivel \u2013 bet\u00f6rt\u00e9k \u00e9s a k\u00f6nyveket m\u00e1gly\u00e1ra dobt\u00e1k. M\u00e9g lehetett l\u00e1tni a bet\u00f6rt kirakatot \u00e9s a k\u00f6nyv\u00e9get\u00e9s nyomait. A hatalmas bet\u0171s SZABAD N\u00c9P feliratot a t\u00f6meg le akarta verni (v\u00f6r\u00f6s csillagot akkor m\u00e1r rengeteget levertek a v\u00e1rosban), \u00e9s amikor nekikezdtek, nem vert\u00e9k le teljesen a sz\u00f6veget; hanem annyit meghagytak: A N\u00c9P! A Szabad N\u00e9p feliratb\u00f3l ez lett: A n\u00e9p! Fantasztikus ez a fot\u00f3! Nyilv\u00e1n gyerekk\u00e9nt is \u00e9szrevettem ennek a fens\u00e9g\u00e9t, hogy \u201ea n\u00e9p, mint b\u00fcntet\u0151 hatalom&#8221;! \u2013 \u00e9s lefot\u00f3ztam&#8230;<br \/>\n\u2013 Annyi esztelen puszt\u00edt\u00e1snak volt nyoma&#8230; Val\u00f3sz\u00edn\u0171 \u2013 ezt \u00e9n nem tapasztaltam, csak a h\u00edrekb\u0151l \u00e9s az elbesz\u00e9l\u00e9sekb\u0151l tudom \u2013, hogy &#8230; az orosz katon\u00e1k f\u00e9ltek. Persze hogy f\u00e9ltek. Mert egyr\u00e9szt azt sem tudt\u00e1k, hol vannak, m\u00e1sr\u00e9szt egy v\u00e1rosban tankkal k\u00f6zlekedni borzaszt\u00f3 vesz\u00e9lyes. L\u00e1ttunk ki\u00e9gett tankokat, amelyeket Molotov-kokt\u00e9lokkal gy\u00fajtottak f\u00f6l. \u00c9s el tudom k\u00e9pzelni, hogy ezek a katon\u00e1k nem is csak puszt\u00edt\u00e1si sz\u00e1nd\u00e9kb\u00f3l, hanem f\u00e9lelm\u00fckben l\u00f6v\u00f6ld\u00f6ztek \u00f6ssze-vissza. Hogy \u00edgy tal\u00e1n senki nem mer odamenni a k\u00f6zel\u00fckbe. Nem tudom, ez hogy lehetett&#8230;<\/p>\n<div id=\"attachment_54988\" style=\"width: 510px\" class=\"wp-caption alignnone\"><a href=\"https:\/\/ujkafe.website\/wp-content\/uploads\/2016\/10\/M\u00fazeum-k\u00f6r\u00fat.jpg\"><img loading=\"lazy\" decoding=\"async\" aria-describedby=\"caption-attachment-54988\" class=\"wp-image-54988\" src=\"https:\/\/ujkafe.website\/wp-content\/uploads\/2016\/10\/M\u00fazeum-k\u00f6r\u00fat.jpg\" alt=\"M\u00fazeum k\u00f6r\u00fat\" width=\"500\" height=\"317\" srcset=\"https:\/\/ujkafe.website\/wp-content\/uploads\/2016\/10\/M\u00fazeum-k\u00f6r\u00fat.jpg 1500w, https:\/\/ujkafe.website\/wp-content\/uploads\/2016\/10\/M\u00fazeum-k\u00f6r\u00fat-300x190.jpg 300w, https:\/\/ujkafe.website\/wp-content\/uploads\/2016\/10\/M\u00fazeum-k\u00f6r\u00fat-1024x649.jpg 1024w\" sizes=\"auto, (max-width: 500px) 100vw, 500px\" \/><\/a><p id=\"caption-attachment-54988\" class=\"wp-caption-text\"><em>Haris L\u00e1szl\u00f3: Sz\u00e9ttaposott villamos a M\u00fazeum k\u00f6r\u00faton (1956. november 2.)<\/em><\/p><\/div>\n<p>\u2013 Ut\u00e1na a K\u00e1lvin t\u00e9r fel\u00e9 fordultunk, a M\u00fazeum k\u00f6r\u00fatra. Ott volt az a sz\u00e9ttaposott villamos, egy 49-es, el\u00e9gg\u00e9 roggyant \u00e1llapotban (egy tank ment neki), azt lef\u00e9nyk\u00e9peztem&#8230; S miel\u0151tt a K\u00e1lvin t\u00e9rre \u00e9rt\u00fcnk, bement\u00fcnk a Br\u00f3dy S\u00e1ndor utc\u00e1ba, a R\u00e1di\u00f3hoz. A R\u00e1di\u00f3r\u00f3l tudtuk, hogy hatalmas harc helysz\u00edne volt a forradalom indul\u00e1sakor \u2013 \u00e9s val\u00f3ban, le tudtam f\u00e9nyk\u00e9pezni az \u00f6sszed\u0151lt, sz\u00e9tl\u0151tt \u00e9p\u00fcletet, el\u0151tte a v\u00e1szonra \u00edrt f\u00f6lirattal, hogy \u201eSzabad Magyar R\u00e1di\u00f3&#8221;. K\u00e9sz\u00fclt egy p\u00e1r felv\u00e9tel a Nemzeti M\u00fazeum h\u00e1ta m\u00f6g\u00f6tt is, ahol szint\u00e9n l\u00e1tszottak a harc nyomai. Ott k\u00e9sz\u00fclt az egyik kedvenc k\u00e9pem, a Pollack Mih\u00e1ly t\u00e9ren, egy oldalkocsis motorosr\u00f3l, aki \u00e9ppen indul valahov\u00e1. Ez nagyon jellemz\u0151: viharkab\u00e1t (mint viselet) \u00e9s motorral indul\u00e1s valahova&#8230; Ut\u00f3lag azt a c\u00edmet adtam a k\u00e9pnek, hogy \u201eindulunk Amerik\u00e1ba&#8221;.<\/p>\n<div id=\"attachment_54989\" style=\"width: 510px\" class=\"wp-caption alignnone\"><a href=\"https:\/\/ujkafe.website\/wp-content\/uploads\/2016\/10\/Indulunk-Amerik\u00e1ba.jpg\"><img loading=\"lazy\" decoding=\"async\" aria-describedby=\"caption-attachment-54989\" class=\"wp-image-54989\" src=\"https:\/\/ujkafe.website\/wp-content\/uploads\/2016\/10\/Indulunk-Amerik\u00e1ba.jpg\" alt=\"Indulunk Amerik\u00e1ba\" width=\"500\" height=\"316\" srcset=\"https:\/\/ujkafe.website\/wp-content\/uploads\/2016\/10\/Indulunk-Amerik\u00e1ba.jpg 1500w, https:\/\/ujkafe.website\/wp-content\/uploads\/2016\/10\/Indulunk-Amerik\u00e1ba-300x190.jpg 300w, https:\/\/ujkafe.website\/wp-content\/uploads\/2016\/10\/Indulunk-Amerik\u00e1ba-1024x648.jpg 1024w\" sizes=\"auto, (max-width: 500px) 100vw, 500px\" \/><\/a><p id=\"caption-attachment-54989\" class=\"wp-caption-text\"><em>Haris L\u00e1szl\u00f3: &#8222;Indulunk Amerik\u00e1ba!&#8221; (1956. november 2.)<\/em><\/p><\/div>\n<p>\u2013 \/Reggel\/ T\u00edz \u00f3ra t\u00e1jban indultunk, s olyan h\u00e1rom-n\u00e9gy \u00f3ra t\u00e1jban \u00e9rkezt\u00fcnk haza. Novemberben m\u00e1r kor\u00e1n s\u00f6t\u00e9tedik, s ennek a g\u00e9pnek f\u00e9nym\u00e9r\u0151je sem volt. Nagyon izgalmas volt technikailag, mert egy t\u00e1bl\u00e1zatb\u00f3l lehetett meg\u00e1llap\u00edtani, hogy mennyit kell expon\u00e1lni. Akkor \u00edgy f\u00e9nyk\u00e9peztek az emberek, de \u00e9n akkor m\u00e1r el\u00e9g j\u00f3l ismertem ezeket a param\u00e9tereket, \u00e9s ez\u00e9rt siker\u00fclt ilyen v\u00e1ltoz\u00f3 k\u00f6r\u00fclm\u00e9nyek k\u00f6z\u00f6tt, v\u00e1rosban is, haszn\u00e1lhat\u00f3 k\u00e9peket csin\u00e1lni. A Kili\u00e1n laktanya nagy \u00e9lm\u00e9ny volt: ott \u00e1llt a kapuban egy magyar tank, amire azt mondt\u00e1k, hogy Mal\u00e9ter tankja. (Hogy az volt-e, nem tudom, mindenesetre a Kili\u00e1n laktany\u00e1nak Mal\u00e9ter volt a parancsnoka, \u00e9s ez egy magyar tank volt, hatalmas Kossuth-c\u00edmerrel az oldal\u00e1n.) Ez a tank l\u00e1that\u00f3an be\u00e1llt a f\u0151bej\u00e1ratba \u2013 hogy \u0151rizze az \u00e9p\u00fcletet&#8230;<\/p>\n<div id=\"attachment_54990\" style=\"width: 510px\" class=\"wp-caption alignnone\"><a href=\"https:\/\/ujkafe.website\/wp-content\/uploads\/2016\/10\/Kil\u0151tt-tank.jpg\"><img loading=\"lazy\" decoding=\"async\" aria-describedby=\"caption-attachment-54990\" class=\"wp-image-54990\" src=\"https:\/\/ujkafe.website\/wp-content\/uploads\/2016\/10\/Kil\u0151tt-tank.jpg\" alt=\"Kil\u0151tt tank\" width=\"500\" height=\"321\" srcset=\"https:\/\/ujkafe.website\/wp-content\/uploads\/2016\/10\/Kil\u0151tt-tank.jpg 1500w, https:\/\/ujkafe.website\/wp-content\/uploads\/2016\/10\/Kil\u0151tt-tank-300x192.jpg 300w, https:\/\/ujkafe.website\/wp-content\/uploads\/2016\/10\/Kil\u0151tt-tank-1024x657.jpg 1024w\" sizes=\"auto, (max-width: 500px) 100vw, 500px\" \/><\/a><p id=\"caption-attachment-54990\" class=\"wp-caption-text\"><em>Haris L\u00e1szl\u00f3: Kil\u0151tt orosz tank a Kili\u00e1n el\u0151tt (1956. november 2.)<\/em><\/p><\/div>\n<p>\u2013 Vele szemben pedig \u2013 tal\u00e1n negyven-\u00f6tven m\u00e9terre a K\u00e1lvin t\u00e9r fel\u00e9 (m\u00e9g a Kili\u00e1n \u00e9p\u00fclet el\u0151tt) \u2013 \u00e1llt egy orosz tank, amely ki volt l\u0151ve. Lef\u00e9nyk\u00e9peztem. A tank elej\u00e9n volt egy k\u00f6r\u00fclbel\u00fcl \u00f6tven-hatvan centis luk. Azt mondt\u00e1k, hogy a p\u00e1nc\u00e9lt\u00f6r\u0151 l\u00f6ved\u00e9k ott hatolt be. Oda bele lehetett n\u00e9zni&#8230; Nem tudom, hogy ezt lef\u00e9nyk\u00e9peztem-e, vagy ha igen, akkor nem siker\u00fclt a felv\u00e9tel, mert term\u00e9szetesen a tank belsej\u00e9ben s\u00f6t\u00e9t volt. De arra eml\u00e9kszem, szemmel j\u00f3l lehetett l\u00e1tni, hogy bent emberek vannak&#8230; \u201e\u00f6sszes\u00fclt&#8221; emberek. Nyolcvan centisek, borzaszt\u00f3 l\u00e1tv\u00e1ny volt. Azok az orosz katon\u00e1k, akik ott benn voltak \u2013 mikor a tank felrobbant \u00e9s ki\u00e9gett \u2013, mind meg\u00e9gtek. Mag\u00e1t a tankot lef\u00e9nyk\u00e9peztem. Azt\u00e1n ment\u00fcnk tov\u00e1bb, s itt k\u00e9sz\u00fclt a leggy\u00f6ny\u00f6r\u0171bb k\u00e9pem, a Kisfaludy utca \u00e9s \u00dcll\u0151i \u00fat sark\u00e1n: egy magyar tank \u00e1ll a Kisfaludy utc\u00e1ban, Kossuth-c\u00edmerrel, vele szemben \u00e9ppen j\u00f6n egy teheraut\u00f3 kapaszkod\u00f3 forradalm\u00e1rokkal, \u00e9s az el\u0151t\u00e9rben egy pusk\u00e1s ember halad. Ez a felv\u00e9tel, (nem is tudom, hogy siker\u00fclhetett!), mai szemmel is remek. Ma is v\u00e1llaln\u00e1m, \u00e9s \u00f6r\u00fcln\u00e9k, ha ilyet csin\u00e1ln\u00e9k hasonl\u00f3 szitu\u00e1ci\u00f3ban!<\/p>\n<div id=\"attachment_54991\" style=\"width: 510px\" class=\"wp-caption alignnone\"><a href=\"https:\/\/ujkafe.website\/wp-content\/uploads\/2016\/10\/Kisfaludy-utca.jpg\"><img loading=\"lazy\" decoding=\"async\" aria-describedby=\"caption-attachment-54991\" class=\"wp-image-54991\" src=\"https:\/\/ujkafe.website\/wp-content\/uploads\/2016\/10\/Kisfaludy-utca.jpg\" alt=\"Kisfaludy utca\" width=\"500\" height=\"322\" srcset=\"https:\/\/ujkafe.website\/wp-content\/uploads\/2016\/10\/Kisfaludy-utca.jpg 1500w, https:\/\/ujkafe.website\/wp-content\/uploads\/2016\/10\/Kisfaludy-utca-300x193.jpg 300w, https:\/\/ujkafe.website\/wp-content\/uploads\/2016\/10\/Kisfaludy-utca-1024x659.jpg 1024w\" sizes=\"auto, (max-width: 500px) 100vw, 500px\" \/><\/a><p id=\"caption-attachment-54991\" class=\"wp-caption-text\"><em>Haris L\u00e1szl\u00f3: Tank a Kisfaludy utc\u00e1ban (1956. november 2.)<\/em><\/p><\/div>\n<p>\u2013 A Kisfaludy utca ut\u00e1n a Corvin-k\u00f6z k\u00f6vetkezett&#8230; S eml\u00e9kszem m\u00e9g a Pr\u00e1ter utc\u00e1ra. A Pr\u00e1ter utc\u00e1ban volt egy csata, azt is lef\u00e9nyk\u00e9peztem. Ma nincs meg err\u0151l a k\u00e9pem. Akkor egyetlenegy tekercs filmem volt, \u00e9s a Taxona g\u00e9p \u00f6tven felv\u00e9telt csin\u00e1l (mert nem 24\u00d736-os, hanem 24\u00d724 millim\u00e9teres k\u00e9p f\u00e9r r\u00e1 egy tekercsre). \u00c9n teh\u00e1t olyan harminc-negyvenszer, maximum \u00f6tvenszer kattintottam. R\u00e9szben hi\u00e1nyos tud\u00e1som, r\u00e9szben a kezd\u0151d\u0151 s\u00f6t\u00e9ts\u00e9g k\u00f6vetkezt\u00e9ben term\u00e9szetesen a felv\u00e9teleknek egy j\u00f3 r\u00e9sze nem is siker\u00fclt. Mindenesetre a Corvin-k\u00f6zben is k\u00e9sz\u00fclt egy-k\u00e9t k\u00e9p, \u00e9s a Pr\u00e1ter utc\u00e1r\u00f3l is volt vagy h\u00e1rom k\u00e9pem&#8230;<\/p>\n<p><em>(Befejez\u00e9se k\u00f6vetkezik)<\/em><\/p>\n<p>El\u0151zm\u00e9nyek: <strong><a href=\"https:\/\/ujkafe.website\/?p=54928\">I. r\u00e9sz<\/a><\/strong><\/p>\n<p><em><strong>\u00d6ssze\u00e1ll\u00edtotta: Cseke G\u00e1bor<\/strong><\/em><\/p>\n","protected":false},"excerpt":{"rendered":"<p>15 f\u00e9nyk\u00e9p eml\u00e9kezete \/ II. A Szakolczay-interj\u00fa J\u00f3val t\u00f6bb &#8217;56-os eml\u00e9kez\u00e9sn\u00e9l. Benne van Haris L\u00e1szl\u00f3 fot\u00f3m\u0171v\u00e9ssz\u00e9 v\u00e1l\u00e1s\u00e1nak korai motiv\u00e1ci\u00f3ja is, a csal\u00e1di \u00e9s k\u00f6rnyezeti hat\u00e1sokkal egyetemben. Fot\u00f3zni ugyanis a n\u00e1la nagyobb b\u00e1tyja p\u00e9ld\u00e1j\u00e1ra kezdett.\u00a0\u201eEngem m\u00e1r eg\u00e9szen kicsi gyerekk\u00e9nt nagyon \u00e9rdekelt a dolog s az, amit \u0151 csin\u00e1lt, \u00fagyhogy \u00e9n m\u00e1r a sz\u00f3 szoros \u00e9rtelm\u00e9ben hat\u00e9ves [&hellip;]<\/p>\n","protected":false},"author":3,"featured_media":0,"comment_status":"open","ping_status":"open","sticky":false,"template":"","format":"standard","meta":{"_monsterinsights_skip_tracking":false,"_monsterinsights_sitenote_active":false,"_monsterinsights_sitenote_note":"","_monsterinsights_sitenote_category":0,"ngg_post_thumbnail":0,"footnotes":""},"categories":[140,5],"tags":[],"class_list":["post-54983","post","type-post","status-publish","format-standard","hentry","category-1956-2016","category-foto"],"_links":{"self":[{"href":"https:\/\/ujkafe.website\/index.php?rest_route=\/wp\/v2\/posts\/54983","targetHints":{"allow":["GET"]}}],"collection":[{"href":"https:\/\/ujkafe.website\/index.php?rest_route=\/wp\/v2\/posts"}],"about":[{"href":"https:\/\/ujkafe.website\/index.php?rest_route=\/wp\/v2\/types\/post"}],"author":[{"embeddable":true,"href":"https:\/\/ujkafe.website\/index.php?rest_route=\/wp\/v2\/users\/3"}],"replies":[{"embeddable":true,"href":"https:\/\/ujkafe.website\/index.php?rest_route=%2Fwp%2Fv2%2Fcomments&post=54983"}],"version-history":[{"count":0,"href":"https:\/\/ujkafe.website\/index.php?rest_route=\/wp\/v2\/posts\/54983\/revisions"}],"wp:attachment":[{"href":"https:\/\/ujkafe.website\/index.php?rest_route=%2Fwp%2Fv2%2Fmedia&parent=54983"}],"wp:term":[{"taxonomy":"category","embeddable":true,"href":"https:\/\/ujkafe.website\/index.php?rest_route=%2Fwp%2Fv2%2Fcategories&post=54983"},{"taxonomy":"post_tag","embeddable":true,"href":"https:\/\/ujkafe.website\/index.php?rest_route=%2Fwp%2Fv2%2Ftags&post=54983"}],"curies":[{"name":"wp","href":"https:\/\/api.w.org\/{rel}","templated":true}]}}