
{"id":55034,"date":"2016-10-05T05:18:07","date_gmt":"2016-10-05T05:18:07","guid":{"rendered":"https:\/\/ujkafe.website\/?p=55034"},"modified":"2016-10-06T06:07:47","modified_gmt":"2016-10-06T06:07:47","slug":"15-fenykep-emlekezete-iii","status":"publish","type":"post","link":"https:\/\/ujkafe.website\/?p=55034","title":{"rendered":"1956\u20132016: Egy forradalom \u00fajraj\u00e1tsz\u00e1sa (76)"},"content":{"rendered":"<div id=\"attachment_55036\" style=\"width: 635px\" class=\"wp-caption alignnone\"><a href=\"https:\/\/ujkafe.website\/wp-content\/uploads\/2016\/10\/Kili\u00e1n.jpg\"><img loading=\"lazy\" decoding=\"async\" aria-describedby=\"caption-attachment-55036\" class=\"wp-image-55036\" src=\"https:\/\/ujkafe.website\/wp-content\/uploads\/2016\/10\/Kili\u00e1n.jpg\" alt=\"Kili\u00e1n\" width=\"625\" height=\"405\" srcset=\"https:\/\/ujkafe.website\/wp-content\/uploads\/2016\/10\/Kili\u00e1n.jpg 1500w, https:\/\/ujkafe.website\/wp-content\/uploads\/2016\/10\/Kili\u00e1n-300x194.jpg 300w, https:\/\/ujkafe.website\/wp-content\/uploads\/2016\/10\/Kili\u00e1n-1024x663.jpg 1024w\" sizes=\"auto, (max-width: 625px) 100vw, 625px\" \/><\/a><p id=\"caption-attachment-55036\" class=\"wp-caption-text\"><em>Haris L\u00e1szl\u00f3: Magyar tank a Kili\u00e1n laktanya kapuj\u00e1ban (1916. november 2)<\/em><\/p><\/div>\n<h2><strong>15 f\u00e9nyk\u00e9p eml\u00e9kezete \/ III.<\/strong><\/h2>\n<p>Haris L\u00e1szl\u00f3 t\u00f6bb \u00edzben is s nem csak Magyarorsz\u00e1gon ki\u00e1ll\u00edtotta \u201956-os \u201et\u00fal\u00e9l\u0151\u201d felv\u00e9teleit. El\u0151h\u00edv\u00e1suk, kidolgoz\u00e1suk, majd megsemmis\u00edt\u00e9s\u00fck k\u00f6r\u00fclm\u00e9nyeir\u0151l az al\u00e1bbiakat mes\u00e9lte:<br \/>\n\u2013 November 2-\u00e1n biztos, hogy nem h\u00edvtam el\u0151, ut\u00e1na k\u00f6vetkezett november 4-e! Sz\u00f6rny\u0171s\u00e9ges reggel k\u00f6sz\u00f6nt\u00f6tt r\u00e1nk, hiszen 2-\u00e1n \u00e9s 3-\u00e1n nyugalom volt, de 4-\u00e9n, ami vas\u00e1rnapra esett, hajnalban \u00f3ri\u00e1si l\u00f6v\u00f6ld\u00f6z\u00e9sre \u00e9bredt\u00fcnk, soha nem hallott mennyis\u00e9g\u0171 l\u00f6ved\u00e9k csap\u00f3dott be \u2013 hallhat\u00f3an eg\u00e9sz k\u00f6zel (lehet, hogy \u00f6tsz\u00e1z m\u00e9terre!) -, mindenesetre nagyon ijeszt\u0151 volt.<!--more--> Bekapcsoltuk a r\u00e1di\u00f3t, hallottuk Nagy Imre besz\u00e9d\u00e9t, hallgattuk amint seg\u00edts\u00e9get k\u00e9r a vil\u00e1gt\u00f3l, hallottuk, hogy csapataink harcban \u00e1llnak, hallottuk, hogy megt\u00e1madt\u00e1k a szovjet csapatok Budapestet; \u00e9s l\u00e1ttuk, hogy nagy baj van. Sz\u00fcleim eml\u00e9keztek m\u00e9g a h\u00e1bor\u00fara, \u00fagyhogy az eg\u00e9sz h\u00e1z sz\u00e9pen levonult a pinc\u00e9be. Tal\u00e1n egy hetet t\u00f6lt\u00f6tt\u00fcnk ott, ugyan\u00fagy az \u00f3v\u00f3helyen, mint a h\u00e1bor\u00fa alatt&#8230;fontosnak tartottam, hogy ezek a felv\u00e9telek elk\u00e9sz\u00fcltek. Hosszasan nem ment\u00fcnk iskol\u00e1ba, sz\u00e9nsz\u00fcnet is volt, tal\u00e1n valamikor janu\u00e1r v\u00e9g\u00e9n kezd\u0151d\u00f6tt csak el az iskola. B\u0151ven volt id\u0151m arra, hogy el\u0151h\u00edvjam a k\u00e9peket \u00e9s megcsin\u00e1ljam a nagy\u00edt\u00e1sokat. Nem f\u00e9lhettem nagyon, mert bevittem ezeket a k\u00e9peket az iskol\u00e1ba, amikor \u00fajra elkezd\u0151d\u00f6tt a tan\u00edt\u00e1s, \u00e9s r\u00e9g bev\u00e1lt szok\u00e1som szerint, ahogy az iskolai kir\u00e1ndul\u00e1sok ut\u00e1n is, mutogattam az oszt\u00e1lyban \u0151ket, \u00e9s adtam bel\u0151l\u00fck a bar\u00e1taimnak. \u00cdgy volt 1957 elej\u00e9n, \u00e9s biztos vagyok abban, hogy m\u00e9g mindig akad olyan oszt\u00e1lyt\u00e1rsam, aki \u0151riz tal\u00e1n egy-k\u00e9t fot\u00f3t.<br \/>\n1957 \u0151sz\u00e9n Haris L\u00e1szl\u00f3 els\u0151s gimnazista lett. K\u00f6vetkezett az illeg\u00e1lis cserk\u00e9szcsapatban val\u00f3 r\u00e9szv\u00e9tele: a kis t\u00e1rsas\u00e1g term\u00e9szetj\u00e1r\u00f3 csoportk\u00e9nt \u00e1lc\u00e1zta mag\u00e1t s ilyen akkoriban sok m\u0171k\u00f6d\u00f6tt Magyarorsz\u00e1gon. A s\u00falyos \u201956-os perek lezajl\u00e1sa ut\u00e1n a hat\u00f3s\u00e1gok rendre \u201er\u00e1sz\u00e1lltak\u201d az ilyen \u00e9s ehhez hasonl\u00f3 illeg\u00e1lis szervez\u0151d\u00e9sekre is. Embereket \u00e9p\u00edtettek be, m\u00e1sokat lekaptak, beh\u00edvtak. H\u00e1zkutattak.<br \/>\n1960-ban Haris L\u00e1szl\u00f3 \u00e9s t\u00e1rsai \u00fagy gondolt\u00e1k: jobb, ha megh\u00fazz\u00e1k magukat. A v\u00e9szjelet egy bar\u00e1tjuk esete adta meg, aki elmondta nekik, hogy jelent\u00e9st kell \u00edrnia r\u00f3luk, teh\u00e1t ne besz\u00e9ljenek el\u0151tte kompromitt\u00e1l\u00f3 dolgokat&#8230; Az els\u0151 letart\u00f3ztat\u00e1sok h\u00edr\u00e9re Haris L\u00e1szl\u00f3 \u00fagy d\u00f6nt\u00f6tt: az \u201956-os k\u00e9peket a hat\u00f3s\u00e1gnak nem szabad megtal\u00e1lnia!<br \/>\n\u2013 Fogtam magam \u2013 ez 1960 \u0151sz\u00e9n t\u00f6rt\u00e9nt \u2013, \u00e9s az \u00f6sszes negat\u00edvot (amelyeket eg\u00e9sz rendesen karbantartottam) \u00e9s k\u00f3pi\u00e1t, amit \u00f6ssze tudtam szedni \u2013 el\u00e9gettem!&#8230; Pontosabban akkor azt hittem, hogy mindet. Beledobtam a t\u0171zbe, s magam l\u00e1ttam, hogy el\u00e9gnek! A negat\u00edvok is, meg a k\u00f3pi\u00e1k is, hogy ne legyen semminek nyoma&#8230;<br \/>\nA leend\u0151 m\u0171v\u00e9sz ekkor 17 esztend\u0151s volt. A t\u00f6rt\u00e9net pedig \u00edgy folytat\u00f3dik:<br \/>\n\u2013 Teljesen v\u00e9letlen\u00fcl, valamikor 2000-ben, itthon, m\u00e1r itt a M\u00e1ty\u00e1s t\u00e9ren (ahol 1976 \u00f3ta lakunk), a r\u00e9gi dolgok k\u00f6zt kutatva f\u00f6lfedeztem k\u00e9t 1956-os k\u00e9pemet! Ezek nem a kock\u00e1k, hanem a 6\u00d79-es nagy\u00edt\u00e1sok, mert a negat\u00edvokat t\u00e9nyleg el\u00e9gettem! Nincs rem\u00e9ny teh\u00e1t, hogy bel\u0151l\u00fck tal\u00e1lok valamit. De ezt a k\u00e9t k\u00f3pi\u00e1t j\u00f3 negyven \u00e9vre r\u00e1, megtal\u00e1ltam. Ekkor \u00e9n m\u00e1r ismert fotogr\u00e1fus voltam, egy cikk is kerekedett a t\u00f6rt\u00e9netb\u0151l, a N\u00e9pszabads\u00e1gban jelentette meg Trencs\u00e9nyi Zoli bar\u00e1tom 2000. okt\u00f3ber 23-a k\u00f6rny\u00e9k\u00e9n, tal\u00e1n pontosan 23-\u00e1n! Ebben \u00e9n elmondtam az 1956-tal kapcsolatos \u00e9lm\u00e9nyeimet, \u00e9s azt is, hogy ez a k\u00e9t k\u00f3pia v\u00e9letlen\u00fcl ker\u00fclt el\u0151, j\u00f3val az \u201eel\u00e9get\u00e9s\u201d ut\u00e1n. Egy k\u00e9p is megjelent a lapban, \u201eA N\u00c9P&#8221; c\u00edm\u0171 fot\u00f3m.<\/p>\n<div id=\"attachment_55035\" style=\"width: 635px\" class=\"wp-caption alignnone\"><a href=\"https:\/\/ujkafe.website\/wp-content\/uploads\/2016\/10\/Maria-neni_haris.jpg\"><img loading=\"lazy\" decoding=\"async\" aria-describedby=\"caption-attachment-55035\" class=\"wp-image-55035\" src=\"https:\/\/ujkafe.website\/wp-content\/uploads\/2016\/10\/Maria-neni_haris.jpg\" alt=\"Maria neni_haris\" width=\"625\" height=\"136\" srcset=\"https:\/\/ujkafe.website\/wp-content\/uploads\/2016\/10\/Maria-neni_haris.jpg 1600w, https:\/\/ujkafe.website\/wp-content\/uploads\/2016\/10\/Maria-neni_haris-300x65.jpg 300w, https:\/\/ujkafe.website\/wp-content\/uploads\/2016\/10\/Maria-neni_haris-1024x223.jpg 1024w\" sizes=\"auto, (max-width: 625px) 100vw, 625px\" \/><\/a><p id=\"caption-attachment-55035\" class=\"wp-caption-text\"><em>Haris L\u00e1szl\u00f3: M\u00e1ria n\u00e9ni. Panor\u00e1mafot\u00f3 a HMKK cs\u00edkmad\u00e1rasi fot\u00f3t\u00e1bor\u00e1nak anyag\u00e1b\u00f3l (2010)<\/em><\/p><\/div>\n<p>Ezut\u00e1n m\u00e1r ismert a t\u00f6rt\u00e9net.<br \/>\nHaris L\u00e1szl\u00f3 t\u00f6rt\u00e9nelmet \u00edrt 1956-os fot\u00f3ival. Term\u00e9szetesen, nem ezek teszik \u0151t jelent\u0151s fot\u00f3m\u0171v\u00e9ssz\u00e9, ink\u00e1bb csak \u00e1rnyalj\u00e1k szakmai \u00e9let\u00fatj\u00e1t, m\u0171v\u00e9szi etik\u00e1j\u00e1nak hitel\u00e9t.<br \/>\nErd\u00e9lyben, a Sz\u00e9kelyf\u00f6ld\u00f6n j\u00f3l ismerik munk\u00e1ss\u00e1g\u00e1t, ig\u00e9nybe veszik jelent\u0151s szakmai tapasztalat\u00e1t, alkot\u00f3 t\u00e1borokba h\u00edvj\u00e1k, ki\u00e1ll\u00edt\u00e1sokon szerepeltetik k\u00e9peit. Szakmai remekl\u00e9seknek tartott panor\u00e1ma-felv\u00e9telei ugyanazt a totalit\u00e1s-ig\u00e9nyt juttatj\u00e1k kifejez\u00e9sre, amely valamikor elind\u00edtotta \u0151t Budapesten, 1956 harcos helysz\u00ednein.<\/p>\n<p><strong><em>Felhaszn\u00e1lt forr\u00e1sok:<\/em><\/strong><\/p>\n<p><em>Haris L\u00e1szl\u00f3: 73 \u00e9v fontosabb \u00e1llom\u00e1sai \u2013 k\u00e9ziratban<\/em><br \/>\n<em>Baki P\u00e9ter: 15 el\u0151ker\u00fclt f\u00e9nyk\u00e9p. Haris L\u00e1szl\u00f3 56-os felv\u00e9telei Fot\u00f3m\u0171v\u00e9szet, 2006. 3-4. sz\u00e1m. <\/em><br \/>\n<em>Szakolczay Lajos: J\u00f6v\u0151k\u00e9p \u2013 gyerekszemmel. Magyar Napl\u00f3, 2006 \/ 10. sz\u00e1m<\/em><br \/>\n<em>Medveczky Attila: Az \u00e9rt\u00e9kes f\u00e9nyk\u00e9p nem \u00e9g el. 2012; http:\/\/www.eredetimiep.hu\/<\/em><\/p>\n<p><em><strong>\u00d6ssze\u00e1ll\u00edtotta: Cseke G\u00e1bor<\/strong><\/em><\/p>\n<p>El\u0151zm\u00e9nyek: <strong><a href=\"https:\/\/ujkafe.website\/?p=54928\">I. r\u00e9sz,<\/a> <a href=\"https:\/\/ujkafe.website\/?p=54983\">II. r\u00e9sz<\/a><\/strong><\/p>\n","protected":false},"excerpt":{"rendered":"<p>15 f\u00e9nyk\u00e9p eml\u00e9kezete \/ III. Haris L\u00e1szl\u00f3 t\u00f6bb \u00edzben is s nem csak Magyarorsz\u00e1gon ki\u00e1ll\u00edtotta \u201956-os \u201et\u00fal\u00e9l\u0151\u201d felv\u00e9teleit. El\u0151h\u00edv\u00e1suk, kidolgoz\u00e1suk, majd megsemmis\u00edt\u00e9s\u00fck k\u00f6r\u00fclm\u00e9nyeir\u0151l az al\u00e1bbiakat mes\u00e9lte: \u2013 November 2-\u00e1n biztos, hogy nem h\u00edvtam el\u0151, ut\u00e1na k\u00f6vetkezett november 4-e! Sz\u00f6rny\u0171s\u00e9ges reggel k\u00f6sz\u00f6nt\u00f6tt r\u00e1nk, hiszen 2-\u00e1n \u00e9s 3-\u00e1n nyugalom volt, de 4-\u00e9n, ami vas\u00e1rnapra esett, hajnalban \u00f3ri\u00e1si [&hellip;]<\/p>\n","protected":false},"author":3,"featured_media":0,"comment_status":"open","ping_status":"open","sticky":false,"template":"","format":"standard","meta":{"_monsterinsights_skip_tracking":false,"_monsterinsights_sitenote_active":false,"_monsterinsights_sitenote_note":"","_monsterinsights_sitenote_category":0,"ngg_post_thumbnail":0,"footnotes":""},"categories":[140,5],"tags":[],"class_list":["post-55034","post","type-post","status-publish","format-standard","hentry","category-1956-2016","category-foto"],"_links":{"self":[{"href":"https:\/\/ujkafe.website\/index.php?rest_route=\/wp\/v2\/posts\/55034","targetHints":{"allow":["GET"]}}],"collection":[{"href":"https:\/\/ujkafe.website\/index.php?rest_route=\/wp\/v2\/posts"}],"about":[{"href":"https:\/\/ujkafe.website\/index.php?rest_route=\/wp\/v2\/types\/post"}],"author":[{"embeddable":true,"href":"https:\/\/ujkafe.website\/index.php?rest_route=\/wp\/v2\/users\/3"}],"replies":[{"embeddable":true,"href":"https:\/\/ujkafe.website\/index.php?rest_route=%2Fwp%2Fv2%2Fcomments&post=55034"}],"version-history":[{"count":0,"href":"https:\/\/ujkafe.website\/index.php?rest_route=\/wp\/v2\/posts\/55034\/revisions"}],"wp:attachment":[{"href":"https:\/\/ujkafe.website\/index.php?rest_route=%2Fwp%2Fv2%2Fmedia&parent=55034"}],"wp:term":[{"taxonomy":"category","embeddable":true,"href":"https:\/\/ujkafe.website\/index.php?rest_route=%2Fwp%2Fv2%2Fcategories&post=55034"},{"taxonomy":"post_tag","embeddable":true,"href":"https:\/\/ujkafe.website\/index.php?rest_route=%2Fwp%2Fv2%2Ftags&post=55034"}],"curies":[{"name":"wp","href":"https:\/\/api.w.org\/{rel}","templated":true}]}}