
{"id":55351,"date":"2016-10-16T07:14:08","date_gmt":"2016-10-16T07:14:08","guid":{"rendered":"https:\/\/ujkafe.website\/?p=55351"},"modified":"2016-10-16T07:14:08","modified_gmt":"2016-10-16T07:14:08","slug":"gergely-tamas-a-rut-kiskasa-xi","status":"publish","type":"post","link":"https:\/\/ujkafe.website\/?p=55351","title":{"rendered":"Gergely Tam\u00e1s: A r\u00fat kiskasa (XI)"},"content":{"rendered":"<p><strong>Detekt\u00edv novella, Andersen nyom\u00e1n<\/strong><\/p>\n<h2><strong>12. r\u00e9sz INTELLIGENCIA K\u00c9RD\u00c9SE<\/strong><\/h2>\n<p>Ezen a S\u00e1pik\u00e1n elgondolkozott. Illetve a szel\u00edds\u00e9g\u00e9n. Vajon az\u00e9rt nem b\u00e1ntotta \u0151t, mert f\u00e9lt t\u0151le? \u0150 nagy, S\u00e1pi meg kicsi?<br \/>\nVagy mert S\u00e1pit is v\u00e1gt\u00e1k, cs\u00edpt\u00e9k vagyis ki akart\u00e1k k\u00f6z\u00f6s\u00edteni, mert kisebb volt n\u00e1luk? \u00c9s meg\u00e9rtette, a b\u0151r\u00e9n \u00e9rezte, mi a kik\u00f6z\u00f6s\u00edt\u00e9s&#8230;?<br \/>\nMindenesetre ehhez \u00e9sz kell, gondolja hatty\u00fank, intelligencia. Felismerni a helyzetet. Az er\u0151vonalakat. \u00d6n\u00e1ll\u00f3an cselekedni&#8230;<br \/>\nMost m\u00e1r sajn\u00e1lja, hogy annak idej\u00e9n nem k\u00f6t\u00f6tt vele bar\u00e1ts\u00e1got&#8230;<\/p>\n<p><em>(Folytatjuk)<\/em><\/p>\n<p><strong>El\u0151zm\u00e9nyek: <a href=\"https:\/\/ujkafe.website\/?p=54650\">1-2. r\u00e9sz<\/a>, <a href=\"https:\/\/ujkafe.website\/?p=54818\">3. r\u00e9sz<\/a>, <a href=\"https:\/\/ujkafe.website\/?p=54869\">4. r\u00e9sz<\/a>, <a href=\"https:\/\/ujkafe.website\/?p=54900\">5. r\u00e9sz<\/a>, <a href=\"https:\/\/ujkafe.website\/?p=54957\">6. r\u00e9sz<\/a>, <a href=\"https:\/\/ujkafe.website\/?p=55021\">7. r\u00e9sz<\/a>, <a href=\"https:\/\/ujkafe.website\/?p=55064\">8. r\u00e9sz<\/a>, <a href=\"https:\/\/ujkafe.website\/?p=55170\">9. r\u00e9sz<\/a>, <a href=\"https:\/\/ujkafe.website\/?p=55256\">10. r\u00e9sz<\/a>\u00a0<a href=\"https:\/\/ujkafe.website\/?p=55313\">11. r\u00e9sz<\/a>\u00a0<\/strong><\/p>\n","protected":false},"excerpt":{"rendered":"<p>Detekt\u00edv novella, Andersen nyom\u00e1n 12. r\u00e9sz INTELLIGENCIA K\u00c9RD\u00c9SE Ezen a S\u00e1pik\u00e1n elgondolkozott. Illetve a szel\u00edds\u00e9g\u00e9n. Vajon az\u00e9rt nem b\u00e1ntotta \u0151t, mert f\u00e9lt t\u0151le? \u0150 nagy, S\u00e1pi meg kicsi? Vagy mert S\u00e1pit is v\u00e1gt\u00e1k, cs\u00edpt\u00e9k vagyis ki akart\u00e1k k\u00f6z\u00f6s\u00edteni, mert kisebb volt n\u00e1luk? \u00c9s meg\u00e9rtette, a b\u0151r\u00e9n \u00e9rezte, mi a kik\u00f6z\u00f6s\u00edt\u00e9s&#8230;? Mindenesetre ehhez \u00e9sz kell, gondolja [&hellip;]<\/p>\n","protected":false},"author":3,"featured_media":0,"comment_status":"open","ping_status":"open","sticky":false,"template":"","format":"standard","meta":{"_monsterinsights_skip_tracking":false,"_monsterinsights_sitenote_active":false,"_monsterinsights_sitenote_note":"","_monsterinsights_sitenote_category":0,"ngg_post_thumbnail":0,"footnotes":""},"categories":[20],"tags":[],"class_list":["post-55351","post","type-post","status-publish","format-standard","hentry","category-egyperces"],"_links":{"self":[{"href":"https:\/\/ujkafe.website\/index.php?rest_route=\/wp\/v2\/posts\/55351","targetHints":{"allow":["GET"]}}],"collection":[{"href":"https:\/\/ujkafe.website\/index.php?rest_route=\/wp\/v2\/posts"}],"about":[{"href":"https:\/\/ujkafe.website\/index.php?rest_route=\/wp\/v2\/types\/post"}],"author":[{"embeddable":true,"href":"https:\/\/ujkafe.website\/index.php?rest_route=\/wp\/v2\/users\/3"}],"replies":[{"embeddable":true,"href":"https:\/\/ujkafe.website\/index.php?rest_route=%2Fwp%2Fv2%2Fcomments&post=55351"}],"version-history":[{"count":0,"href":"https:\/\/ujkafe.website\/index.php?rest_route=\/wp\/v2\/posts\/55351\/revisions"}],"wp:attachment":[{"href":"https:\/\/ujkafe.website\/index.php?rest_route=%2Fwp%2Fv2%2Fmedia&parent=55351"}],"wp:term":[{"taxonomy":"category","embeddable":true,"href":"https:\/\/ujkafe.website\/index.php?rest_route=%2Fwp%2Fv2%2Fcategories&post=55351"},{"taxonomy":"post_tag","embeddable":true,"href":"https:\/\/ujkafe.website\/index.php?rest_route=%2Fwp%2Fv2%2Ftags&post=55351"}],"curies":[{"name":"wp","href":"https:\/\/api.w.org\/{rel}","templated":true}]}}