
{"id":55372,"date":"2016-10-17T05:18:48","date_gmt":"2016-10-17T05:18:48","guid":{"rendered":"https:\/\/ujkafe.website\/?p=55372"},"modified":"2016-10-17T05:18:58","modified_gmt":"2016-10-17T05:18:58","slug":"demeny-peter-operamesek-19","status":"publish","type":"post","link":"https:\/\/ujkafe.website\/?p=55372","title":{"rendered":"Dem\u00e9ny P\u00e9ter: Operames\u00e9k (19)"},"content":{"rendered":"<h2><strong>Boh\u00e9m\u00e9let<\/strong><\/h2>\n<p><em><strong>(Zene: Giacomo Puccini, sz\u00f6veg: Henri Murger nyom\u00e1n)<\/strong><\/em><\/p>\n<p>Rodolphe k\u00f6lt\u0151, Mimi viszont f\u00e1zik. Ezt olyan sz\u00e9pen m\u0171veli, hogy a tenor neki szenteli a vil\u00e1g egyik legszebb \u00e1ri\u00e1j\u00e1t, \u00e9s a h\u00f6lgy annyira meghat\u00f3dik, hogy \u0151 sem marad alul, legal\u00e1bbis zeneice. P\u00e1rizs besziv\u00e1rog a nyomorba, csillog\u00e1s \u00e9s Musette is van, nemcsak Kab\u00e1t\u00e1ria, holott az is gy\u00f6ny\u00f6r\u0171. V\u00e9g\u00fcl azt\u00e1n t\u00fcd\u0151baj, ami szint\u00e9n roppant boh\u00e9m, holott nem is egy m\u0171v\u00e9sz hal bele, hanem az operairodalom egyik legrokonszenvesebb szerepl\u0151je. Azt mondj\u00e1k, Puccini s\u00edrt, amikor befejezte az oper\u00e1t.<!--more--><\/p>\n<p><iframe loading=\"lazy\" title=\"Kolonits Kl\u00e1ra \u00e9s Kov\u00e1csh\u00e1zi Istv\u00e1n - &quot;O soave fanciulla&quot; - Puccini : Boh\u00e9m\u00e9let \/La Boh\u00e9me\/ (2004)\" width=\"500\" height=\"375\" src=\"https:\/\/www.youtube.com\/embed\/VOiOroeCspg?feature=oembed\" frameborder=\"0\" allow=\"accelerometer; autoplay; clipboard-write; encrypted-media; gyroscope; picture-in-picture; web-share\" referrerpolicy=\"strict-origin-when-cross-origin\" allowfullscreen><\/iframe><\/p>\n","protected":false},"excerpt":{"rendered":"<p>Boh\u00e9m\u00e9let (Zene: Giacomo Puccini, sz\u00f6veg: Henri Murger nyom\u00e1n) Rodolphe k\u00f6lt\u0151, Mimi viszont f\u00e1zik. Ezt olyan sz\u00e9pen m\u0171veli, hogy a tenor neki szenteli a vil\u00e1g egyik legszebb \u00e1ri\u00e1j\u00e1t, \u00e9s a h\u00f6lgy annyira meghat\u00f3dik, hogy \u0151 sem marad alul, legal\u00e1bbis zeneice. P\u00e1rizs besziv\u00e1rog a nyomorba, csillog\u00e1s \u00e9s Musette is van, nemcsak Kab\u00e1t\u00e1ria, holott az is gy\u00f6ny\u00f6r\u0171. V\u00e9g\u00fcl [&hellip;]<\/p>\n","protected":false},"author":3,"featured_media":0,"comment_status":"open","ping_status":"open","sticky":false,"template":"","format":"standard","meta":{"_monsterinsights_skip_tracking":false,"_monsterinsights_sitenote_active":false,"_monsterinsights_sitenote_note":"","_monsterinsights_sitenote_category":0,"ngg_post_thumbnail":0,"footnotes":""},"categories":[28,120],"tags":[],"class_list":["post-55372","post","type-post","status-publish","format-standard","hentry","category-dal","category-essze"],"_links":{"self":[{"href":"https:\/\/ujkafe.website\/index.php?rest_route=\/wp\/v2\/posts\/55372","targetHints":{"allow":["GET"]}}],"collection":[{"href":"https:\/\/ujkafe.website\/index.php?rest_route=\/wp\/v2\/posts"}],"about":[{"href":"https:\/\/ujkafe.website\/index.php?rest_route=\/wp\/v2\/types\/post"}],"author":[{"embeddable":true,"href":"https:\/\/ujkafe.website\/index.php?rest_route=\/wp\/v2\/users\/3"}],"replies":[{"embeddable":true,"href":"https:\/\/ujkafe.website\/index.php?rest_route=%2Fwp%2Fv2%2Fcomments&post=55372"}],"version-history":[{"count":0,"href":"https:\/\/ujkafe.website\/index.php?rest_route=\/wp\/v2\/posts\/55372\/revisions"}],"wp:attachment":[{"href":"https:\/\/ujkafe.website\/index.php?rest_route=%2Fwp%2Fv2%2Fmedia&parent=55372"}],"wp:term":[{"taxonomy":"category","embeddable":true,"href":"https:\/\/ujkafe.website\/index.php?rest_route=%2Fwp%2Fv2%2Fcategories&post=55372"},{"taxonomy":"post_tag","embeddable":true,"href":"https:\/\/ujkafe.website\/index.php?rest_route=%2Fwp%2Fv2%2Ftags&post=55372"}],"curies":[{"name":"wp","href":"https:\/\/api.w.org\/{rel}","templated":true}]}}