
{"id":55433,"date":"2016-10-18T05:42:29","date_gmt":"2016-10-18T05:42:29","guid":{"rendered":"https:\/\/ujkafe.website\/?p=55433"},"modified":"2016-10-18T05:42:29","modified_gmt":"2016-10-18T05:42:29","slug":"gergely-tamas-a-rut-kiskasa-xii","status":"publish","type":"post","link":"https:\/\/ujkafe.website\/?p=55433","title":{"rendered":"Gergely Tam\u00e1s: A r\u00fat kiskasa (XII)"},"content":{"rendered":"<p><strong>Detekt\u00edv novella, Andersen nyom\u00e1n<\/strong><\/p>\n<h2><strong>13. r\u00e9sz LEBUKNAK<\/strong><\/h2>\n<p>&#8222;Vajjon?&#8221;, k\u00e9rdezte hatty\u00fank mag\u00e1t\u00f3l. &#8222;Vajjon a m\u00edreg a mennyis\u00e9ggel egyenesen ar\u00e1nyos?&#8221; Ilyeneket tudott, mert mivel a t\u00f6bbi kik\u00f6z\u00f6s\u00edtette, kurzusokat v\u00e1lasztott mag\u00e1nak.<br \/>\nAz egyenes ar\u00e1ny \u00fagy \u00e9rtette, hogy a nagyobb libusk\u00e1kban t\u00f6bb a m\u00edreg, mint a kisebbekben, l\u00e1sd S\u00e9pi p\u00e9ld\u00e1j\u00e1t.<!--more--><br \/>\nMeg h\u00e1t el\u0151fordulhat, folytatta a filozof\u00e1l\u00e1st, hogy egy hatty\u00faban t\u00f6bb van, mint egy kacs\u00e1ban?<br \/>\nAzt meg mivel magyar\u00e1zza, hogy a buk\u00f3r\u00e9c\u00e9k elt\u0171nnek a v\u00edzben? Val\u00f3ban hal\u00e1sznak, vagy eg\u00e9sz egyszer\u0171en leh\u00fazza a m\u00e9reg a test\u00fcket&#8230;?<br \/>\nElhat\u00e1rozta, hogy ut\u00e1naj\u00e1r a dolognak. Vagyis hossz\u00fa nyak\u00e1t beleengedte a T\u00f3 viz\u00e9be, s megj\u00e1tszotta a detekt\u00edvet.<\/p>\n<p><em>(Folytatjuk)<\/em><\/p>\n<p><strong>El\u0151zm\u00e9nyek: <a href=\"https:\/\/ujkafe.website\/?p=54650\">1-2. r\u00e9sz<\/a>, <a href=\"https:\/\/ujkafe.website\/?p=54818\">3. r\u00e9sz<\/a>, <a href=\"https:\/\/ujkafe.website\/?p=54869\">4. r\u00e9sz<\/a>, <a href=\"https:\/\/ujkafe.website\/?p=54900\">5. r\u00e9sz<\/a>, <a href=\"https:\/\/ujkafe.website\/?p=54957\">6. r\u00e9sz<\/a>, <a href=\"https:\/\/ujkafe.website\/?p=55021\">7. r\u00e9sz<\/a>, <a href=\"https:\/\/ujkafe.website\/?p=55064\">8. r\u00e9sz<\/a>, <a href=\"https:\/\/ujkafe.website\/?p=55170\">9. r\u00e9sz<\/a>, <a href=\"https:\/\/ujkafe.website\/?p=55256\">10. r\u00e9sz<\/a>\u00a0<a href=\"https:\/\/ujkafe.website\/?p=55313\">11. r\u00e9sz<\/a><a href=\"https:\/\/ujkafe.website\/?p=55351\">\u00a012. r\u00e9sz<\/a><\/strong><\/p>\n<p>&nbsp;<\/p>\n","protected":false},"excerpt":{"rendered":"<p>Detekt\u00edv novella, Andersen nyom\u00e1n 13. r\u00e9sz LEBUKNAK &#8222;Vajjon?&#8221;, k\u00e9rdezte hatty\u00fank mag\u00e1t\u00f3l. &#8222;Vajjon a m\u00edreg a mennyis\u00e9ggel egyenesen ar\u00e1nyos?&#8221; Ilyeneket tudott, mert mivel a t\u00f6bbi kik\u00f6z\u00f6s\u00edtette, kurzusokat v\u00e1lasztott mag\u00e1nak. Az egyenes ar\u00e1ny \u00fagy \u00e9rtette, hogy a nagyobb libusk\u00e1kban t\u00f6bb a m\u00edreg, mint a kisebbekben, l\u00e1sd S\u00e9pi p\u00e9ld\u00e1j\u00e1t.<\/p>\n","protected":false},"author":3,"featured_media":0,"comment_status":"open","ping_status":"open","sticky":false,"template":"","format":"standard","meta":{"_monsterinsights_skip_tracking":false,"_monsterinsights_sitenote_active":false,"_monsterinsights_sitenote_note":"","_monsterinsights_sitenote_category":0,"ngg_post_thumbnail":0,"footnotes":""},"categories":[20,1],"tags":[],"class_list":["post-55433","post","type-post","status-publish","format-standard","hentry","category-egyperces","category-nincs-kategorizalva"],"_links":{"self":[{"href":"https:\/\/ujkafe.website\/index.php?rest_route=\/wp\/v2\/posts\/55433","targetHints":{"allow":["GET"]}}],"collection":[{"href":"https:\/\/ujkafe.website\/index.php?rest_route=\/wp\/v2\/posts"}],"about":[{"href":"https:\/\/ujkafe.website\/index.php?rest_route=\/wp\/v2\/types\/post"}],"author":[{"embeddable":true,"href":"https:\/\/ujkafe.website\/index.php?rest_route=\/wp\/v2\/users\/3"}],"replies":[{"embeddable":true,"href":"https:\/\/ujkafe.website\/index.php?rest_route=%2Fwp%2Fv2%2Fcomments&post=55433"}],"version-history":[{"count":0,"href":"https:\/\/ujkafe.website\/index.php?rest_route=\/wp\/v2\/posts\/55433\/revisions"}],"wp:attachment":[{"href":"https:\/\/ujkafe.website\/index.php?rest_route=%2Fwp%2Fv2%2Fmedia&parent=55433"}],"wp:term":[{"taxonomy":"category","embeddable":true,"href":"https:\/\/ujkafe.website\/index.php?rest_route=%2Fwp%2Fv2%2Fcategories&post=55433"},{"taxonomy":"post_tag","embeddable":true,"href":"https:\/\/ujkafe.website\/index.php?rest_route=%2Fwp%2Fv2%2Ftags&post=55433"}],"curies":[{"name":"wp","href":"https:\/\/api.w.org\/{rel}","templated":true}]}}