
{"id":5553,"date":"2010-10-31T03:51:39","date_gmt":"2010-10-31T03:51:39","guid":{"rendered":"https:\/\/ujkafe.website\/?p=5553"},"modified":"2010-10-31T03:51:39","modified_gmt":"2010-10-31T03:51:39","slug":"retro-vita-a-kafe-kerdezett-is-6","status":"publish","type":"post","link":"https:\/\/ujkafe.website\/?p=5553","title":{"rendered":"Retro-vita: A K\u00e1f\u00e9 k\u00e9rdezett is (6)"},"content":{"rendered":"<p><em>Borcsa J\u00e1nost\u00f3l, de Bo\u00e9r G\u00e9z\u00e1r\u00f3l:<br \/>\nMi\u00e9rt nem k\u00e1romkodott verseiben Bo\u00e9r G\u00e9za? Cenz\u00far\u00e1zt\u00e1k vagy cenz\u00far\u00e1zta \u00f6nmag\u00e1t? Tudom\u00e1sunk szerint az eg\u00e9sz \u00e9letm\u0171ben m\u00e9g egy l\u00f3b\u00fcgy\u00fcr\u00fc sincs. Verseinek gondnokak\u00e9nt te jobban sz\u00e1molsz?<\/em><\/p>\n<p>&#8211; Igen sajn\u00e1lom, mostan\u00e1ban nem tudom felvenni a keszty\u0171t, annyif\u00e9le h\u00e9tk\u00f6znapi tenni-vennival\u00f3 szor\u00edt, de levettem most a Bo\u00e9r-k\u00f6tetet a polcr\u00f3l, hogy felh\u00edvhassam a figyelmeteket a SORSKURUC c\u00edm\u0171 versre p\u00e9ld\u00e1ul (in. Sorskeresztrejtv\u00e9ny. Ambr\u00f3zia, 2002, 13. old.).<!--more--> Meggy\u00f5z\u00f5dhettek, bizony nem finomkodott n\u00e9hai bar\u00e1tunk k\u00f6lt\u00f5k\u00e9nt! Kir\u00e1ly L\u00e1szl\u00f3 d\u00fch\u00e9t juttatja esz\u00fcnkbe&#8230;<\/p>\n<p>Bo\u00e9r G\u00e9za: Sorskuruc<\/p>\n<p style=\"text-align: right;\"><strong>(K\u00e1f\u00e9)<\/strong><\/p>\n<p>*<br \/>\n<em> Kinde Annam\u00e1ria v\u00e9lem\u00e9nye:<\/em><\/p>\n<p>A pr\u0171d olvas\u00f3-finomkod\u00f3 \u00edr\u00f3 vita nem \u00e9rdekel. Nincs is, aki pr\u0171d legyen, nincsenek igazi olvas\u00f3k, itt szerintem is m\u00e1r csak az \u00edr\u00f3k olvass\u00e1k egym\u00e1st h\u00e9be-h\u00f3ba, \u00e9s m\u00e1s meg\u00e9lhet\u00e9si olvas\u00f3k olvasnak m\u00e9g n\u00e9ha ezt-azt. Nekem sokkal nagyobb bajom az, hogy nincs el\u00e9g id\u0151m olvasni, meg arra sincs id\u0151m, hogy \u00faj olvas\u00f3szem\u00fcveget csin\u00e1ltassak, mert a r\u00e9git m\u00e1r sz\u00e9tolvastam.<\/p>\n<p>Olvas\u00f3k\u00e9nt \u00fagy v\u00e9lem, ha igazolt, ami le van \u00edrva, minden j\u00f6het. \u00cdr\u00f3k\u00e9nt m\u00f3dj\u00e1val haszn\u00e1lok obszc\u00e9n kifejez\u00e9seket, nem sz\u00edvesen j\u00e1ruln\u00e9k hozz\u00e1 ahhoz, hogy ezek a t\u00f6bbnyire er\u0151s indulati t\u00f6lt\u00e9st hordoz\u00f3 szavak ki\u00fcresedjenek. (2004. \u00e1prilis 17-18.)<\/p>\n<p>Kor\u00e1bbiak:<\/p>\n<p><a href=\"https:\/\/ujkafe.website\/?p=5485\">Retro-vita: A K\u00e1f\u00e9 k\u00e9rdezett is (5)<\/a><\/p>\n<p><a href=\"https:\/\/ujkafe.website\/?p=5298\">Retro-vita: A K\u00e1f\u00e9 k\u00e9rdezett is (4)<\/a><\/p>\n<p><a href=\"https:\/\/ujkafe.website\/?p=5190\">Retro-vita: A K\u00e1f\u00e9 k\u00e9rdezett is (3)<\/a><\/p>\n<p><a href=\" https:\/\/ujkafe.website\/?p=5130\">Retro-vita: A K\u00e1f\u00e9 is k\u00e9rdezett (2)<\/a><\/p>\n<p><a href=\"https:\/\/ujkafe.website\/?p=5041\">Retro-vita: A K\u00e1f\u00e9 k\u00e9rdezett is (1)<\/a><\/p>\n<p>Retro-vita:\u00a0<a title=\"\u201cRetro-vita: Finomkod\u00e1s helyett finoms\u00e1g \u00e9s \u00edzl\u00e9s az irodalmi sz\u00f6vegben\u201d szerkeszt\u00e9se\" href=\"https:\/\/ujkafe.website\/wp-admin\/post.php?action=edit&amp;post=4968\">Finomkod\u00e1s helyett finoms\u00e1g \u00e9s \u00edzl\u00e9s az irodalmi sz\u00f6vegben<\/a><\/p>\n<p><a href=\"https:\/\/ujkafe.website\/?p=4864\">Retro-vita: Amikor Pruteanunak igaza volt<\/a><\/p>\n<p><a href=\"https:\/\/ujkafe.website\/?p=4751\">Retro-vita: Mumuban, ak\u00e1r a tehenek?<\/a><\/p>\n<p><a href=\"https:\/\/ujkafe.website\/?p=4620\">Retro-vita: sv\u00e9dek<\/a><\/p>\n<p><a href=\"https:\/\/ujkafe.website\/?p=4547\">Retro-vita: Elal\u00e9l\u00f3 lila l\u00f3<\/a><\/p>\n<p><a href=\"https:\/\/ujkafe.website\/?p=4490\">Retro-vita: A rend\u0151r meghalt, a diri \u00e9l<\/a><\/p>\n<p><a href=\"https:\/\/ujkafe.website\/?p=4393\">Retro-vita: \u00c1goston Hug\u00f3 finomkodik<\/a><\/p>\n<p><a href=\"https:\/\/ujkafe.website\/?p=4341\">Retro-vita: Ribilli\u00f3 a Korunkn\u00e1l<\/a><\/p>\n<p><a href=\"https:\/\/ujkafe.website\/?p=4306\">Retro-vita: Hogy besz\u00e9lne egy katona?<\/a><\/p>\n<p><a href=\"https:\/\/ujkafe.website\/?p=4256\">Retro-vita: Fragment\u00e1lunk?<\/a><\/p>\n<p><a href=\"https:\/\/ujkafe.website\/?p=4239\">Retro-vita: &#8230;az Akad\u00e9mi\u00e1t?<\/a><\/p>\n<p><a href=\"https:\/\/ujkafe.website\/?p=4204\">Retro-vita: Spont\u00e1n gondolat<\/a><\/p>\n<p><a href=\" https:\/\/ujkafe.website\/?p=4170\">Retro-vita: Ha neked az an\u00e1lis t\u00fal lok\u00e1lis<\/a><\/p>\n<p><a href=\" https:\/\/ujkafe.website\/?p=4101\">Retro-vita: H\u00e1ny l\u00f3fasz teszi a finomlelk\u0171 \u00edr\u00f3t?<\/a><\/p>\n<p><a href=\"https:\/\/ujkafe.website\/?p=4051\">Retro-vita: Nyolcvan procent<\/a><\/p>\n<p><a href=\"https:\/\/ujkafe.website\/?p=4001\">Retro-vita: A sz\u00f3t\u00e1r teli van mindenf\u00e9l\u00e9vel&#8230;<\/a><\/p>\n<p><a href=\"https:\/\/ujkafe.website\/?p=3975\">Retro-vita: Mikor \u00e9s mi\u00e9rt (ne)?<\/a><\/p>\n<p><a href=\"https:\/\/ujkafe.website\/?p=3957\">Retro-vita: Rendhagy\u00f3 &#8222;Nyelv \u00e9s \u00e9let&#8221;<\/a><\/p>\n<p><a href=\"https:\/\/ujkafe.website\/?p=3926\">Retro-vita: A dolgok n\u00e9ven nevez\u00e9s\u00e9r\u0151l<\/a><\/p>\n<p><a href=\"https:\/\/ujkafe.website\/?p=3914\">Retro-vita: Az irodalom nem mindig a sz\u00e9pr\u0151l sz\u00f3l<\/a><\/p>\n<p><a href=\"https:\/\/ujkafe.website\/?p=3895\">Retro-vita: Irodalom \u00e9s szabads\u00e1g<\/a><\/p>\n<p><a href=\"https:\/\/ujkafe.website\/?p=3838\">Retro-vita: Egy konkr\u00e9tum<\/a><\/p>\n<p><a href=\"https:\/\/ujkafe.website\/?p=3823\">Retro-vita: J\u00f3, rossz stb.<\/a><\/p>\n<p><a href=\"https:\/\/ujkafe.website\/?p=3810\">Retro-vita: Az igazi obszcenit\u00e1s a v\u00e9res er\u0151szak<\/a><\/p>\n<p><a href=\"https:\/\/ujkafe.website\/?p=3795\">Retro-vita: Szabadsz\u00e1j\u00fas\u00e1g vagy finomkod\u00e1s?<\/a><\/p>\n","protected":false},"excerpt":{"rendered":"<p>Borcsa J\u00e1nost\u00f3l, de Bo\u00e9r G\u00e9z\u00e1r\u00f3l: Mi\u00e9rt nem k\u00e1romkodott verseiben Bo\u00e9r G\u00e9za? Cenz\u00far\u00e1zt\u00e1k vagy cenz\u00far\u00e1zta \u00f6nmag\u00e1t? Tudom\u00e1sunk szerint az eg\u00e9sz \u00e9letm\u0171ben m\u00e9g egy l\u00f3b\u00fcgy\u00fcr\u00fc sincs. Verseinek gondnokak\u00e9nt te jobban sz\u00e1molsz? &#8211; Igen sajn\u00e1lom, mostan\u00e1ban nem tudom felvenni a keszty\u0171t, annyif\u00e9le h\u00e9tk\u00f6znapi tenni-vennival\u00f3 szor\u00edt, de levettem most a Bo\u00e9r-k\u00f6tetet a polcr\u00f3l, hogy felh\u00edvhassam a figyelmeteket a SORSKURUC [&hellip;]<\/p>\n","protected":false},"author":3,"featured_media":0,"comment_status":"open","ping_status":"open","sticky":false,"template":"","format":"standard","meta":{"_monsterinsights_skip_tracking":false,"_monsterinsights_sitenote_active":false,"_monsterinsights_sitenote_note":"","_monsterinsights_sitenote_category":0,"ngg_post_thumbnail":0,"footnotes":""},"categories":[14,4],"tags":[],"class_list":["post-5553","post","type-post","status-publish","format-standard","hentry","category-a-regi-kafebol","category-vers"],"_links":{"self":[{"href":"https:\/\/ujkafe.website\/index.php?rest_route=\/wp\/v2\/posts\/5553","targetHints":{"allow":["GET"]}}],"collection":[{"href":"https:\/\/ujkafe.website\/index.php?rest_route=\/wp\/v2\/posts"}],"about":[{"href":"https:\/\/ujkafe.website\/index.php?rest_route=\/wp\/v2\/types\/post"}],"author":[{"embeddable":true,"href":"https:\/\/ujkafe.website\/index.php?rest_route=\/wp\/v2\/users\/3"}],"replies":[{"embeddable":true,"href":"https:\/\/ujkafe.website\/index.php?rest_route=%2Fwp%2Fv2%2Fcomments&post=5553"}],"version-history":[{"count":0,"href":"https:\/\/ujkafe.website\/index.php?rest_route=\/wp\/v2\/posts\/5553\/revisions"}],"wp:attachment":[{"href":"https:\/\/ujkafe.website\/index.php?rest_route=%2Fwp%2Fv2%2Fmedia&parent=5553"}],"wp:term":[{"taxonomy":"category","embeddable":true,"href":"https:\/\/ujkafe.website\/index.php?rest_route=%2Fwp%2Fv2%2Fcategories&post=5553"},{"taxonomy":"post_tag","embeddable":true,"href":"https:\/\/ujkafe.website\/index.php?rest_route=%2Fwp%2Fv2%2Ftags&post=5553"}],"curies":[{"name":"wp","href":"https:\/\/api.w.org\/{rel}","templated":true}]}}