
{"id":55573,"date":"2016-10-23T05:22:05","date_gmt":"2016-10-23T05:22:05","guid":{"rendered":"https:\/\/ujkafe.website\/?p=55573"},"modified":"2016-10-23T05:22:05","modified_gmt":"2016-10-23T05:22:05","slug":"a-szabadsag-hullamhosszan-1","status":"publish","type":"post","link":"https:\/\/ujkafe.website\/?p=55573","title":{"rendered":"A szabads\u00e1g hull\u00e1mhossz\u00e1n (1)"},"content":{"rendered":"<p><strong>Az \u00f6tvenhatos forradalom t\u00f6rt\u00e9nete BBC-s v\u00e1ltozatban (r\u00e9szletek)<\/strong><\/p>\n<p><em>&#8230;A BBC Vil\u00e1gszolg\u00e1lat K\u00f6z\u00e9p-eur\u00f3pai Szolg\u00e1lat\u00e1t 1956-ban Gregory Macdonald vezette. Amikor 1979-ben interj\u00fa k\u00e9sz\u00fclt vele, a nyugalmazott BBC-munkat\u00e1rs \u00edgy eml\u00e9kezett a nevezetes napokra:<\/em><\/p>\n<p>H\u00fasz esztend\u0151n \u00e1t tart\u00f3 f\u0151oszt\u00e1lyvezet\u0151i munk\u00e1ss\u00e1gom legnagyobb esem\u00e9nye a magyar felkel\u00e9s volt. Nem sokkal a kit\u00f6r\u00e9se el\u0151tt, \u00e9ppen a zavarg\u00e1sok idej\u00e9n j\u00e1rtam Lengyelorsz\u00e1gban, teh\u00e1t tapasztalhattam, hogy a vil\u00e1gnak azon a r\u00e9sz\u00e9n valami robbanni k\u00e9sz\u00fcl. Ez\u00e9rt nem lepett meg teljesen a magyar forradalom h\u00edre. A BBC k\u00fclf\u00f6ldi ad\u00e1sainak k\u00f6zpontj\u00e1b\u00f3l, a Bush House-b\u00f3l mintha n\u00e9z\u0151t\u00e9rr\u0151l figyelt\u00fck volna a t\u00f6rt\u00e9nelem sz\u00ednpad\u00e1n lezajl\u00f3 esem\u00e9nyeket, \u00edgy a cselekm\u00e9ny benn\u00fcnket is involv\u00e1lt, k\u00fcl\u00f6n\u00f6sen mivel a magyar oszt\u00e1ly tagjai tudt\u00e1k, kik a szerepl\u0151k.<br \/>\nA Magyar R\u00e1di\u00f3 ad\u00e1s\u00e1t \u00e1lland\u00f3an hallgattuk. Helyettesem, Tarj\u00e1n Gy\u00f6rgy, \u00e9s a magyar oszt\u00e1lyt vezet\u0151 Rentoul Feri felfigyeltek r\u00e1, ha a szokott bemond\u00f3 helyett m\u00e1s besz\u00e9lt, vagy ha valakinek \u00e9ppens\u00e9ggel elfulladt a hangja. Izgalmas \u00e9lm\u00e9ny volt ez, napr\u00f3l napra figyelhett\u00fck a rendk\u00edv\u00fcli esem\u00e9nyek kifejl\u00e9s\u00e9t.<br \/>\nSeg\u00edteni akartuk a magyarokat. Nem azzal, hogy hergelt\u00fck volna \u0151ket az oroszok ellen. Nagy Imr\u00e9r\u0151l a kommunistaelleness\u00e9g l\u00e9gk\u00f6r\u00e9ben egy ideig az volt a v\u00e9lem\u00e9ny, hogy \u00e9pp olyan, mint a t\u00f6bbi, de egy ponton azut\u00e1n kivil\u00e1glott, hogy az orsz\u00e1g \u00e9rdek\u00e9ben cselekszik. Meg\u00edt\u00e9l\u00e9s\u00fcnk helyt\u00e1ll\u00f3nak bizonyult. <!--more--><br \/>\nAzut\u00e1n tal\u00e1n november 4-e lehetett, amikor a reggeli \u00e9rtekezleten ott \u00fcltem a t\u00f6bbi f\u0151oszt\u00e1lyvezet\u0151vel meg a h\u00edroszt\u00e1lyosokkal, \u00e9s egyszer csak a titk\u00e1rn\u0151 behozott egy \u00fczenetet. Budapestr\u0151l \u00e9rkezett k\u00e9relem volt ez, arra vonatkozott, hogy olvassunk be az ad\u00e1sban egy r\u00f6vid sz\u00f6veget. Sz\u00e1momra igen meghat\u00f3 volt, hogy a magyar \u00e9rdekek sz\u00f3sz\u00f3l\u00f3j\u00e1nak tekintenek benn\u00fcnket. P\u00e1lyafut\u00e1som nagy \u00e9lm\u00e9nye volt, hogy l\u00e1m, egyek vagyunk a magyars\u00e1ggal.<\/p>\n<h2><strong>Robban\u00e1s \/ Okt\u00f3ber 23.<\/strong><\/h2>\n<p><em>1956 eml\u00e9k\u00e9t a K\u00e1d\u00e1r-rendszerben mindv\u00e9gig k\u00f6vetkezetesen \u00e9bren tart\u00f3 n\u00e9hai Krass\u00f3 Gy\u00f6rgy, aki akkoriban alkalmi munk\u00e1s volt, 1986-ban &#8230; elmondta szem\u00e9lyes t\u00f6rt\u00e9net\u00e9t a BBC-nek.<\/em><\/p>\n<p>Mi a Szent Istv\u00e1n k\u00f6r\u00faton csatlakoztunk a felvonul\u00e1shoz, \u00e9s valahol be\u00e1lltunk, ahol nagy t\u00e1bl\u00e1kkal valamilyen f\u0151iskola hallgat\u00f3i vonultak, b\u00e1r bele voltak mindenf\u00e9le m\u00e1s emberek keveredve. Na most \u00e9n az elej\u00e9n m\u00e9g azt hittem, hogy el\u0151k\u00e9sz\u00edtett jelszavak vannak, de azt\u00e1n kider\u00fclt, hogy ezek a jelszavak folyton v\u00e1ltoztak, \u00e9s hogy t\u00e9nyleg az emberek maguk tal\u00e1lt\u00e1k ki vagy valahogy elterjedtek a t\u00f6megben. \u00c9s az alatt a k\u00f6r\u00fclbel\u00fcl egy \u00f3ra, h\u00e1romnegyed \u00f3ra alatt, am\u00edg a Bem-szoborhoz \u00e9rt\u00fcnk, az alatt is v\u00e1ltoztak a jelszavak. Milyen jelszavak voltak? H\u00e1t ez is el\u00e9gg\u00e9 k\u00f6zismert, f\u0151k\u00e9ppen Nagy Imre visszat\u00e9r\u00e9s\u00e9t k\u00f6vetel\u0151 jelszavak, \u00bbNagy Imr\u00e9t a korm\u00e1nyba!\u00ab, akkor ez rendszeresen ism\u00e9tl\u0151d\u00f6tt. \u00bbNe csin\u00e1ljunk mindent k\u00e9sve, Nagy Imr\u00e9t a vezet\u00e9sbe!\u00ab \u00bbGer\u0151 Ern\u0151 mondjon le!\u00ab Voltak lengyelek melletti jelszavak is, hiszen az eg\u00e9sz t\u00fcntet\u00e9s f\u00e9lig Lengyelorsz\u00e1g melletti t\u00fcntet\u00e9s volt. \u00bbMagyar-lengyel bar\u00e1ts\u00e1g.&#8221; Ez volt az a f\u0151 jelsz\u00f3, ami a lengyelekre utalt. M\u00e1sra, p\u00e9ld\u00e1ul olyanra is eml\u00e9kszem, hogy \u00bbBem ap\u00f3 \u00e9s D\u00f3zsa n\u00e9pe, egy\u00fctt megy\u00fcnk k\u00e9z a k\u00e9zbe\u00ab. De az vil\u00e1gos volt, hogy itt egy k\u00e9rd\u00e9s van, a magyar f\u00fcggetlens\u00e9g \u00e9s magyar szabads\u00e1g k\u00e9rd\u00e9se. Ez abban nyilv\u00e1nult meg, hogy a legf\u0151bb jelsz\u00f3, ami folyton ism\u00e9tl\u0151d\u00f6tt, a \u00bbF\u00fcggetlens\u00e9g, szabads\u00e1g\u00ab volt. Akkor is \u00e1lland\u00f3an \u00e9s a k\u00e9s\u0151bbi szakaszban is. Ezt a f\u00fcggetlens\u00e9get hangs\u00falyozta az a jelsz\u00f3 is, hogy \u00bbMinden orsz\u00e1g katon\u00e1ja, menjen saj\u00e1t haz\u00e1j\u00e1ba\u00ab. Tov\u00e1bbi ilyen jelsz\u00f3 volt, hogy \u00bbMagyar ur\u00e1n, magyar kincs, m\u00e1snak ehhez k\u00f6ze nincs\u00ab.<\/p>\n<p><em>Hogy mi t\u00f6rt\u00e9nt a konfliktus kirobban\u00e1sa el\u0151tt a r\u00e1di\u00f3ban, azt a Magyar R\u00e1di\u00f3 egyik Londonba menek\u00fclt zenei szerkeszt\u0151je mondta el, aki tagja volt a r\u00e1di\u00f3 ideiglenes forradalmi munk\u00e1stan\u00e1cs\u00e1nak..<\/em>.<\/p>\n<p>Okt\u00f3ber 23-\u00e1n d\u00e9lel\u0151tt 12 \u00f3rakor mintegy nyolcvanan tartottunk r\u00f6pgy\u0171l\u00e9st az udvaron. A nyolcsz\u00e1z dolgoz\u00f3 k\u00f6z\u00fcl k\u00f6r\u00fclbel\u00fcl nyolcvanan. Akkor d\u00e9lel\u0151tt nem lehetett benn t\u00f6bb mint h\u00e1rom-n\u00e9gysz\u00e1z ember. T\u00f3th Gy\u00f6rgy, a R\u00e1di\u00f3 \u00dajs\u00e1g munkat\u00e1rsa az ifj\u00fas\u00e1g k\u00f6vetel\u00e9seir\u0151l besz\u00e9lt, \u00e9s h\u00edvta a r\u00e1di\u00f3 dolgoz\u00f3it, hogy min\u00e9l t\u00f6bben menjenek el d\u00e9lut\u00e1n a Pet\u0151fi-szoborhoz t\u00fcntetni. Nem mindenki akart csatlakozni, hiszen a r\u00e1di\u00f3 dolgoz\u00f3inak a nyolcvan sz\u00e1zal\u00e9ka p\u00e1rttag volt, a legkevesebben a zenei oszt\u00e1lyon, a legt\u00f6bben az agit-prop. \u00e9s a k\u00fcl\u00fcgyi oszt\u00e1lyon.<br \/>\nA m\u00e1sik r\u00f6pgy\u0171l\u00e9s k\u00e9t \u00f3ra k\u00f6r\u00fcl zajlott le. Ezen m\u00e1r j\u00f3val t\u00f6bben vettek r\u00e9szt, ez viharosabb hangulat\u00fa volt, tiltakoz\u00e1st fogalmazott meg Piros L\u00e1szl\u00f3 bel\u00fcgyminiszter gy\u00fclekez\u00e9si tilalmat elrendel\u0151 utas\u00edt\u00e1sa ellen. Tiltakoz\u00e1sunkat be akartuk olvasni, de a r\u00e1di\u00f3 vezet\u0151i ezt nem enged\u00e9lyezt\u00e9k. A r\u00e1di\u00f3nak volt k\u00fcl\u00f6n \u00e1lland\u00f3 \u00e1v\u00f3s \u0151rs\u00e9ge, szerintem mintegy negyven ember, \u00e9s ezt aznap d\u00e9lut\u00e1n h\u00e1rom \u00e9s \u00f6t k\u00f6z\u00f6tt megk\u00e9tszerezt\u00e9k.<br \/>\n&#8230; N\u00e9gy \u00f3ra k\u00f6r\u00fcl \u00e9n t\u00f6bbedmagammal, T\u00f3th Gyurival \u00e9s r\u00e1di\u00f3s fiatalokkal elmentem a Pet\u0151fi-szoborhoz, a t\u00fcntet\u00e9sre. El\u0151tte volt a harmadik r\u00f6pgy\u0171l\u00e9s. Itt m\u00e1r speci\u00e1lis r\u00e1di\u00f3s t\u00e9m\u00e1kr\u00f3l is sz\u00f3 esett. T\u00f3th Gy\u00f6rgy felolvasta a r\u00e1di\u00f3 dolgoz\u00f3inak k\u00edv\u00e1ns\u00e1g\u00e1t, hogy a zavar\u00f3 ad\u00f3kat&#8230; sz\u00fcntess\u00e9k meg, \u00e9s az \u00f6sszeget ford\u00edts\u00e1k a r\u00e1di\u00f3z\u00e1s fejleszt\u00e9s\u00e9re. Tudom\u00e1som szerint Di\u00f3sdon legal\u00e1bb nyolc zavar\u00f3 ad\u00f3 m\u0171k\u00f6d\u00f6tt. A m\u00e1sik k\u00edv\u00e1ns\u00e1g az volt, hogy a r\u00e1di\u00f3 ne tartozz\u00e9k tov\u00e1bbra is a Minisztertan\u00e1cs ellen\u0151rz\u00e9se al\u00e1. Ir\u00e1ny\u00edtsa a r\u00e1di\u00f3t az eln\u00f6k. F\u00e9l \u00f6tkor elhagytam a r\u00e1di\u00f3t r\u00e1di\u00f3zenekari tagokkal, akik f\u00e9lbeszak\u00edtott\u00e1k a pr\u00f3b\u00e1t, hogy r\u00e9szt vehessenek a t\u00fcntet\u00e9sen.<br \/>\nLegk\u00f6zelebb a r\u00e1di\u00f3ba m\u00e1r csak okt\u00f3ber 25-\u00e9n, cs\u00fct\u00f6rt\u00f6k\u00f6n jutottam be, a r\u00e1di\u00f3csata ut\u00e1n. Akkor a r\u00e1di\u00f3 m\u00e1r a f\u00f6lkel\u0151k kez\u00e9n volt. Magyar katon\u00e1k tisztogatt\u00e1k az \u00e9p\u00fcletet, halottakat vittek ki, csak a b\u00fcf\u00e9ben hat halott volt. Felkel\u0151k is, de nagyobbr\u00e9szt \u00e1v\u00f3sok. A folyos\u00f3kon v\u00e9r, t\u00f6lt\u00e9nyek, a szob\u00e1k sz\u00e9tl\u0151ve&#8230; A r\u00e1di\u00f3 akkor m\u00e1r a Parlamentb\u0151l m\u0171k\u00f6d\u00f6tt.<\/p>\n<p><em>K\u00e9t fiatal grafikusm\u0171v\u00e9sz r\u00e9szt vett a r\u00e1di\u00f3 \u00e9p\u00fclet\u00e9n\u00e9l foly\u00f3 harcokban&#8230;<\/em><\/p>\n<p>Okt\u00f3ber 23-\u00e1n n\u00e9gy, f\u00e9l \u00f6t fel\u00e9, amikor kij\u00f6tt\u00fcnk a m\u0171teremb\u0151l, siet\u0151 embereket l\u00e1ttunk a [Br\u00f3dy] S\u00e1ndor utca ir\u00e1ny\u00e1ba szaladni, egyik szaladt, a m\u00e1sik sietett, \u00e9s f\u00f6lt\u0171nt nek\u00fcnk az, hogy az aut\u00f3buszok \u00e9s a villamosok nem j\u00e1rtak, egym\u00e1s hegy\u00e9n-h\u00e1t\u00e1n, az utca k\u00f6zep\u00e9n \u00f6sszevissza szaladg\u00e1l\u00f3 emberek ker\u00fclgett\u00e9k a buszokat. Nem tudtuk elk\u00e9pzelni, hogy mi t\u00f6rt\u00e9nhetett, szerencs\u00e9tlens\u00e9g? Abszol\u00fat nem tudtunk semmit. S abba az ir\u00e1nyba ment\u00fcnk. Min\u00e9l k\u00f6zelebb, ann\u00e1l t\u00f6bb ember volt. V\u00e9g\u00fcl be\u00e9rt\u00fcnk a S\u00e1ndor utc\u00e1ba, \u00e9s \u00f3ri\u00e1si t\u00f6meget l\u00e1ttunk. Hallottuk, hogy \u00fctemesen k\u00e9rt\u00e9k a r\u00e1di\u00f3 erk\u00e9ly\u00e9n kint l\u00e9v\u0151 emberekt\u0151l, akikr\u0151l k\u00e9s\u0151bb megtudtuk, az ifj\u00fas\u00e1gi bizotts\u00e1g tagjai voltak, hogy olvass\u00e1k be a 14 pontot.<br \/>\nAkkor a r\u00e1di\u00f3 igazgat\u00f3n\u0151je v\u00e9gre kij\u00f6tt az erk\u00e9lyre \u00e9s azt mondta, ezt a k\u00edv\u00e1ns\u00e1got nem tudja teljes\u00edteni. Erre m\u00e9g nagyobb lett a felz\u00fadul\u00e1s, \u00e9s tov\u00e1bb is kitartottunk az \u00e1ll\u00e1spontunk mellett, majd az ottani fiatalok, a forradalmi bizotts\u00e1g tagjai megnyugtat\u00f3 v\u00e1laszt adtak, hogy mindent el fognak k\u00f6vetni annak \u00e9rdek\u00e9ben, hogy ez megt\u00f6rt\u00e9njen. Tov\u00e1bbi t\u00e1rgyal\u00e1sokba kezdtek, de mi nem t\u00e1g\u00edtottunk, \u00e9s \u00e1lland\u00f3an mindig t\u00f6bb \u00e9s t\u00f6bb ember gy\u00fclekezett ezen a r\u00e9szen.<br \/>\nA t\u00f6meg egyre izgatottabb lett. \u00c9nekelt\u00fck a magyar Himnuszt, a Sz\u00f3zatot. Az \u00e1v\u00f3sok beavatkoz\u00e1s\u00e1ra hosszas t\u00fcntet\u00e9s ut\u00e1n ker\u00fclt sor, amikor az ifj\u00fas\u00e1g k\u00f6vetelte a 14 pont felolvas\u00e1s\u00e1t a r\u00e1di\u00f3ban&#8230; \u00dagy hat-h\u00e9t \u00f3ra lehetett, amikor az els\u0151 rend\u0151rs\u00e9gi g\u00e9pkocsi megjelent. L\u00e1tta, hogy itt nem forradalmi harcr\u00f3l van sz\u00f3, hanem az ifj\u00fas\u00e1g b\u00e9k\u00e9s t\u00fcntet\u00e9s\u00e9r\u0151l \u00e9s a szabads\u00e1guk kiv\u00edv\u00e1s\u00e1r\u00f3l, \u00edgy elment a g\u00e9pkocsi. R\u00e1 15-20 percre megjelent egy honv\u00e9ds\u00e9gi g\u00e9pkocsi, amely ugyanilyen m\u00f3don elhagyta a S\u00e1ndor utc\u00e1t. \u00dagy f\u00e9l nyolc el\u0151tt jelent meg az \u00c1VO g\u00e9pkocsija is, de k\u00e9t-h\u00e1rom percnyi tart\u00f3zkod\u00e1s ut\u00e1n az is elment&#8230;<br \/>\nAz ifj\u00fas\u00e1g az ott t\u00fcntet\u0151 munk\u00e1sokkal egyetemben a 14 pont mellett persze azt is k\u00f6vetelte, hogy az eg\u00e9sz vil\u00e1g hallja a felh\u00edv\u00e1sukat, teh\u00e1t k\u00e9rt\u00e9k, hogy a r\u00e1di\u00f3 sug\u00e1rozza azt. A S\u00e1ndor utcai k\u00f6zpontban a Ger\u0151-besz\u00e9dre k\u00e9sz\u00fcltek, ami nyolc \u00f3rakor le is zajlott. Nyolc \u00f3ra el\u0151tt n\u00e9h\u00e1ny perccel megjelent egy \u00fagynevezett \u00c1VO-k\u00e9sz\u00fclts\u00e9g, ami t\u00f6bb kocsioszlopb\u00f3l \u00e1llt, \u00e9s az \u00e1v\u00f3sok lehettek olyan 150-200-an. Term\u00e9szetesen m\u00e9g a t\u00f6meghez sem tudtak hozz\u00e1f\u00e9rk\u0151zni, mert az emberek annyira \u00f6sszeszorultak, \u00e9s ekkor a S\u00e1ndor utca els\u0151 \u00e9s m\u00e1sodik emelet\u00e9r\u0151l k\u00f6nnyfakaszt\u00f3 bomb\u00e1kat dob\u00e1ltak le r\u00e1juk.<br \/>\nK\u00e9k\u00e1v\u00f3sok voltak, de sorozott leg\u00e9nys\u00e9gi \u00e1llom\u00e1nyban, nem j\u00f3sz\u00e1ntukb\u00f3l, hanem beh\u00edvt\u00e1k \u0151ket. Az els\u0151 l\u00f6v\u00e9s a k\u00f6nnyfakaszt\u00f3 bomb\u00e1k k\u00f6zepette d\u00f6rd\u00fclt el, ami az els\u0151 \u00e9s m\u00e1sodik emeletr\u0151l j\u00f6tt, persze erre a t\u00fcntet\u0151 ifj\u00fas\u00e1g bet\u00f3dult a S\u00e1ndor utc\u00e1ban lev\u0151 egyes \u00e9p\u00fcletek kapualjaiba&#8230; Ekkor a kik\u00fcld\u00f6tt k\u00e9sz\u00fclts\u00e9gi \u00c1VO is benyomult a r\u00e1di\u00f3 el\u00e9. Id\u0151k\u00f6z\u00f6nk\u00e9nt sz\u00fcnetelt a k\u00f6nnyfakaszt\u00f3 bomb\u00e1k ledob\u00e1sa, ekkor mi, fiatalok, \u00e9n is, odarohantunk az \u00e1v\u00f3sokhoz, akik a fegyvert ugyan r\u00e1nk fogt\u00e1k, mert f\u00e9ltek, hogy esetleg b\u00e1ntalmazzuk \u0151ket, de nem l\u0151ttek. S\u00edrva-k\u00f6ny\u00f6r\u00f6gve, k\u00e9ts\u00e9gbeesetten mondtuk &#8211; odasz\u00f3ltam p\u00e9ld\u00e1ul j\u00f3magam is -, nem sz\u00e9gyenlitek magatokat, hogy ilyen aljasok vagytok, magyark\u00e9nt a magyart l\u00f6vitek le \u00e9s azok ellen harcoltok? H\u00e1t a te ap\u00e1d is munk\u00e1sember volt. Erre az \u00e1v\u00f3sok persze a fegyver\u00fcket a k\u00e9szenl\u00e9tb\u0151l a l\u00e1buk mell\u00e9 helyezt\u00e9k, \u00e9s s\u00edrva mondt\u00e1k, az is bassza meg a b\u00fcd\u00f6s kurva anyj\u00e1t, aki ellenetek akar harcolni, mi nem fogunk ellenetek fegyvert.<br \/>\nErre f\u00f6l az t\u00f6rt\u00e9nt, hogy a m\u00e1sodik emeleti ablakb\u00f3l egy \u00e1v\u00f3s g\u00e9ppisztolysorozatot l\u0151tt az ifj\u00fas\u00e1g \u00e9s az ottani \u00e1v\u00f3sok k\u00f6z\u00e9, mivel l\u00e1tta, hogy besz\u00e9lget\u00e9s folyik, \u00e9s az \u00e1v\u00f3sok nem teljes\u00edtik kell\u0151en a feladatukat. Volt sebes\u00fclt is ez alkalommal. \u00c9n j\u00f3magam l\u00e1ttam k\u00e9t di\u00e1kot, az egyiknek fejs\u00e9r\u00fcl\u00e9se volt, ott k\u00f6t\u00f6zt\u00e9k be a kapu alatt, a m\u00e1sikr\u00f3l nem tudom, hova vitt\u00e9k, neki k\u00fcl\u00f6nf\u00e9le sebes\u00fcl\u00e9sei voltak, \u00fagyhogy valahova elsz\u00e1ll\u00edtott\u00e1k.<\/p>\n<p><em>Ki adta ki a t\u0171zparancsot?A n\u00e9hai Heged\u0171s Andr\u00e1s, az akkori magyar minisztereln\u00f6k harminc \u00e9vvel k\u00e9s\u0151bb a k\u00f6vetkez\u0151k\u00e9ppen mondta el a t\u00f6rt\u00e9nteket a BBC tud\u00f3s\u00edt\u00f3j\u00e1nak.<\/em><\/p>\n<p>Nagy Imre este bej\u00f6tt a Politikai Bizotts\u00e1gba, \u00e9s m\u00e9g akkor este &#8211; h\u00e1t ezt most m\u00e1r nem tudom pontosan, mikor, \u00fagy 10-11 \u00f3ra k\u00f6r\u00fcl \u2013 l\u00e9nyeg\u00e9ben megt\u00f6rt\u00e9nt a megegyez\u00e9s, hogy Nagy Imre elv\u00e1llalja a minisztereln\u00f6ks\u00e9get. \u00c9n minisztereln\u00f6khelyettes lettem, Ger\u0151 pedig els\u0151 titk\u00e1r tov\u00e1bbra is. Teh\u00e1t l\u00e9nyeg\u00e9ben a vezet\u00e9s v\u00e1ltozatlan maradt. Csak Nagy Imre j\u00f6tt be egy olyan korm\u00e1nyba, amiben tulajdonk\u00e9ppen nem volt embere. Nem is tudom egy\u00e9bk\u00e9nt, hogy Nagy Imre helyesen tette-e, hogy ezt akkor v\u00e1llalta&#8230;<br \/>\nAz els\u0151 vita ak\u00f6r\u00fcl folyt, hogy legyen-e t\u0171zparancs. A t\u0171zparancsot elvileg kiadhatta volna a bel\u00fcgy- \u00e9s a had\u00fcgyminiszter, akik megalak\u00edtottak egy k\u00f6z\u00f6s parancsnoks\u00e1gf\u00e9l\u00e9t, de nem volt mersz\u00fck kiadni. \u00c1lland\u00f3an telefon\u00e1ltak, a r\u00e1di\u00f3\u0151rs\u00e9g telefon\u00e1lt \u00e9s Benke Vali, a r\u00e1di\u00f3 eln\u00f6ke, aki ott volt a r\u00e1di\u00f3n\u00e1l. Benke Vali a Ger\u0151t, a parancsnok pedig &#8211; nem tudom, azt hiszem, egy \u0151rnagy vagy egy ezredes volt &#8211; az a Bat\u00e1t [honv\u00e9delmi miniszter &#8211; a szerk.] vagy a Pirost [bel\u00fcgyminiszter-a szerk.] h\u00edvta. Teh\u00e1t k\u00e9t oldalr\u00f3l kapta a Politikai Bizotts\u00e1g az inform\u00e1ci\u00f3kat, a Benke r\u00e9sz\u00e9r\u0151l \u00e9s a katonai parancsnoks\u00e1g r\u00e9sz\u00e9r\u0151l. \u0150k v\u00e1ls\u00e1gosnak l\u00e1tt\u00e1k a helyzetet a r\u00e1di\u00f3n\u00e1l, \u00e9s \u00e1lland\u00f3an s\u00fcrgett\u00e9k, fenyegett\u00e9k a Politikai Bizotts\u00e1got, hogy ha nincs t\u0171zparancs, akkor v\u00e9ge mindennek. Elk\u00e9pzelhet\u0151 &#8211; most m\u00e1r ut\u00f3lag nem tudom rekonstru\u00e1lni, de az\u00e9rt pr\u00f3b\u00e1lom -, hogy a t\u0171zparancs el\u0151tt m\u00e1r l\u0151ttek.<br \/>\nK\u00f6zben a Politikai Bizotts\u00e1g \u00fclt \u00e9s t\u0171n\u0151d\u00f6tt. Nagyon k\u00e9s\u0151n ment ki a t\u0171zparancs. Nem tudom pontosan, 12-13 \u00f3ra k\u00f6r\u00fcl. V\u00e9g\u00fcl a Bata adta ki, vagy a Piros, vagy ketten k\u00f6z\u00f6sen, teh\u00e1t a Katonai Parancsnoks\u00e1g, de a Politikai Bizotts\u00e1g teljes egyet\u00e9rt\u00e9s\u00e9vel, Nagy Imr\u00e9t term\u00e9szetesen belesz\u00e1m\u00edtva.<\/p>\n<p><em>G\u00f6m\u00f6ri Gy\u00f6rgy \u00edr\u00f3 \u00edgy eml\u00e9kszik a szovjet csapatok beh\u00edv\u00e1s\u00e1nak h\u00e1tter\u00e9re:<\/em><\/p>\n<p>Egy l\u00e9nyeges momentumr\u00f3l kell m\u00e9g sz\u00f3lnunk, az oroszok beh\u00edv\u00e1sa k\u00f6r\u00fcli z\u0171rzavarr\u00f3l. Erre t\u00f6rt\u00e9nelmi bizony\u00edt\u00e9kaink Benj\u00e1min L\u00e1szl\u00f3t\u00f3l \u00e9s Erdei S\u00e1ndort\u00f3l vannak, akik az \u00edr\u00f3sz\u00f6vets\u00e9g nev\u00e9ben t\u00e1rgyaltak a p\u00e1rtk\u00f6zponttal. A k\u00f6vetkez\u0151ket tudom elmondani: Benj\u00e1min L\u00e1szl\u00f3, Erdei S\u00e1ndor, D\u00e9ry Tibor \u00e9s m\u00e9g n\u00e9h\u00e1ny nevesebb \u00edr\u00f3 a 23-\u00e1r\u00f3l 24-\u00e9re virrad\u00f3 \u00e9jszak\u00e1n felkereste a p\u00e1rtk\u00f6zpontot. Itt Heged\u0171s Andr\u00e1ssal besz\u00e9ltek. K\u00e9rdezt\u00e9k a v\u00e9lem\u00e9ny\u00e9t a helyzetr\u0151l. Heged\u0171s a k\u00f6vetkez\u0151ket mondotta \u00e9jjel kett\u0151kor: \u00bb\u00dagy v\u00e9lj\u00fck, van el\u00e9g er\u0151nk arra, hogy elfojtsuk a fasiszta l\u00e1zad\u00e1st. De amennyiben reggelig nem lesz nyugalom, k\u00e9nytelenek lesz\u00fcnk beh\u00edvni az oroszokat.\u00ab Ism\u00e9tlem, ezt \u00e9jjel kett\u0151kor mondta&#8230;<\/p>\n<p><em>Vitalij Fomin nyugalmazott ezredes, 1956-ban a Sz\u00e9kesfeh\u00e9rv\u00e1ron \u00e1llom\u00e1soz\u00f3 szovjet k\u00fcl\u00f6nleges hadtesthez beosztott politikai tiszt \u00e9s tolm\u00e1cs volt, akkor m\u00e9g sz\u00e1zadosi rangban. 2004-ben a k\u00f6vetkez\u0151ket mondta a BBC tud\u00f3s\u00edt\u00f3j\u00e1nak:<\/em><\/p>\n<p>Csapataink azon a c\u00edmen tart\u00f3zkodtak Magyarorsz\u00e1gon, hogy NATO-t\u00e1mad\u00e1s eset\u00e9n a magyar n\u00e9phadsereg seg\u00edts\u00e9g\u00e9re siethessenek. A legnagyobb meglepet\u00e9s volt, hogy Moszkv\u00e1b\u00f3l megj\u00f6tt a parancs okt\u00f3ber 23-\u00e1n, a csapatokat be kell vetni Budapesten. El\u0151tte Andropov szovjet nagyk\u00f6vet k\u00f6z\u00f6lte vel\u00fcnk, hogy magyar bar\u00e1taink k\u00e9rik, csapataink menjenek Budapestre, nem rendet csin\u00e1lni, hanem rendet tartani. Ez a k\u00e9r\u00e9s magyar id\u0151 szerint k\u00f6r\u00fclbel\u00fcl nyolc \u00f3rakor, telefonon \u00e9rkezett. Andropov felsz\u00f3l\u00edtotta Pjotr Lascsenko alt\u00e1bornagyot, a sz\u00e9kesfeh\u00e9rv\u00e1ri szovjet k\u00fcl\u00f6nleges hadtest parancsnok\u00e1t, hogy csapataival vonuljon be Budapestre. Lascsenko megtagadta a k\u00e9r\u00e9st, mondv\u00e1n, hogy moszkvai parancs n\u00e9lk\u00fcl egy fia katon\u00e1t nem k\u00fcld Budapestre. Lascsenko, aki 1953-ban az NDK-ban teljes\u00edtett szolg\u00e1latot \u00e9s l\u00e1tta, hogy mi t\u00f6rt\u00e9nt Kelet-Berlinben, csod\u00e1lkozott a k\u00e9r\u00e9sen. 1956 szeptember\u00e9ben n\u00e1lunk, a hadtestn\u00e9l p\u00e1rtakt\u00edv\u00e1t tartottak, \u00e9s ott megjelent Andropov, aki elmondta, hogy a magyar p\u00e1rtvezet\u00e9sben van ellenz\u00e9k, nem minden stimmel, de magyar bar\u00e1taink a saj\u00e1t probl\u00e9m\u00e1ikat megoldj\u00e1k. Mi j\u00f3l tudtuk, hogy a magyar n\u00e9phadsereg 150 000 f\u0151nyi l\u00e9tsz\u00e1mmal, mellette a bel\u00fcgyi karhatalom \u00e9s a rend\u0151rs\u00e9g is a korm\u00e1ny rendelkez\u00e9s\u00e9re \u00e1ll. A Rajk-temet\u00e9sen sem ker\u00fclt sor semmif\u00e9le rendbont\u00e1sra. Kicsit \u00e9rtetlen\u00fcl \u00e1lltunk az esem\u00e9nyekkel szemben. \u00c1ttelefon\u00e1ltam a szomsz\u00e9dban \u00e1llom\u00e1soz\u00f3 magyar l\u00f6v\u00e9szhadtesthez, \u00e9s megk\u00e9rdeztem Mikes vez\u00e9r\u0151rnagyot, hogy mi van Budapesten. Mondta, hogy semmi. A fiatals\u00e1g bulizik, de odak\u00fcld egy g\u00e9pes\u00edtett ezredet, amely majd \u00e1tvonul az utc\u00e1kon, \u00e9s minden rendben lesz. Ezt jelentettem Lascsenko alt\u00e1bornagynak \u00e9s az \u00e9n felettesemnek, a politikai oszt\u00e1ly vezet\u0151j\u00e9nek, akik csod\u00e1lkoztak. De Andropov tudhatott valamit, mert azt mondta telefonon, hogy a moszkvai vezet\u0151s\u00e9gnek az a v\u00e9lem\u00e9nye: teljes\u00edteni kell magyar bar\u00e1taink k\u00e9r\u00e9s\u00e9t. K\u00e9t \u00f3ra m\u00falva, magyar id\u0151 szerint este t\u00edz \u00f3rakor j\u00f6tt meg Moszkv\u00e1b\u00f3l a parancs. Eredetileg nem volt semmilyen terv\u00fcnk a beavatkoz\u00e1sra, de a lengyelorsz\u00e1gi esem\u00e9nyek ut\u00e1n minket is felk\u00e9rtek, hogy k\u00e9sz\u00edts\u00fcnk tervet \u00bbrendk\u00edv\u00fcli esem\u00e9nyek\u00ab bek\u00f6vetkezt\u00e9re. De a \u00bbrendk\u00edv\u00fcli esem\u00e9ny\u00ab az h\u00e1bor\u00fat jelent, \u00e9s err\u0151l a tervr\u0151l el is feledkeztek azt\u00e1n a hadseregben, mert a f\u0151 vesz\u00e9lyforr\u00e1snak Lengyelorsz\u00e1got tartott\u00e1k. Magyarorsz\u00e1g is kapott utas\u00edt\u00e1st, hogy sz\u00fcks\u00e9g eset\u00e9n vesse be csapatait Lengyelorsz\u00e1gban.<br \/>\nEl\u0151sz\u00f6r egy \u00fagynevezett operat\u00edv csoport indult el egy tank vezet\u00e9s\u00e9vel, ezt k\u00f6vette egy parancsnoki p\u00e1nc\u00e9lkocsi, majd egy nagyobb p\u00e1nc\u00e9lkocsi, \u00e9s ut\u00e1na j\u00f6tt t\u00f6bb t\u00f6rzstiszti terepj\u00e1r\u00f3 kocsi. Amikor be\u00e9rkezt\u00fcnk Budapestre, Buda csendes volt \u00e9s s\u00f6t\u00e9t. Lascsenko meg\u00e1llap\u00edtotta, hogy itt nem tud kapcsolatot l\u00e9tes\u00edteni sem Moszkv\u00e1val, sem pedig a magyar hadsereggel. Akkor meg mit\u00e9v\u0151 legyen? Probl\u00e9ma volt az is, hogy a mi katon\u00e1ink a legjobb viszonyban voltak a magyarokkal, akik \u0151szint\u00e9n sajn\u00e1lt\u00e1k az otthonukt\u00f3l elszakadt \u00e9s l\u00e1gerszer\u0171 k\u00f6r\u00fclm\u00e9nyek k\u00f6zt \u00e9l\u0151 mieinket, bar\u00e1ts\u00e1gosak voltak hozz\u00e1juk \u00e9s sokszor etett\u00e9k is \u0151ket. \u00c9s akkor mi ilyen embereket k\u00fcldt\u00fcnk oda.<br \/>\nEgyetlen esetben sem fordult el\u0151, hogy a mieink l\u0151ttek volna el\u0151sz\u00f6r. R\u00e9sz\u00fcnkr\u0151l szigor\u00fa parancsot adtak ki, hogy a katon\u00e1ink ne provok\u00e1ljanak. Amikor okt\u00f3ber 23-\u00e1n \u00e9jszaka az operat\u00edv csoporttal meg\u00e9rkezt\u00fcnk Budapestre, a tankot is el kellett hagynunk, mert t\u00fal lass\u00fa volt, de akkor egyetlen l\u00f6v\u00e9st sem adtak le r\u00e1nk magyar r\u00e9szr\u0151l, pedig csak az az egy p\u00e1nc\u00e9lkocsink volt. Amikor \u00e1thaladtunk a kivil\u00e1g\u00edtott Andr\u00e1ssy \u00faton, az akkori Szt\u00e1lin \u00faton, ott hemzsegett a n\u00e9p, majdnem \u00fcnnepi hangulatban. De azt\u00e1n oda\u00e9rt\u00fcnk a Br\u00f3dy S\u00e1ndor utc\u00e1hoz, a r\u00e1di\u00f3 k\u00f6zel\u00e9be, ahol abban az id\u0151ben kezd\u0151d\u00f6tt a l\u00f6v\u00f6ld\u00f6z\u00e9s. Mi meg\u00e1lltunk, \u00e9s a t\u00f6megb\u0151l mondt\u00e1k is nek\u00fcnk, hogy itt az \u00e1v\u00f3sok gyilkolj\u00e1k az embereket, \u00e9s minek \u00e1lldog\u00e1lunk ott. De nek\u00fcnk ott nem volt ember\u00fcnk, teh\u00e1t elment\u00fcnk onnan a Honv\u00e9delmi Miniszt\u00e9riumba. Mire vissza\u00e9rt\u00fcnk az Andr\u00e1ssy \u00fatra, ott, ahol az Opera van, \u00fcres volt az utca \u00e9s teljesen s\u00f6t\u00e9t.<\/p>\n<p><em>Kan\u00f3cz Istv\u00e1n a BBC magyar oszt\u00e1ly\u00e1nak munkat\u00e1rsa volt 1956-ban:<\/em><\/p>\n<p>Az esti \u00f3r\u00e1kban a BBC Londont\u00f3l nyugatra, Cavershamben m\u0171k\u00f6d\u0151 lehallgat\u00f3szolg\u00e1lata els\u0151nek \u00e9rezte meg, hogy valami t\u00f6rt\u00e9nik, \u00e9s az \u00fcgyeletes lehallgat\u00f3n\u0151 nem ment haza, pedig a m\u0171sor szerint \u00e9jszaka nem lett volna mit lehallgatnia Magyarorsz\u00e1gon. Ennek k\u00f6sz\u00f6nhet\u0151, hogy hajnalig a BBC t\u00e1j\u00e9koztathatta a k\u00fclvil\u00e1got arr\u00f3l, amit a Magyar R\u00e1di\u00f3b\u00f3l meg lehetett tudni. De 24-\u00e9n reggelre a BBC m\u00e9rn\u00f6kei m\u00e1r vonalat nyitottak Caversham \u00e9s a magyar oszt\u00e1ly k\u00f6z\u00f6tt, \u00fagyhogy a szerkeszt\u0151s\u00e9gben \u00fagy hallgathattuk a budapesti r\u00e1di\u00f3t, mintha Budapesten lett\u00fcnk volna.<\/p>\n<p><em>(Folytatjuk)<\/em><\/p>\n<p><strong>Forr\u00e1s: Pallai P\u00e9ter-S\u00e1rk\u00f6zi M\u00e1ty\u00e1s: A szabads\u00e1g hull\u00e1mhossz\u00e1n. Az \u00f6tvenhatos forradalom t\u00f6rt\u00e9nete a BBC elmond\u00e1s\u00e1ban. Helikon, 2006<\/strong><\/p>\n","protected":false},"excerpt":{"rendered":"<p>Az \u00f6tvenhatos forradalom t\u00f6rt\u00e9nete BBC-s v\u00e1ltozatban (r\u00e9szletek) &#8230;A BBC Vil\u00e1gszolg\u00e1lat K\u00f6z\u00e9p-eur\u00f3pai Szolg\u00e1lat\u00e1t 1956-ban Gregory Macdonald vezette. Amikor 1979-ben interj\u00fa k\u00e9sz\u00fclt vele, a nyugalmazott BBC-munkat\u00e1rs \u00edgy eml\u00e9kezett a nevezetes napokra: H\u00fasz esztend\u0151n \u00e1t tart\u00f3 f\u0151oszt\u00e1lyvezet\u0151i munk\u00e1ss\u00e1gom legnagyobb esem\u00e9nye a magyar felkel\u00e9s volt. Nem sokkal a kit\u00f6r\u00e9se el\u0151tt, \u00e9ppen a zavarg\u00e1sok idej\u00e9n j\u00e1rtam Lengyelorsz\u00e1gban, teh\u00e1t tapasztalhattam, hogy [&hellip;]<\/p>\n","protected":false},"author":3,"featured_media":0,"comment_status":"open","ping_status":"open","sticky":false,"template":"","format":"standard","meta":{"_monsterinsights_skip_tracking":false,"_monsterinsights_sitenote_active":false,"_monsterinsights_sitenote_note":"","_monsterinsights_sitenote_category":0,"ngg_post_thumbnail":0,"footnotes":""},"categories":[140,13],"tags":[],"class_list":["post-55573","post","type-post","status-publish","format-standard","hentry","category-1956-2016","category-dokumentum"],"_links":{"self":[{"href":"https:\/\/ujkafe.website\/index.php?rest_route=\/wp\/v2\/posts\/55573","targetHints":{"allow":["GET"]}}],"collection":[{"href":"https:\/\/ujkafe.website\/index.php?rest_route=\/wp\/v2\/posts"}],"about":[{"href":"https:\/\/ujkafe.website\/index.php?rest_route=\/wp\/v2\/types\/post"}],"author":[{"embeddable":true,"href":"https:\/\/ujkafe.website\/index.php?rest_route=\/wp\/v2\/users\/3"}],"replies":[{"embeddable":true,"href":"https:\/\/ujkafe.website\/index.php?rest_route=%2Fwp%2Fv2%2Fcomments&post=55573"}],"version-history":[{"count":0,"href":"https:\/\/ujkafe.website\/index.php?rest_route=\/wp\/v2\/posts\/55573\/revisions"}],"wp:attachment":[{"href":"https:\/\/ujkafe.website\/index.php?rest_route=%2Fwp%2Fv2%2Fmedia&parent=55573"}],"wp:term":[{"taxonomy":"category","embeddable":true,"href":"https:\/\/ujkafe.website\/index.php?rest_route=%2Fwp%2Fv2%2Fcategories&post=55573"},{"taxonomy":"post_tag","embeddable":true,"href":"https:\/\/ujkafe.website\/index.php?rest_route=%2Fwp%2Fv2%2Ftags&post=55573"}],"curies":[{"name":"wp","href":"https:\/\/api.w.org\/{rel}","templated":true}]}}