
{"id":55649,"date":"2016-10-27T05:10:47","date_gmt":"2016-10-27T05:10:47","guid":{"rendered":"https:\/\/ujkafe.website\/?p=55649"},"modified":"2016-10-27T05:10:47","modified_gmt":"2016-10-27T05:10:47","slug":"a-szabadsag-hullamhosszan-5","status":"publish","type":"post","link":"https:\/\/ujkafe.website\/?p=55649","title":{"rendered":"A szabads\u00e1g hull\u00e1mhossz\u00e1n (5)"},"content":{"rendered":"<p><strong>Az \u00f6tvenhatos forradalom t\u00f6rt\u00e9nete a BBC-s v\u00e1ltozatban (r\u00e9szletek)<\/strong><\/p>\n<h2><strong>Okt\u00f3ber 27.<\/strong><\/h2>\n<p><em>Kurucz B\u00e9la, a Zalka M\u00e1t\u00e9 T\u00fcz\u00e9rtiszti Iskola n\u00f6vend\u00e9ke besz\u00e9l:<\/em><\/p>\n<p>27-\u00e9n elcsendes\u00fcltek a harcok, \u00e9s a Forradalmi Bizotts\u00e1g elhat\u00e1rozta, hogy mi is megjelen\u00fcnk, szolidarit\u00e1st mutatva a Kili\u00e1nn\u00e1l l\u00e9v\u0151kkel. Kiment\u00fcnk egy sz\u00e1zadnyi er\u0151vel, \u00e9s akkor l\u00e1ttam Mal\u00e9tert szem\u00e9lyesen. A Kili\u00e1n el\u0151tt \u00e1llva n\u00e9zte a felvonul\u00e1sunkat. \u00c9s l\u00e1ttuk, hogy a Ferenc k\u00f6r\u00faton ott volt sz\u00e9tl\u0151ve egy eg\u00e9sz orosz hadoszlop, ami t\u00fcz\u00e9rs\u00e9gi \u00e9s terepj\u00e1r\u00f3 kocsikb\u00f3l \u00e1llt. Persze azokat sz\u00e9t\u00e9gett\u00e9k, \u00e9s innen szerezt\u00e9k a Corvin k\u00f6ziek a p\u00e1nc\u00e9lt\u00f6r\u0151 \u00e1gy\u00fakat \u00e9s a howitzert, tarackot, amij\u00fck csak volt. Ez volt 27-\u00e9n. Akkor m\u00e1r lassan meg\u00e1lltak a harcok, azt hiszem, Budapesten, legal\u00e1bbis a k\u00f6rny\u00e9ken m\u00e1r nem volt t\u00f6bb harc. \u00c9s elkezd\u0151dtek a t\u00e1rgyal\u00e1sok.<!--more--><\/p>\n<p><em>Korniczky Tam\u00e1s a R\u00f3bert K\u00e1roly k\u00f6r\u00fati K\u00f6zponti Katonai K\u00f3rh\u00e1zb\u00f3l:<\/em><\/p>\n<p>Akkor \u00e9rdekes dolgok t\u00f6rt\u00e9ntek ott a k\u00f3rh\u00e1zban. Behoztak szabads\u00e1gharcosokat k\u00fcl\u00f6nb\u00f6z\u0151 kisebb-nagyobb s\u00e9r\u00fcl\u00e9sekkel, ugyanakkor behoztak orosz katon\u00e1kat is, \u00e9s \u2013 ez egyr\u00e9szt megint a forradalom tisztas\u00e1ga, m\u00e1sr\u00e9szt az orvosi etika \u2013 hogyha az orosz katon\u00e1nak s\u00fcrg\u0151s seg\u00edts\u00e9gre volt sz\u00fcks\u00e9ge, akkor nem egy szovjet elnyom\u00f3k\u00e9nt kezelt\u00e9k, hanem szerencs\u00e9tlen sebes\u00fclt szenved\u0151 emberk\u00e9nt, akin seg\u00edteni kell. Teh\u00e1t \u0151 el\u0151bb ker\u00fclt a m\u0171t\u0151asztalra, \u00e9s a magyar szabads\u00e1gharcos v\u00e1rakozott. Erre tan\u00fa vagyok, az el\u0151fordult k\u00e9t esetben is, hogy az oroszt m\u0171t\u00f6tt\u00fck meg el\u0151sz\u00f6r. \u00c9s sok \u00e9rdekes dolog volt ezzel kapcsolatban. Teljes volt a fejetlens\u00e9g, annyi embert hoztak be, nagyon sokn\u00e1l nem volt igazolv\u00e1ny, nem volt mag\u00e1n\u00e1l, nem tudtuk, ki kicsoda. T\u00f6bbek k\u00f6z\u00f6tt megr\u00f6ntgeneztem egy orosz katon\u00e1t. Pontosan az agykamr\u00e1k k\u00f6z\u00f6tt \u00e1llt a fej\u00e9ben egy goly\u00f3. Bemeneti ny\u00edl\u00e1st alig lehetett l\u00e1tni, csak egy kis seb volt h\u00e1tul a tark\u00f3j\u00e1n\u00e1l, de benn meg\u00e1llt a goly\u00f3, \u0151 pedig \u00f6ntudatlan volt. Nem lehetett mit csin\u00e1lni, mert ez j\u00f3form\u00e1n eg\u00e9sz napos oper\u00e1ci\u00f3 lett volna, sz\u00f3val a goly\u00f3t onnan kiszedni nem lehetett, \u00fagyhogy eg\u00e9sz egyszer\u0171en befektett\u00fck az egyik \u00e1gyba, \u00e9s kapott penicillint. Na most az \u0151rz\u0151szoba \u2013 a s\u00falyos betegek sz\u00e1m\u00e1ra \u2013 egy nyolc\u00e1gyas szoba volt, k\u00f6zvetlen a m\u0171t\u0151 mellett. \u00c9s h\u00e1t hordt\u00e1k be ezeket az \u00f6ntudatlan embereket, akiket csak \u00fagy tudtunk identifik\u00e1lni, hogy orosz katona \u2013 ablak melletti \u00e1gy, sz\u00e9ls\u0151 \u00e1gy. A r\u00f6ntgenfelv\u00e9telre is \u00edgy lett r\u00e1\u00edrva, mert nem tudtuk, hogy ki kicsoda. De az \u00e1pol\u00f3n\u0151k \u00e9jjel, val\u00f3sz\u00edn\u0171leg valami praktikus okb\u00f3l kifoly\u00f3lag, \u00f6sszevissza tologatt\u00e1k az \u00e1gyakat, amit mi nem tudtunk. A betegek \u00f6sszevissza cser\u00e9l\u0151dtek. Az egyik szovjet kiskatona m\u00e1r k\u00e9t vagy h\u00e1rom nap ut\u00e1n olyan j\u00f3l volt \u2013 f\u00f6lkelt, m\u00e1szk\u00e1lt \u2013, hogy eg\u00e9sz egyszer\u0171en gy\u00f3gyultnak nyilv\u00e1n\u00edtottuk, \u00e9s kiengedt\u00fck. Ugyanakkor engem megk\u00e9rt a f\u0151orvos, hogy csin\u00e1ljak kontrollr\u00f6ntgent, n\u00e9zzem meg, az el\u0151bbi katon\u00e1nak megmozdult-e a goly\u00f3 a fej\u00e9ben. Behoztam a r\u00f6ntgenbe \u00e9s megn\u00e9ztem. Egy\u00e1ltal\u00e1n nem volt goly\u00f3 a fej\u00e9ben. \u00dagyhogy a fick\u00f3t ugyancsak gy\u00f3gyultnak nyilv\u00e1n\u00edtottuk, \u00e9s eg\u00e9sz egyszer\u0171en visszament a csapattest\u00e9hez. A nyolc\u00e1gyas szob\u00e1ban persze oroszok is voltak, meg magyarok is. Amikor a magyarok magukhoz t\u00e9rtek, k\u00f6t\u00e9ssel a fej\u00fck\u00f6n, kez\u00fck\u00f6n, l\u00e1bukon, \u00e9s megtudt\u00e1k, hogy a szemben l\u00e9v\u0151 \u00e1gyban oroszok fekszenek, nekik akartak menni \u00e9s ott a k\u00f3rh\u00e1zban folytatni a harcokat. J\u00f6tt az \u00e1pol\u00f3n\u0151 k\u00e9ts\u00e9gbeesve, hogy csin\u00e1ljunk valamit, mert itt \u0151r\u00fclt bajok lesznek. Erre az oroszokat \u00e1traktuk egy m\u00e1sik k\u00f3rterembe, \u00e9s egy fegyveres katon\u00e1t \u00e1ll\u00edtottunk \u00e9jjel-nappal a k\u00f3rterem el\u00e9, hogy a magyarok oda be ne menjenek, nehogy agyonverj\u00e9k az oroszokat. Az oroszok azt\u00e1n lassank\u00e9nt, egyik a m\u00e1sik ut\u00e1n, kimentek a saj\u00e1t l\u00e1bukon. Amikor bek\u00f6vetkezett a gy\u0151zelem, \u00e9s volt a n\u00e9gy nap szabads\u00e1g \u2013 ez volt az els\u0151 olyan alkalom, hogy l\u00e9legzetv\u00e9telhez jutottam \u2013, akkor tudtam tulajdonk\u00e9ppen hazamenni, megl\u00e1togatni any\u00e1mat. Mert addig csak telefonon h\u00edvtam f\u00f6l. \u00c9jjel-nappal dolgoztunk. Az orvosok oper\u00e1ltak \u2013 \u00e9jjel-nappal, meg\u00e1ll\u00e1s n\u00e9lk\u00fcl. Nagyon sokszor \u00fagy \u00e9reztem, hogy el\u00e1julok, \u00e9s ezt \u00e9rezte az orvos is m\u0171t\u00e9t k\u00f6zben. Ilyenkor csak h\u00e1trasz\u00f3lt az \u00e1pol\u00f3n\u0151nek, hogy gyorsan egy injekci\u00f3t. \u00c9s \u00e9n is kaptam. F\u00f6lsz\u00edvtuk a t\u0171be a B-12-es \u00e9s koffein kombin\u00e1lt injekci\u00f3t, \u00e9s ruh\u00e1n, a feh\u00e9r nadr\u00e1gon kereszt\u00fcl besz\u00fartuk a fenek\u00fcnkbe, mert el\u00e1jultunk volna, nem b\u00edrtuk volna tov\u00e1bb. Sz\u00f3val naponta k\u00e9t-h\u00e1rom \u00f3r\u00e1t aludtunk maximum, \u00e9s ez ment napokon kereszt\u00fcl. Nem b\u00edrtuk.<\/p>\n<p><em>M\u00e9ray Tibor, a Nagy Imr\u00e9hez ugyancsak k\u00f6zel \u00e1ll\u00f3 \u00fajs\u00e1g\u00edr\u00f3, aki Acz\u00e9l Tam\u00e1ssal egy\u00fctt ment be a p\u00e1rtk\u00f6zpontba, \u00edgy eml\u00e9kszik vissza a t\u00f6rt\u00e9ntekre:<\/em><\/p>\n<p>Volt egy olyan \u00e9rz\u00e9sem, hogy Nagy Imre el van szakadva att\u00f3l, ami kint van. Ez az \u00e9rz\u00e9se sokaknak volt, de \u00e9n szerettem volna vele err\u0151l besz\u00e9lni. \u00dagy \u00e9reztem, fontos, hogy \u0151 megtudja, milyen a v\u00e1ros hangulata, meg az orsz\u00e1g\u00e9, amit\u0151l el van v\u00e1gva. \u00c9s bebaktattam \u2013 csak gyalog lehetett term\u00e9szetesen \u2013 a v\u00e1ros k\u00f6zep\u00e9re, \u00e9s elmentem a p\u00e1rtk\u00f6zpontba. De ott nem engedtek f\u00f6l hozz\u00e1. Azt mondt\u00e1k, t\u00e1rgyal\u00e1sok folynak, nem lehet f\u00f6lmenni. Valami ezredes vagy kicsoda nem engedett f\u00f6l. Akkor elmentem Acz\u00e9l bar\u00e1tomhoz, vele bement\u00fcnk Kop\u00e1csihoz a budapesti f\u0151kapit\u00e1nys\u00e1gra. Akkor m\u00e1r esteledett. Kop\u00e1csit\u00f3l kaptunk egy nemzet\u0151r-igazolv\u00e1nyt, hogy tov\u00e1bbmehess\u00fcnk, mert kij\u00e1r\u00e1si tilalom volt. \u00c9s fegyvert is kaptunk, pontosabban Acz\u00e9l kapott, mert \u00e9n nem k\u00e9rtem, nem akartam revolverrel l\u00f6v\u00f6ld\u00f6zni senkire. Acz\u00e9l zsebre tette a fegyvert, nem hiszem, hogy sokat haszn\u00e1lta, \u00e9s \u00edgy ment\u00fcnk el \u2013 hova is? El\u0151sz\u00f6r bement\u00fcnk a K\u00f6zgazdas\u00e1gi Egyetemre, ott volt a Forradalmi \u00c9rtelmis\u00e9gi Bizotts\u00e1g, \u00e9s m\u00e1r el\u00e9gg\u00e9 el\u0151rehaladott \u00e1llapotban volt egy nyilatkozat ennek a bizotts\u00e1gnak a r\u00e9sz\u00e9r\u0151l. Akkor megk\u00e9rdezt\u00e9k a v\u00e9lem\u00e9ny\u00fcnket. Vitatkoztunk err\u0151l vagy arr\u00f3l a pontr\u00f3l, \u00e9s v\u00e9g\u00fcl a nyilatkozatot odaadt\u00e1k nek\u00fcnk, hogy pr\u00f3b\u00e1ljuk m\u00e9gis valahogy Nagy Imr\u00e9hez eljuttatni a Parlamentbe. Tekintettel arra, hogy Nagy Imre minisztereln\u00f6k volt, \u00e9s a minisztereln\u00f6ks\u00e9g a Parlamentben volt, teh\u00e1t abban rem\u00e9nykedt\u00fcnk, hogy el\u0151bb-ut\u00f3bb csak elj\u00f6n a p\u00e1rtk\u00f6zpontb\u00f3l, \u00e9s \u00e1tj\u00f6n a saj\u00e1t irod\u00e1j\u00e1ba, hogy \u00fagy mondjam. A Parlamentben ott volt egy csom\u00f3 miniszter vagy volt miniszter \u2013 ugye nem lehetett tudni senkir\u0151l, hogy abban a pillanatban \u00e9ppen miniszter-e vagy m\u00e1r nem, vagy m\u00e9g nem \u2013, ott volt Tildy p\u00e9ld\u00e1ul, akivel besz\u00e9lt\u00fcnk, Bogn\u00e1r, Erdei \u00e9s m\u00e9g n\u00e9h\u00e1nyan, a t\u00f6bbire most m\u00e1r nem eml\u00e9kszem biztosan. \u00c9s ott volt Szil\u00e1gyi J\u00f3ska, aki azt\u00e1n az odaker\u00fcl\u0151 Nagy Imre titk\u00e1rs\u00e1g\u00e1t vezette. Ezekkel besz\u00e9lgett\u00fcnk. \u00c9rdekes m\u00f3don arra eml\u00e9kszem, hogy a legvil\u00e1gosabban szerintem Tildy l\u00e1tta a helyzetet. Hogy azt\u00e1n k\u00e9s\u0151bb, mikor elfogt\u00e1k, mik\u00e9nt viselkedett, azt nem tudom biztosan, \u00e9s nem is k\u00edv\u00e1nok ebbe belemenni. \u00c9s miut\u00e1n m\u00e1r \u00e9jszaka volt, 12 \u00f3ra vagy ilyesmi, ott aludtunk az egyik parlamenti szob\u00e1ban a f\u00f6ld\u00f6n. Gondoltuk, reggel m\u00e9g egyszer megpr\u00f3b\u00e1lkozunk a p\u00e1rtk\u00f6zponttal. Visszament\u00fcnk az Akad\u00e9mia utc\u00e1ba, s ott m\u00e1r nem mondt\u00e1k, hogy nem lehet Nagy Imr\u00e9vel besz\u00e9lni, hanem azt mondt\u00e1k, v\u00e1rjunk, Nagy Imre le fog j\u00f6nni. Lej\u00f6tt, el\u0151z\u0151leg l\u00e1ttuk, ahogy p\u00e9ld\u00e1ul Maros\u00e1n, akit akkor v\u00e1ltottak le, g\u00fanyos mosollyal az arc\u00e1n elh\u00fazta a cs\u00edkot a p\u00e1rtk\u00f6zpontb\u00f3l. \u00c9s m\u00e9g egy-k\u00e9t vezet\u0151, akik akkor ker\u00fcltek ki a Politikai Bizotts\u00e1gb\u00f3l vagy a K\u00f6zponti Vezet\u0151s\u00e9gb\u0151l. Nagy Imre lej\u00f6tt, rendk\u00edv\u00fcl j\u00f3kedv\u0171 volt, frissen borotv\u00e1lt \u00e9s nagyon optimista. Mi nem tudtuk, hogy mi\u00e9rt, azt\u00e1n kider\u00fclt, hogy el\u0151z\u0151leg t\u00e1rgyalt Mikoj\u00e1nnal \u00e9s Szuszlovval, teh\u00e1t az odak\u00fcld\u00f6tt szovjet vezet\u0151kkel, \u00e9s azok teljes bizalmukr\u00f3l biztos\u00edtott\u00e1k, azt mondt\u00e1k: \u00bbCsak el\u0151re, nyugodtan cselekedjen. Az oroszok m\u00f6g\u00f6tte \u00e1llnak.\u00ab \u00c9s \u00edgy tov\u00e1bb. Ez volt, ami \u0151t ennyire j\u00f3kedv\u0171v\u00e9 tette, teh\u00e1t az, hogy szabad kezet kap. \u00c9s az is, hogy v\u00e9gre Ger\u0151 \u00e9s t\u00e1rsas\u00e1ga elt\u00e1vozott, \u00e9s Moszkv\u00e1ba ment. Ott az el\u0151csarnokban \u00f6sszetal\u00e1lkoztunk, \u00e9s mondtuk, hogy hozunk neki egy dokumentumot, az \u00c9rtelmis\u00e9gi Forradalmi Tan\u00e1csnak a nyilatkozat\u00e1t. N\u00e9zze meg, mert azt hissz\u00fck, hogy ez az alap, amit ma \u0151 is elfogadhat, \u00e9s az utca, a t\u00f6megek is elfogadn\u00e1nak. Meg kell jegyeznem, hogy m\u00e9rt\u00e9ktart\u00f3 sz\u00f6veg volt. F\u00f6l lehet lelni valahol az akkori sajt\u00f3ban. Nem k\u00edv\u00e1nt t\u00f6bbp\u00e1rtrendszert, csak t\u00f6bb jel\u00f6ltet, a Hazafias N\u00e9pfrontnak a kisz\u00e9les\u00edt\u00e9s\u00e9t, nem volt szovjetellenes, hanem b\u00e9k\u00e9s megegyez\u00e9st javasolt az oroszokkal a kivonul\u00e1sukr\u00f3l, nem k\u00f6vetelte a semlegess\u00e9get vagy a Vars\u00f3i Szerz\u0151d\u00e9sb\u0151l val\u00f3 kil\u00e9p\u00e9st. Azt mondta Nagy Imre: \u00bbJ\u00f3, majd mikor bementem a Parlamentbe, elolvasom. Gyertek, k\u00eds\u00e9rjetek el.\u00ab Elk\u00eds\u00e9rt\u00fck, gyalog ment \u00e1t a p\u00e1rtk\u00f6zpontb\u00f3l a Parlamentbe, ez viszonylag r\u00f6vid \u00fat. Arra eml\u00e9kszem, hogy az \u00fcvegcserepek hogyan ropogtak valamennyi\u00fcnk talpa alatt, \u00e9s \u0151 tal\u00e1n akkor l\u00e1tta el\u0151sz\u00f6r, hogy l\u00f6v\u00e9sek \u00e9rtek h\u00e1zakat, \u00e9s az ablakok kit\u00f6rtek. Ahogy ment\u00fcnk, emberek, akik ott j\u00e1rtak-keltek, felismert\u00e9k. \u00c9s egy p\u00e1r percen bel\u00fcl egy eg\u00e9sz csoport vette k\u00f6r\u00fcl. Ott lehetett \u00e9rezni, hogy mennyire b\u00edznak benne. \u00bb\u00d3h, Nagy elvt\u00e1rs! Jaj de j\u00f3, hogy l\u00e1tjuk! Jaj, de j\u00f3, hogy \u00e9l! Jaj, de j\u00f3, hogy itt van! Azt hitt\u00fck, hogy fogoly.\u00ab Mire \u0151 sz\u00e9les mosollyal azt mondta: \u00bbL\u00e1tj\u00e1k, milyen fogoly vagyok.\u00ab De hogy mi volt kor\u00e1bban, hogy mennyire volt fogoly, err\u0151l \u0151 ott nem besz\u00e9lt. Igy vissza\u00e9rkezt\u00fcnk a Parlamentbe, ahol a szob\u00e1j\u00e1ig k\u00eds\u00e9rt\u00fck, ott azt\u00e1n bement a minisztereihez, \u00e9s mi elj\u00f6tt\u00fcnk. D\u00e9lben valami vend\u00e9gl\u0151ben eb\u00e9delt\u00fcnk Acz\u00e9llal, mert ez furcsa vil\u00e1g volt, egyr\u00e9szt forradalom volt meg sztr\u00e1jk, meg villamosok se j\u00e1rtak, de akadt egy p\u00e1r vend\u00e9gl\u0151, ahol lehetett enni. Ugyanebben a kavarod\u00e1sban. \u00c9s ott evett k\u00e9t nyugati \u00fajs\u00e1g\u00edr\u00f3, akiket mi nem ismert\u00fcnk, egy osztr\u00e1k \u00e9s egy angol. \u00c9s azok valahogy a pinc\u00e9rt\u0151l megtudt\u00e1k, hogy mi kik vagyunk, \u00e9s odaj\u00f6ttek az asztalunkhoz, hogy szeretn\u00e9k Nagy Imr\u00e9t meginterj\u00favolni. Nem seg\u00edten\u00e9nk-e nekik. Nekem az volt a v\u00e9lem\u00e9nyem, hogy Nagy Imre annyira elszigetel\u0151d\u00f6tt a Nyugat szem\u00e9ben \u2013 a Szabad Eur\u00f3pa R\u00e1di\u00f3 p\u00e9ld\u00e1ul \u00e1lland\u00f3an t\u00e1madta ez alatt az id\u0151szak alatt \u2013, \u00e9s annyira nem tudj\u00e1k Nyugaton, hogy ki \u0151, mit akar, milyen ember, a programja, a tervei, hogy ezt az alkalmat fel kell haszn\u00e1lni ahhoz, hogy a Nyugathoz forduljon. \u00c9s elv\u00e1llaltuk, hogy besz\u00e9l\u00fcnk vele. Visszament\u00fcnk d\u00e9lut\u00e1n a p\u00e1rtk\u00f6zpontba, ott bement\u00fcnk hozz\u00e1, \u00e9s iszony\u00faan letolt minket. Alig tudtunk megsz\u00f3lalni, azt mondtuk, hogy Imre b\u00e1csi, az\u00e9rt j\u00f6tt\u00fcnk, mert k\u00e9t nyugati \u00fajs\u00e1g\u00edr\u00f3&#8230; Azt mondja, erre most nekem nincs id\u0151m. Mondtam neki: \u00bbDe Imre b\u00e1csi, ez nagyon fontos! Nem tudom, hogy mit tudsz arr\u00f3l, hogy az esem\u00e9nyeknek mi a nyugati visszhangja. T\u00e9ged sok \u00fajs\u00e1g meg egyes r\u00e1di\u00f3k t\u00e1madnak. Ezzel itthon hangulatot keltenek ellened. J\u00f3 volna, ha sz\u00f3ln\u00e1l a Nyugathoz.\u00ab \u00bbJ\u00f3 \u2013 azt mondta \u2013, adj\u00e1k be \u00edr\u00e1sban a k\u00e9rd\u00e9seiket, majd megl\u00e1tom.\u00ab Lebecs\u00fclte tulajdonk\u00e9ppen a nyugati visszhang jelent\u0151s\u00e9g\u00e9t, gondoltam \u00e9s gondolom m\u00e9g ma is. El\u00e9gg\u00e9 arra ir\u00e1nyult a figyelme, hogy Mikoj\u00e1n \u00e9s Szuszlov mit mondott neki. Tulajdonk\u00e9ppen tal\u00e1n igaza volt, mert v\u00e9gs\u0151 soron a Nyugat \u00fagyse csin\u00e1lt semmit. \u00c9s v\u00e9gs\u0151 soron Mikoj\u00e1n\u00e9k \u00e9s Szuszlov\u00e9k d\u00f6nt\u00f6tt\u00e9k el Magyarorsz\u00e1g sors\u00e1t. Tal\u00e1n igaza volt, hogy ezt tartotta fontosabbnak. A l\u00e9nyeg az, hogy alig tudtuk ezt valahogy elmondani. \u0150 azzal fogadott \u2013 most jut eszembe \u2013, hogy \u00bbJ\u00f3, hogy j\u00f6tt\u00f6k, m\u00e1r v\u00e1rtalak titeket, hogy megmossam a fejeteket\u00ab. Mondtuk: \u00bbMi van?\u00ab Kider\u00fclt, hogy azt a sz\u00f6veget, amit mi reggel \u00e1tadtunk neki, a Forradalmi \u00c9rtelmis\u00e9gi Bizotts\u00e1g sz\u00f6veg\u00e9t, beolvasta a r\u00e1di\u00f3. Most nem vagyok eg\u00e9szen biztos benne, de azt hiszem, hogy Fekete S\u00e1ndor volt az, aki elvitte a r\u00e1di\u00f3hoz, \u00e9s ott vagy \u0151 olvasta be, vagy valakikkel felolvastatta. Vele \u2013 most m\u00e1r ezt sem tudom \u2013 tal\u00e1n a K\u00f6zgazdas\u00e1g-tudom\u00e1nyi Egyetemen futottunk \u00f6ssze, tal\u00e1n \u0151 is ott volt, mikor a Nagy Imr\u00e9vel tal\u00e1lkoztunk az Akad\u00e9mia utc\u00e1ban, a l\u00e9nyeg az, hogy \u0151 beolvastatta ezt a sz\u00f6veget. \u00c9s Nagy Imre ett\u0151l nagyon d\u00fch\u00f6s lett Acz\u00e9lra meg \u00e9nr\u00e1m, akikt\u0151l a sz\u00f6veget megkapta, azt hitte, hogy mi olvastattuk be. A sz\u00f6veget t\u00falzottnak tartotta. Az \u0151 programja nem ment el eddig. \u00c9s azt mondta: \u00bbVegy\u00e9tek tudom\u00e1sul, hogy az a vil\u00e1g v\u00e9get \u00e9rt, amikor ti azt olvastok be a r\u00e1di\u00f3ba, amit akartok. A r\u00e1di\u00f3 az \u00e1llam\u00e9, ott minden csak \u00fagy mehet le, ha \u00e9n vagy valaki, akit ezzel megb\u00edztam, tud r\u00f3la\u00ab. Megmondom, hogy el\u00e9g rossz lett a sz\u00e1nk \u00edze. Mert egy kicsit az volt az \u00e9rz\u00e9s\u00fcnk, hogy megint p\u00e1rtoss\u00e1g van, a sz\u00f3nak a klasszikus \u00e9rtelm\u00e9ben. Hogy egy sz\u00f3t se lehet a r\u00e1di\u00f3ban mondani vagy ebb\u0151l k\u00f6vetkeztethet\u0151en az \u00fajs\u00e1gokban meg\u00edrni, am\u00edg valaki j\u00f3v\u00e1 nem hagyta. \u00c9s mi \u00e9pp ett\u0151l akartunk megszabadulni&#8230;<\/p>\n<p><em>A Magyar R\u00e1di\u00f3 zenei oszt\u00e1ly\u00e1nak szakvezet\u0151je:<\/em><\/p>\n<p>K\u00f6r\u00fclbel\u00fcl 27-28-a k\u00f6r\u00fcl megalakult a Szabad Magyar R\u00e1di\u00f3 Forradalmi Munk\u00e1stan\u00e1csa. Az egyik nagy \u00fcgy\u00fcnk az volt, hogy kider\u00edts\u00fck, kik m\u0171k\u00f6dtek k\u00f6zre a Parlament \u00e9p\u00fclet\u00e9b\u0151l sug\u00e1rzott ad\u00e1sokban. Tudniillik \u0151k ellenforradalmi band\u00e1kr\u00f3l \u00e9s cs\u0151csel\u00e9kr\u0151l besz\u00e9ltek. Nem a forradalom \u00fcgy\u00e9t k\u00e9pviselt\u00e9k. Volt olyan, akit csaknem er\u0151szakkal hurcoltak oda, hogy konfer\u00e1lnia kell. De volt, aki \u00f6n\u00e1ll\u00f3an, saj\u00e1t lelkesed\u00e9sb\u0151l mondta, amit mondott. A parlamenti st\u00fadi\u00f3ba a kommunist\u00e1k mentek. Tiszt\u00e1zni akartuk ezt. 27-\u00e9n vagy 28-\u00e1n a nagym\u00e9ret\u0171 hatos st\u00fadi\u00f3ban mintegy n\u00e9gysz\u00e1zan lehett\u00fcnk a tiszt\u00e1z\u00f3 r\u00f6pgy\u0171l\u00e9sen. Voltak ott olyanok is, akik a parlamenti ad\u00e1sokban r\u00e9szt vettek, de m\u00e1r l\u00e1tt\u00e1k, hogy gy\u0151z a forradalom, teh\u00e1t \u00e1tj\u00f6ttek a Br\u00f3dy S\u00e1ndor utc\u00e1ba.<br \/>\nA n\u00e9gysz\u00e1z jelenl\u00e9v\u0151 szavaz\u00e1s \u00fatj\u00e1n v\u00e1lasztotta meg a munk\u00e1stan\u00e1cs tagjait, minden oszt\u00e1lyr\u00f3l egy-k\u00e9t dolgoz\u00f3t, az oszt\u00e1ly l\u00e9tsz\u00e1m\u00e1nak megfelel\u0151en. Vita ut\u00e1n azt mondtuk, hogy ne legyen titkos a szavaz\u00e1s, mert akkor a r\u00e9gi elemek a saj\u00e1t embereiket juttatt\u00e1k volna a tan\u00e1csba. El mertek j\u00f6nni. A legvadabb szt\u00e1linist\u00e1k j\u00f6ttek hozz\u00e1m, hogy Lacik\u00e1m, milyen igazad volt, milyen sz\u00e9pen besz\u00e9lt a Mindszenty hercegpr\u00edm\u00e1s \u00far, \u00e9s az \u00daj Embert lobogtatt\u00e1k. Sz\u00f3val v\u00e9rl\u00e1z\u00edt\u00f3 volt.<br \/>\nA munk\u00e1stan\u00e1cs eln\u00f6ke dr. Haraszthy Elem\u00e9r lett, az anyagbeszerz\u00e9si oszt\u00e1lyr\u00f3l. Nagyon r\u00e9gi r\u00e1di\u00f3s, tal\u00e1n harmincnyolc \u00f3ta, diplomat\u00e1nak k\u00e9sz\u00fclt, \u00fagy tudom, volt valami diplom\u00e1ciai funkci\u00f3ja R\u00f3m\u00e1ban a harmincas \u00e9vekben. [A r\u00e1di\u00f3 ideiglenes r\u00f3mai tud\u00f3s\u00edt\u00f3ja volt &#8211; a szerk.] Kit\u0171n\u0151en besz\u00e9lt n\u00e9met\u00fcl, franci\u00e1ul, angolul, olaszul, \u00e9s teljesen mell\u0151zt\u00e9k az ut\u00f3bbi id\u0151ben. Valami kis anyagbeszerz\u00e9si oszt\u00e1lyt vezetett. Mindenki ismerte, hogy mennyire megb\u00edzhat\u00f3, v\u00e9gtelen\u00fcl rendes, komoly ember. \u0150t v\u00e1lasztott\u00e1k meg k\u00f6zfelki\u00e1lt\u00e1ssal a forradalmi tan\u00e1cs eln\u00f6k\u00e9v\u00e9&#8230; Egy h\u00e9ten \u00e1t csak \u00fcl\u00e9sezt\u00fcnk, de a r\u00e1di\u00f3 vezet\u00e9s\u00e9be nem volt belesz\u00f3l\u00e1sunk. Haraszthy Elem\u00e9r \u00e9s Moln\u00e1r Aur\u00e9l t\u00e1rgyalt Nagy Imr\u00e9vel, \u00e9s \u0151 biztos\u00edtotta \u0151ket arr\u00f3l, hogy a parlamenti r\u00e1di\u00f3 hangja azonosul a mienk\u00e9vel. De mi azt mondtuk, hogy csak akkor vagyunk hajland\u00f3k ott dolgozni, ha azok az emberek, akik 23-\u00e1n, 24-\u00e9n, 25-\u00e9n a gyal\u00e1zatos h\u00edreket k\u00f6z\u00f6lt\u00e9k, elhagyj\u00e1k a Parlamentet. Erre biztos\u00edt\u00e9kot adott Nagy Imre. Mi \u00f6ssze\u00e1ll\u00edtottunk egy n\u00e9vsort, hogy kik ezek, t\u00f6bbek k\u00f6zt Szepesi Gy\u00f6rgy. El is mentek. A Forradalmi Tan\u00e1cs megalakul\u00e1s\u00e1nak els\u0151 napj\u00e1n a n\u00e9gysz\u00e1z megjelent ember k\u00f6zfelki\u00e1lt\u00e1ssal, megb\u00e9lyegz\u00e9ssel t\u00e1vol\u00edtotta el a r\u00e1di\u00f3 \u00e9l\u00e9r\u0151l Benke Val\u00e9ri\u00e1t, \u00e9s elbocs\u00e1totta Hartai L\u00e1szl\u00f3t, Szepesi Gy\u00f6rgy\u00f6t, Alm\u00e1r Gy\u00f6rgy\u00f6t, Szendr\u0151 Ferencet, meg m\u00e9g n\u00e9h\u00e1ny embert. L\u00e9vai B\u00e9la \u00fcgy\u00e9ben k\u00f6vetelt\u00e9k a r\u00e1di\u00f3s dolgoz\u00f3k, hogy t\u00e1vol\u00edtsuk el, mert szovjet kit\u00fcntet\u00e9se van. Ott, a dolgoz\u00f3k el\u0151tt megvizsg\u00e1ltuk a k\u00e9rd\u00e9st, \u00e9s kider\u00fclt, hogy mint partiz\u00e1n harcolt a fasizmus ellen, ez\u00e9rt kapott 1944-ben vagy 45-ben szovjet kit\u00fcntet\u00e9st. Teh\u00e1t nem voltunk hajland\u00f3k elt\u00e1vol\u00edtani a r\u00e1di\u00f3b\u00f3l. Mi meg akartunk bocs\u00e1tani. Nem akarunk \u00fajabb terrort \u00e9s ugyanazt csin\u00e1lni, amit vel\u00fcnk csin\u00e1ltak nyolc vagy t\u00edz \u00e9ven \u00e1t. A k\u00e1derlapokat ki akartuk osztani, de a szem\u00e9lyi oszt\u00e1ly a k\u00e1derlapokb\u00f3l a kompromitt\u00e1l\u00f3 sz\u00f6vegeket el\u00e9gette, \u00fagy l\u00e1tszik, okt\u00f3ber 23-\u00e1n \u00e9jjel, amikor ostromolt\u00e1k a r\u00e1di\u00f3t.<\/p>\n<p><em>(Folytatjuk)<\/em><\/p>\n<p><strong>Forr\u00e1s: Pallai P\u00e9ter-S\u00e1rk\u00f6zi M\u00e1ty\u00e1s: A szabads\u00e1g hull\u00e1mhossz\u00e1n. Az \u00f6tvenhatos forradalom t\u00f6rt\u00e9nete a BBC elmond\u00e1s\u00e1ban. Helikon, 2006<\/strong><\/p>\n","protected":false},"excerpt":{"rendered":"<p>Az \u00f6tvenhatos forradalom t\u00f6rt\u00e9nete a BBC-s v\u00e1ltozatban (r\u00e9szletek) Okt\u00f3ber 27. Kurucz B\u00e9la, a Zalka M\u00e1t\u00e9 T\u00fcz\u00e9rtiszti Iskola n\u00f6vend\u00e9ke besz\u00e9l: 27-\u00e9n elcsendes\u00fcltek a harcok, \u00e9s a Forradalmi Bizotts\u00e1g elhat\u00e1rozta, hogy mi is megjelen\u00fcnk, szolidarit\u00e1st mutatva a Kili\u00e1nn\u00e1l l\u00e9v\u0151kkel. Kiment\u00fcnk egy sz\u00e1zadnyi er\u0151vel, \u00e9s akkor l\u00e1ttam Mal\u00e9tert szem\u00e9lyesen. A Kili\u00e1n el\u0151tt \u00e1llva n\u00e9zte a felvonul\u00e1sunkat. \u00c9s l\u00e1ttuk, [&hellip;]<\/p>\n","protected":false},"author":3,"featured_media":0,"comment_status":"open","ping_status":"open","sticky":false,"template":"","format":"standard","meta":{"_monsterinsights_skip_tracking":false,"_monsterinsights_sitenote_active":false,"_monsterinsights_sitenote_note":"","_monsterinsights_sitenote_category":0,"ngg_post_thumbnail":0,"footnotes":""},"categories":[140,13],"tags":[],"class_list":["post-55649","post","type-post","status-publish","format-standard","hentry","category-1956-2016","category-dokumentum"],"_links":{"self":[{"href":"https:\/\/ujkafe.website\/index.php?rest_route=\/wp\/v2\/posts\/55649","targetHints":{"allow":["GET"]}}],"collection":[{"href":"https:\/\/ujkafe.website\/index.php?rest_route=\/wp\/v2\/posts"}],"about":[{"href":"https:\/\/ujkafe.website\/index.php?rest_route=\/wp\/v2\/types\/post"}],"author":[{"embeddable":true,"href":"https:\/\/ujkafe.website\/index.php?rest_route=\/wp\/v2\/users\/3"}],"replies":[{"embeddable":true,"href":"https:\/\/ujkafe.website\/index.php?rest_route=%2Fwp%2Fv2%2Fcomments&post=55649"}],"version-history":[{"count":0,"href":"https:\/\/ujkafe.website\/index.php?rest_route=\/wp\/v2\/posts\/55649\/revisions"}],"wp:attachment":[{"href":"https:\/\/ujkafe.website\/index.php?rest_route=%2Fwp%2Fv2%2Fmedia&parent=55649"}],"wp:term":[{"taxonomy":"category","embeddable":true,"href":"https:\/\/ujkafe.website\/index.php?rest_route=%2Fwp%2Fv2%2Fcategories&post=55649"},{"taxonomy":"post_tag","embeddable":true,"href":"https:\/\/ujkafe.website\/index.php?rest_route=%2Fwp%2Fv2%2Ftags&post=55649"}],"curies":[{"name":"wp","href":"https:\/\/api.w.org\/{rel}","templated":true}]}}