
{"id":56079,"date":"2016-11-10T07:00:08","date_gmt":"2016-11-10T07:00:08","guid":{"rendered":"https:\/\/ujkafe.website\/?p=56079"},"modified":"2016-11-10T07:00:08","modified_gmt":"2016-11-10T07:00:08","slug":"antoine-de-saint-exupery-citadella-breviarium-51","status":"publish","type":"post","link":"https:\/\/ujkafe.website\/?p=56079","title":{"rendered":"Antoine de Saint-Exup\u00e9ry: Citadella-brevi\u00e1rium (51)"},"content":{"rendered":"<p>&#8230;Minden bizonnyal nem a sz\u00f6veg a l\u00e9nyeges. M\u00e1sk\u00fcl\u00f6nben mindenki nagy k\u00f6lt\u0151 lenne. \u00c9s mindenki megmozgathatn\u00e1 a t\u00f6megeket, csak azt kellene mondania: \u201cK\u00f6vessetek a harcba, a puskapor szag\u00e1ra&#8230;\u201d Pr\u00f3b\u00e1ld csak meg, \u00e9s megl\u00e1tod, hogy kinevetnek. Ak\u00e1rcsak azokat, akik erk\u00f6lcs\u00f6t pr\u00e9dik\u00e1lnak.<!--more--><\/p>\n<p>&#8230;Ahol nagyobb a javak sz\u00e1ma, az embereknek t\u00f6bb es\u00e9ly\u00fck van \u00f6r\u00f6meik term\u00e9szet\u00e9nek a f\u00e9lreismer\u00e9s\u00e9re, mivel val\u00f3ban \u00fagy \u00e9rzik, hogy az \u00f6r\u00f6m\u00f6k a dolgokb\u00f3l sz\u00e1rmaznak, holott nem, hanem e dolgoknak egy bizonyos orsz\u00e1gban, h\u00e1zban vagy birtokon val\u00f3 jelent\u0151s\u00e9g\u00e9b\u0151l. \u00cdgy azt\u00e1n el\u0151fordul, hogy a j\u00f3l\u00e9tben \u00e9l\u0151k k\u00f6nnyebben t\u00e9ved\u00e9sbe esnek, \u00e9s gyakrabban kergetnek hi\u00fa kincseket. Ezzel szemben a sivatagban vagy a kolostorban \u00e9l\u0151k, akiknek semmij\u00fck sincsen, vil\u00e1gosan felismerik, honnan sz\u00e1rmaznak \u00f6r\u00f6meik, \u00e9s \u00edgy k\u00f6nnyebben \u0151rzik meg buzgalmuk forr\u00e1s\u00e1t.<\/p>\n<p><em>(Folytatjuk)<\/em><\/p>\n","protected":false},"excerpt":{"rendered":"<p>&#8230;Minden bizonnyal nem a sz\u00f6veg a l\u00e9nyeges. M\u00e1sk\u00fcl\u00f6nben mindenki nagy k\u00f6lt\u0151 lenne. \u00c9s mindenki megmozgathatn\u00e1 a t\u00f6megeket, csak azt kellene mondania: \u201cK\u00f6vessetek a harcba, a puskapor szag\u00e1ra&#8230;\u201d Pr\u00f3b\u00e1ld csak meg, \u00e9s megl\u00e1tod, hogy kinevetnek. Ak\u00e1rcsak azokat, akik erk\u00f6lcs\u00f6t pr\u00e9dik\u00e1lnak.<\/p>\n","protected":false},"author":3,"featured_media":0,"comment_status":"open","ping_status":"open","sticky":false,"template":"","format":"standard","meta":{"_monsterinsights_skip_tracking":false,"_monsterinsights_sitenote_active":false,"_monsterinsights_sitenote_note":"","_monsterinsights_sitenote_category":0,"ngg_post_thumbnail":0,"footnotes":""},"categories":[16],"tags":[],"class_list":["post-56079","post","type-post","status-publish","format-standard","hentry","category-bongeszde"],"_links":{"self":[{"href":"https:\/\/ujkafe.website\/index.php?rest_route=\/wp\/v2\/posts\/56079","targetHints":{"allow":["GET"]}}],"collection":[{"href":"https:\/\/ujkafe.website\/index.php?rest_route=\/wp\/v2\/posts"}],"about":[{"href":"https:\/\/ujkafe.website\/index.php?rest_route=\/wp\/v2\/types\/post"}],"author":[{"embeddable":true,"href":"https:\/\/ujkafe.website\/index.php?rest_route=\/wp\/v2\/users\/3"}],"replies":[{"embeddable":true,"href":"https:\/\/ujkafe.website\/index.php?rest_route=%2Fwp%2Fv2%2Fcomments&post=56079"}],"version-history":[{"count":0,"href":"https:\/\/ujkafe.website\/index.php?rest_route=\/wp\/v2\/posts\/56079\/revisions"}],"wp:attachment":[{"href":"https:\/\/ujkafe.website\/index.php?rest_route=%2Fwp%2Fv2%2Fmedia&parent=56079"}],"wp:term":[{"taxonomy":"category","embeddable":true,"href":"https:\/\/ujkafe.website\/index.php?rest_route=%2Fwp%2Fv2%2Fcategories&post=56079"},{"taxonomy":"post_tag","embeddable":true,"href":"https:\/\/ujkafe.website\/index.php?rest_route=%2Fwp%2Fv2%2Ftags&post=56079"}],"curies":[{"name":"wp","href":"https:\/\/api.w.org\/{rel}","templated":true}]}}