
{"id":56963,"date":"2016-12-10T15:28:43","date_gmt":"2016-12-10T15:28:43","guid":{"rendered":"https:\/\/ujkafe.website\/?p=56963"},"modified":"2016-12-10T15:55:06","modified_gmt":"2016-12-10T15:55:06","slug":"egy-kis-kafe-tortenelem-5","status":"publish","type":"post","link":"https:\/\/ujkafe.website\/?p=56963","title":{"rendered":"Egy kis K\u00e1f\u00e9-t\u00f6rt\u00e9nelem (5)"},"content":{"rendered":"<p><strong>A T\u00cdFUSZ megk\u00e9rdezte&#8230; Onagy Zolt\u00e1nt<\/strong><\/p>\n<p><em>1. Babits-szexreg\u00e9ny c\u00edmmel k\u00e9sz\u00fcl k\u00f6nyved &#8211; Babitsr\u00f3l valahogy nem a szex jut esz\u00fcnkbe. Meg fog v\u00e1ltozni k\u00f6nyved olvast\u00e1n a klaszikusunkr\u00f3l a k\u00e9p?<\/em><\/p>\n<p>&#8211; A reprezentat\u00edv k\u00e9p aligha v\u00e1ltozik, Babits \u00e9s a szex k\u00f6r\u00fclbel\u00fcl hatvan m\u00e9rf\u00f6ldnyire tart\u00f3zkodnak egym\u00e1st\u00f3l folyamatosan, \u00e9ppen ez az alapk\u00e9rd\u00e9s: mit keres ebben a h\u00e1zass\u00e1gban? Babits egyf\u00e9le v\u00edzi\u00f3k\u00e9nt \u00e9lte meg a n\u0151t, maximum szemantikai \u00e9s szintaktikai probl\u00e9mak\u00e9nt, ami term\u00e9szetesen megv\u00e1ltozik, miut\u00e1n &#8211; k\u00fcl\u00f6nleges \u00fati aj\u00e1nd\u00e9k gyan\u00e1nt Szab\u00f3 L\u0151rinct\u0151l megkapja &#8211; \u00e9s hetedik tal\u00e1lkoz\u00e1suk alkalm\u00e1val feles\u00e9g\u00fcl k\u00e9ri. Tanner Ilonka &#8211; az ara &#8211; pedig egy h\u00fasv\u00e9r, mondhatni teliv\u00e9r menyecske, akinek nem idegen a f\u00e9rfih\u00fas, sem kor\u00e1bban, sem k\u00e9s\u0151bb. M\u00e9g k\u00e9s\u0151bb az asszonyi h\u00fassal is megismerszik. Nem a saj\u00e1tj\u00e1\u00e9val, term\u00e9szetesen.<!--more--><\/p>\n<p><em>2. Ink\u00e1bb szex vagy ink\u00e1bb reg\u00e9ny a Babits-szexreg\u00e9ny?<\/em><\/p>\n<p>&#8211; Els\u0151sorban Babits-Tanner-Esztergom reg\u00e9nye. Ink\u00e1bb reg\u00e9ny \u00e9s ink\u00e1bb szex. Kinek mi a fontos bel\u0151le. Nem t\u00e1rgyle\u00edr\u00e1s, hogyan csin\u00e1lja, kivel csin\u00e1lja, mi\u00e9rt csin\u00e1lja, mi\u00e9rt nem csin\u00e1lja senkivel. Mi\u00e9rt szorul be a h\u00e1zass\u00e1gba, ez a legf\u0151bb k\u00e9rd\u00e9s. Nem tal\u00e1ltam extr\u00e9m \u00e9rtelemm\u00f3dos\u00edt\u00f3 adatokat, ami mindent felforgatna, megv\u00e1ltoztatna, ink\u00e1bb csak m\u00e1sf\u00e9le dinamiz\u00e1ci\u00f3, kev\u00e9sb\u00e9 \u00e1jult k\u00f6zel\u00edt\u00e9s, m\u00e1shov\u00e1 ker\u00fclnek a \u00e9rtelmez\u0151i hangs\u00falyok. K\u00f6zben term\u00e9szetesen szex, mert a p\u00e9nzen k\u00edv\u00fcl a szex a m\u00e1sik egyetlen, ami k\u00e9pes z\u0171rzavart kelteni. K\u00f6zben pedig reg\u00e9ny, Babits h\u00e1zass\u00e1g\u00e1nak reg\u00e9nye: Mif\u00e9le szerz\u0151d\u00e9st k\u00f6t\u00f6ttek, mennyire tartott\u00e1k be, az eredm\u00e9ny melyik\u00fck sz\u00e1m\u00e1ra m\u00ednuszos.<\/p>\n<p><em>3. Ak\u00e1rmit olvasok t\u0151led, a sztori helyett az expressz\u00edv szavakkal teli mondatok l\u00fcktet\u00e9s\u00e9re figyelek egy id\u0151 ut\u00e1n &#8211; ugyanaz a st\u00edlus a Babits-szexreg\u00e9nyben?<\/em><\/p>\n<p>&#8211; Azt hiszem, nem. Ez egy val\u00f3di k\u00e9tfenek\u0171 sztori, val\u00f3di t\u00f6rt\u00e9nettel a f\u0151vonal alatt. Egy t\u00e9li h\u00e9t esem\u00e9nyei, amelyen egy fick\u00f3 \u00e9s egy n\u0151 nyakig a h\u00f3ban megk\u00eds\u00e9rli bej\u00e1rni &#8211; a nyolcvanadik \u00e9vfordul\u00f3n, egy r\u00e1di\u00f3m\u0171sorra k\u00e9sz\u00fclve a Babits-h\u00e1zass\u00e1g titkos \u00f6sszetev\u0151it &#8211; k\u00f6zben \u0151k is belekeverednek valamibe. Ami megint csak szex.<br \/>\nA baj, hogy m\u00e9g mindig nem vagyok k\u00e9szen.<\/p>\n<p><strong>Forr\u00e1s: Stockholm Tifusz \/ Tifoid arch\u00edvum<\/strong><\/p>\n<p><a href=\"https:\/\/ujkafe.website\/wp-content\/uploads\/2016\/12\/getdata.jpg\"><img loading=\"lazy\" decoding=\"async\" class=\"alignnone size-full wp-image-56964\" src=\"https:\/\/ujkafe.website\/wp-content\/uploads\/2016\/12\/getdata.jpg\" alt=\"01.qxd\" width=\"299\" height=\"432\" srcset=\"https:\/\/ujkafe.website\/wp-content\/uploads\/2016\/12\/getdata.jpg 299w, https:\/\/ujkafe.website\/wp-content\/uploads\/2016\/12\/getdata-208x300.jpg 208w\" sizes=\"auto, (max-width: 299px) 100vw, 299px\" \/><\/a><\/p>\n<p><strong>Az interj\u00fa, amelyet Gergely Tam\u00e1s k\u00e9szitett, 2003-ban jelent meg a C\u00e1f\u00e9 Stockholmon. A k\u00f6nyv megjelen\u00e9sekor, 2006-ban a szerz\u0151 j\u00f3bar\u00e1tja, Andrassew Iv\u00e1n a k\u00f6vetkez\u0151k\u00e9ppen m\u00e9ltatta a sz\u00f3ban forg\u00f3, a Pont kiad\u00f3 \u00e1ltal gondozott m\u0171vet:<\/strong><\/p>\n<p>&nbsp;<\/p>\n<p><em><strong>Andrassew Iv\u00e1n: A Babits-szexreg\u00e9nyr\u0151l<\/strong><\/em><\/p>\n<p>A h\u00e9t v\u00e9g\u00e9n megkaptam Onagy Zolt\u00e1n Babits-szexreg\u00e9ny c\u00edm\u0171 k\u00f6nyv\u00e9t, ami se nem reg\u00e9ny, se nem tanulm\u00e1ny, hanem k\u00f6nyv, \u00e9s m\u00e1ris elolvastam, mert nem nagyon tudtam letenni. (S\u0151t, m\u00e1r Kata is.) Tulajdonk\u00e9ppen T\u00f6r\u00f6k Sophie-r\u00f3l, Babits feles\u00e9g\u00e9r\u0151l sz\u00f3l. M\u0171faja meghat\u00e1rozhatatlan, viszont teljesen Onagy.<\/p>\n<p>\u00c9rdekes, hogy hasonl\u00f3k\u00e9ppen volt az eg\u00e9sz Babits-jelens\u00e9ggel, mint \u00e9n: olvasgattam, de nem szerettem. Most ugyan h\u00fcly\u00e9t csin\u00e1l Babitsb\u00f3l, vagyis megtudjuk, milyen szerencs\u00e9tlen ember volt, \u00e9s ez a jellem\u00e9b\u0151l is k\u00f6vetkezett, viszont mindj\u00e1rt meg is szerettette velem. N\u0151knek is aj\u00e1nlom ezt a k\u00f6nyvet, b\u00e1r legink\u00e1bb olyanoknak &#8211; f\u00e9rfiaknak is -, akik verselgetnek-\u00edrogatnak, pl\u00e1ne fejedelmi rangra v\u00e1gynak, h\u00e1tha azonnal abbahagyj\u00e1k. \u00c9n p\u00e9ld\u00e1ul er\u0151sen gondolkozom. Mert ha v\u00e9letlen\u00fcl \u00edrok valami olyat, ami jelent\u0151ss\u00e9 emel, el\u0151fordulhat, hogy \u00e9letemb\u0151l vagy annak bizonyos r\u00e9szeib\u0151l ilyesmi k\u00e9l, \u00e9s m\u00e1r nem is olyan vonz\u00f3 az irodalomk\u00f6nyvekben lenni. Ha v\u00e9gig gondolom a n\u0151kkel val\u00f3 viszonyomat &#8211; amit legink\u00e1bb a s\u00f3gorn\u0151m tart sz\u00e1mon anyai agg\u00f3d\u00e1ssal, n\u00e9ha nekem is meglepet\u00e9seket okozva el\u0151ttem teljesen ismeretlen t\u00f6rt\u00e9netekkel, amelyekben az egyik f\u0151szerepl\u0151 vagyok, valamint bogzas \u00f6sszef\u00fcgg\u00e9sekkel \u00e9s tanuls\u00e1gokkal &#8211; h\u00e1t lehetne r\u00f3lam is ilyesmit \u00edrni. S\u0151t a T\u00f6r\u00f6k Sophie-t\u00edpus &#8211; persze m\u00e1s \u00f6sszef\u00fcgg\u00e9sekkel, \u00e9s nem is felt\u00e9tlen\u00fcl egy n\u0151ben \u00f6sszegy\u00farva &#8211; az \u00e9n \u00e9letemben is megvolt. \u00c9n persze megbocs\u00e1t\u00f3bb v\u00e9rmacs\u00f3 vagyok, mint Onagy, aki pontosan tudja, a saj\u00e1t szerf\u00f6l\u00f6tt mozgalmas \u00e9let\u00e9b\u0151l, hogy m\u00e9g az ideiglenesen csak helyi szinten vil\u00e1gh\u00edr\u0171 \u00edr\u00f3kat is sokkal jobban, mondjuk t\u00edzszer jobban szeretik a n\u0151k, mint b\u00e1rmilyen m\u00e1s \u00fagynevezett m\u0171v\u00e9szeti \u00e1g munk\u00e1lkod\u00f3it. Kiv\u00e9ve tal\u00e1n a zen\u00e9szeket \u00e9s a sz\u00edn\u00e9szeket, b\u00e1r azok m\u00faland\u00f3, ez\u00e9rt kev\u00e9sb\u00e9 irigyl\u00e9sre m\u00e9lt\u00f3, f\u00f6l\u00f6tte s\u00f3v\u00e1r \u00e9letet \u00e9lnek, meg is \u00e9rdemlik, hogy szeress\u00e9k \u0151ket. Persze a tehets\u00e9gesekre gondolok.<\/p>\n<p>Egyszer egy olyan t\u00e1rsas\u00e1gban, amelyikben jelent\u0151s, b\u00f6lcs \u00edr\u00f3k is voltak, vagy legal\u00e1bbis k\u00e9s\u0151bb azok lettek, elemezt\u00fck, mi\u00e9rt van, hogy az ember els\u0151 k\u00f6nyv\u00e9nek megjelen\u00e9se ut\u00e1n f\u00f6lt\u0171n\u0151en vonz\u00f3bb f\u00e9rfi lesz, mint amikor azt se tudt\u00e1k r\u00f3la, hogy \u00edrogat. Arra jutottam, hogy vannak bizonyos n\u0151k, akik nem a hagyom\u00e1nyos m\u00f3don vad\u00e1sznak a g\u00e9nekre. Nem csak k\u00fcllem, hang, illat, gesztusok \u00e9s intellektu\u00e1lis teljes\u00edtm\u00e9nyek alapj\u00e1n v\u00e1lasztanak, hanem &#8211; nyilv\u00e1n nem tudatosan &#8211; nem csak ut\u00f3djaikra, hanem saj\u00e1t t\u00fal\u00e9l\u00e9s\u00fckre is gondolnak. Azt mes\u00e9ltem el, hogy nekem egyszer egy n\u0151 szokatlanul \u0151szinte \u00f3r\u00e1j\u00e1ban, \u00e1mb\u00e1r kiss\u00e9 r\u00e9szegen, miut\u00e1n ir\u00e1nta neki nyilv\u00e1n szokatlanul tart\u00f3zkod\u00f3nak mutatkoztam, elmagyar\u00e1zta, hogy ne legyen olyan nagy pof\u00e1m, nem vagyok olyan j\u00f3 pasi, viszont a poz\u00edci\u00f3m sokmindenre j\u00f3, karriert \u00e9p\u00edthetne r\u00e1. Mert ugye, mozgok, erre meg arra, nagyon sok embert ismerek, \u00e9sat\u00f6bbi. Csak rajta m\u00falik, mire haszn\u00e1lja az \u00e9n ismerets\u00e9geimet. Ezen k\u00edv\u00fcl, \u00e9s ez volt az igaz\u00e1n megr\u00e1z\u00f3, elmagyar\u00e1zta, hogy nagyj\u00e1b\u00f3l sz\u00e1z tehets\u00e9ges \u00edr\u00f3 van Magyarorsz\u00e1gon &#8211; engem k\u00f6z\u00e9j\u00fck vett -, vagyis, ha velem \u00e9l, akkor m\u00e1ris sz\u00e1z az egyhez a val\u00f3sz\u00edn\u0171s\u00e9ge, hogy beker\u00fcl az irodalomtank\u00f6nyvekbe. De mivel nem lehet tudni, hogy mi lesz bel\u0151lem, n\u00e9h\u00e1ny \u00e9v alatt ez a kapcsolati t\u0151ke \u00f6tven &#8211; vagy m\u00e9g t\u00f6bbsz\u00f6r\u00f6s\u00e9re n\u00f6vekedhet. Ha valaki azt gondolja, hogy ez egy kisp\u00e1ly\u00e1s T\u00f6r\u00f6k Sophie volt, t\u00e9ved. Ma egy fontos \u00edr\u00f3 mellett n\u00e9mberkedik, \u00e9s maga is \u00edrogat ezt azt, nem is tehets\u00e9gtelen\u00fcl. Az m\u00e1s k\u00e9rd\u00e9s, hogy \u00e9n nem tal\u00e1ln\u00e1m vonz\u00f3nak a mellette val\u00f3 sorsot, akkor se, ha be szeretn\u00e9k jutni a tank\u00f6nyvekbe.<\/p>\n<p>Persze \u00e9n sokkal jobbindulat\u00fa \u00e9s megbocs\u00e1t\u00f3bb vagyok, mint Onagy, T\u00f6r\u00f6k Sophie-t is megszerettem. Ezt az \u00f6sz\u00f6n\u00f6sen sz\u00e1m\u00edt\u00f3, minden eszk\u00f6z\u00e9t m\u0171v\u00e9szi szinten haszn\u00e1lni tud\u00f3, de nem csak az \u00fczleti \u00e9letben, hanem kedvtel\u00e9sb\u0151l is par\u00e1zna, folyamatos \u00f6nkifejez\u00e9si v\u00e1ls\u00e1g\u00e1ban hol a mozgalm\u00e1rkod\u00e1sba, hol a leszbikuss\u00e1gba, hogy az \u00e1d\u00e1z feles\u00e9g-, net\u00e1n anyaszerepbe, m\u00e1skor meg a tudatb\u00f3dul\u00e1sokba zuhan\u00f3 t\u00edpust alighanem ugyan\u00fagy ismerem, mint Onagy, csak \u00e9n megbocs\u00e1tok nekik, megpr\u00f3b\u00e1lom szeretettel figyelni \u0151ket, m\u00e9g akkor is, ha rendk\u00edv\u00fcl f\u00e1raszt\u00f3ak, \u00e9s n\u00e9ha m\u00e9g az is megal\u00e1z\u00f3, ha t\u00e1volr\u00f3l figyelj\u00fck \u0151ket.<\/p>\n<p>Van m\u00e9g egy dolog, amire Onagy csak utalt a k\u00f6nyv\u00e9ben, de nem fejtette ki r\u00e9szletesen. Vannak n\u0151k, akik azt k\u00e9pzelik, hogy az \u00fagynevezett m\u0171v\u00e9szek &#8211; \u00e9s ezek k\u00f6z\u00e9 veszik az \u00edr\u00f3kat meg a k\u00f6lt\u0151ket is &#8211; valami izgalmas \u00e9letet \u00e9lnek. Csupa sziporka minden besz\u00e9lget\u00e9s\u00fck, tele vannak \u00e9rdekes bar\u00e1tokkal, sokat j\u00e1rnak magas t\u00e1rsas\u00e1gokba, \u00e9s f\u00f6l\u00f6tte m\u00e9lt\u00f3s\u00e1gosak. Ezzel szemben az az igazs\u00e1g, hogy az \u00edr\u00f3k t\u00f6bbs\u00e9ge rendk\u00edv\u00fcl unalmas ember. Folyamatosan g\u00f6rcsben \u00e9l, mert soha nem tudja, hogy holnap is tud-e \u00edrni. \u00c1lland\u00f3an s\u00e9rt\u0151d\u00f6tt, mert &#8211; pl\u00e1ne mostans\u00e1g &#8211; nemcsak hogy le se szarja a t\u00e1rsadalom a nagy okoss\u00e1g\u00e1t \u00e9s m\u0171v\u00e9szet\u00e9t, hanem meg se fizetik &#8211; persze sose fizett\u00e9k meg. Ez\u00e9rt \u00e1lland\u00f3an anyagi gondokkal tusakodik. Vagyis megkeseredett, piti\u00e1ner \u00e9letet \u00e9l\u0151 emberek, tele p\u00f3zokkal, r\u00e1ad\u00e1sul t\u00f6bbnyire elk\u00e9peszt\u0151 ember- \u00e9s t\u00e1rsadalom-ismeret\u00fckkel pontosan tudj\u00e1k hol a hely\u00fck, \u00e9s milyenek a t\u00f6bbi \u00edr\u00f3k, \u00edgy azt\u00e1n egym\u00e1st is ut\u00e1lj\u00e1k rendesen. Nincs ki\u00e1br\u00e1nd\u00edt\u00f3bb, mint az, ha p\u00e1r \u00edr\u00f3 \u00f6sszej\u00f6n egy l\u00e9gt\u00e9rben. (Vannak kiv\u00e9telek, persze.)<\/p>\n<p>J\u00f3, hogy Onagy Zolt\u00e1n meg\u00edrta ezt a k\u00f6nyvet, b\u00e1r maga se tudja, mit szabad\u00edt mag\u00e1ra. \u00dagy j\u00e1r majd, mint \u00e9n legut\u00f3bb a motorosokkal. F\u00f6lsorolni is neh\u00e9z lenne, h\u00e1nyf\u00e9le n\u00e9ps\u00e9g ut\u00e1lja majd. Arra p\u00e9ld\u00e1ul biztosan sz\u00e1m\u00edthat, hogy a feminist\u00e1k t\u0171sarokhegyre veszik &#8211; ez utal\u00e1s volt egy internetes oldalra &#8211; \u00e9s az is lehet, hogy a leszbikusok is ind\u00edtanak valami Onagy \u00e1tokt\u00far\u00e1t Esztergomba. Vagy nem, mert \u00edgy b\u00fcntetik.<\/p>\n<p><em>Forr\u00e1s: http:\/\/www.pontkiado.hu\/<\/em><\/p>\n","protected":false},"excerpt":{"rendered":"<p>A T\u00cdFUSZ megk\u00e9rdezte&#8230; Onagy Zolt\u00e1nt 1. Babits-szexreg\u00e9ny c\u00edmmel k\u00e9sz\u00fcl k\u00f6nyved &#8211; Babitsr\u00f3l valahogy nem a szex jut esz\u00fcnkbe. Meg fog v\u00e1ltozni k\u00f6nyved olvast\u00e1n a klaszikusunkr\u00f3l a k\u00e9p? &#8211; A reprezentat\u00edv k\u00e9p aligha v\u00e1ltozik, Babits \u00e9s a szex k\u00f6r\u00fclbel\u00fcl hatvan m\u00e9rf\u00f6ldnyire tart\u00f3zkodnak egym\u00e1st\u00f3l folyamatosan, \u00e9ppen ez az alapk\u00e9rd\u00e9s: mit keres ebben a h\u00e1zass\u00e1gban? Babits egyf\u00e9le v\u00edzi\u00f3k\u00e9nt [&hellip;]<\/p>\n","protected":false},"author":3,"featured_media":0,"comment_status":"open","ping_status":"open","sticky":false,"template":"","format":"standard","meta":{"_monsterinsights_skip_tracking":false,"_monsterinsights_sitenote_active":false,"_monsterinsights_sitenote_note":"","_monsterinsights_sitenote_category":0,"ngg_post_thumbnail":0,"footnotes":""},"categories":[14,120,122],"tags":[],"class_list":["post-56963","post","type-post","status-publish","format-standard","hentry","category-a-regi-kafebol","category-essze","category-interju"],"_links":{"self":[{"href":"https:\/\/ujkafe.website\/index.php?rest_route=\/wp\/v2\/posts\/56963","targetHints":{"allow":["GET"]}}],"collection":[{"href":"https:\/\/ujkafe.website\/index.php?rest_route=\/wp\/v2\/posts"}],"about":[{"href":"https:\/\/ujkafe.website\/index.php?rest_route=\/wp\/v2\/types\/post"}],"author":[{"embeddable":true,"href":"https:\/\/ujkafe.website\/index.php?rest_route=\/wp\/v2\/users\/3"}],"replies":[{"embeddable":true,"href":"https:\/\/ujkafe.website\/index.php?rest_route=%2Fwp%2Fv2%2Fcomments&post=56963"}],"version-history":[{"count":0,"href":"https:\/\/ujkafe.website\/index.php?rest_route=\/wp\/v2\/posts\/56963\/revisions"}],"wp:attachment":[{"href":"https:\/\/ujkafe.website\/index.php?rest_route=%2Fwp%2Fv2%2Fmedia&parent=56963"}],"wp:term":[{"taxonomy":"category","embeddable":true,"href":"https:\/\/ujkafe.website\/index.php?rest_route=%2Fwp%2Fv2%2Fcategories&post=56963"},{"taxonomy":"post_tag","embeddable":true,"href":"https:\/\/ujkafe.website\/index.php?rest_route=%2Fwp%2Fv2%2Ftags&post=56963"}],"curies":[{"name":"wp","href":"https:\/\/api.w.org\/{rel}","templated":true}]}}