
{"id":57012,"date":"2016-12-12T14:17:22","date_gmt":"2016-12-12T14:17:22","guid":{"rendered":"https:\/\/ujkafe.website\/?p=57012"},"modified":"2016-12-12T14:19:57","modified_gmt":"2016-12-12T14:19:57","slug":"egy-kis-kafe-tortenelem-6","status":"publish","type":"post","link":"https:\/\/ujkafe.website\/?p=57012","title":{"rendered":"Egy kis K\u00e1f\u00e9-t\u00f6rt\u00e9nelem (6)"},"content":{"rendered":"<p><em><strong>A T\u00cdFUSZ megk\u00e9rdezte&#8230; Selyem Zsuzs\u00e1t<\/strong><\/em><\/p>\n<p><em>1. Hogyan is zajlott le az Esterh\u00e1zy-maraton \u2013 hol, mikor, h\u00e1nyan, mennyi id\u0151 alatt&#8230;?<\/em><br \/>\n&#8211; Tudod, Tam\u00e1s, van a Harmonia Caelestisben n\u00e9h\u00e1ny visszat\u00e9r\u0151 apa, n\u00e9kik n\u00e9h\u00e1ny visszat\u00e9r\u0151 k\u00e9rd\u00e9s\u00fck: Kinek? Hov\u00e1? Mi\u00e9rt? &#8211; ezekre persze nincs v\u00e1lasz, m\u00e9g az is nagy sz\u00f3, hogy elhangzanak. Hol? Kolozsv\u00e1r, Rom\u00e1nia, Balk\u00e1n t\u00e9rs\u00e9g (no Schengen-v\u00edzum), M\u00c1Svil\u00e1g klub (m\u0171k\u00f6dik cirka 1992 \u00f3ta, h\u00e9tr\u0151l h\u00e9tre megh\u00edvnak valakit besz\u00e9lni, Olosz Ildik\u00f3 &#8211; Oloszka &#8211; vezette, m\u00edg el \u00e9s f\u00e9rjhez nem ment, most r\u00e9m\u00fclt keres\u00e9s van, hogy ki legyen Oloszka, Varga Anik\u00f3 \u00e9s Z\u00e1goni Bal\u00e1zs pr\u00f3b\u00e1lkozik a szereppel), T\u00f6r\u00f6kv\u00e1g\u00e1s utca (mondtam, hogy Balk\u00e1n!) 4 sz\u00e1m. Mikor? 2001. m\u00e1jus 4. este 7 \u00f3r\u00e1t\u00f3l m\u00e1jus 5. este 9 \u00f3r\u00e1ig. H\u00e1nyan? \u00c9jjeli 2-3 t\u00e1j\u00e1n 5-6-on, kezd\u00e9skor olyan 70-en, v\u00e9gz\u00e9skor kicsit t\u00f6bben. Mennyi id\u0151 alatt? 26 \u00f3ra. &#8230;?!!!<!--more--><\/p>\n<p><em>2. Az irodalom nem sport. Mi\u00e9rt volt sz\u00fcks\u00e9g m\u00e9gis maraton-felolvas\u00e1sra?<\/em><br \/>\n&#8211; A maraton-felolvas\u00e1s sem sport. Csak egy (nem t\u00fal szerencs\u00e9s, bombasztikus, enyh\u00e9n giccses) sz\u00f3kapcsolat. Ami t\u00f6rt\u00e9nt, m\u00e9g ilyen nevekre is futott: megaolvas\u00e1s, freereadup, nyitott felolvas\u00e1s, seggnyal\u00e1s, parole singuliere, Nagy Olvas\u00e1s stb. stb.<\/p>\n<p><em>3. Ki nektek Esterh\u00e1zy?<\/em><br \/>\n&#8211; Egy k\u00e9kharisnya, aki Krisztus szeg\u00e9nys\u00e9g\u00e9r\u0151l besz\u00e9l. Egy Csokonai Lili, aki azt mondja, szeress, szeress mind a kett\u0151nket, de ne felv\u00e1ltva, hanem egyszerre! Aki Kafka Milen\u00e1hoz \u00edrt leveleinek cseh szavaival \u00edrja le az \u00daristen besz\u00e9lget\u00e9s\u00e9t Hraballal. Aki ebben a Harmonia Caelestisben a patk\u00e1nyt kett\u00e9harap\u00f3 Nagyhusz\u00e1rra azt mondja: ap\u00e1m. \u00c9s aki ezt a grammatik\u00e1val magyar\u00e1zza.<\/p>\n<p><em>4. Ti Esterh\u00e1zyt h\u00edvt\u00e1tok meg Kolozsv\u00e1rra, m\u00e1sok a mai Helikont alak\u00edtj\u00e1k meg Hargitaf\u00fcrd\u0151n, megf\u00e9r b\u00e9k\u00e9sen a kett\u0151, vagy ez k\u00e9t k\u00fcl\u00f6n ir\u00e1nyzat?<\/em><br \/>\n&#8211; Ojj\u00e9, olyan b\u00e9k\u00e9sen, mint a pinty! Tudod, hogy szokott lenni az ilyesmi: most hallok el\u0151sz\u00f6r a Helikon megalakul\u00e1s\u00e1r\u00f3l.<\/p>\n<p><em>5. Kik vagytok ti, s f\u0151k\u00e9nt mi a M\u00c1SVil\u00e1g, amelyik az Esterh\u00e1zy-maratont megszervezte?<\/em><br \/>\n&#8211; Az olvas\u00e1st szervezt\u00e9k: Dim\u00e9ny \u00c1ron, sz\u00edn\u00e9sz, Ketesdy Be\u00e1ta, \u00fajs\u00e1g\u00edr\u00f3, Varga Anik\u00f3, harmad\u00e9ves dramaturg-hallgat\u00f3, Z\u00e1goni Bal\u00e1zs, filmeszt\u00e9ta, Visky Andr\u00e1s \u00edr\u00f3, kiad\u00f3igazgat\u00f3, L\u00e1ng Zsolt, \u00edr\u00f3 \u00e9s aki itt felelgetett a k\u00e9rd\u00e9sekre a maga nev\u00e9ben, Selyem Zsuzsa.<\/p>\n<p><em>\/Az interj\u00fat Gergely Tam\u00e1s k\u00e9sz\u00edtette, \u00e9s 2001-ban jelent meg a C\u00e1f\u00e9 Stockholm-on. N\u00e9h\u00e1ny pontos\u00edt\u00e1s a t\u00e1voli m\u00e1b\u00f3l:<\/em><br \/>\n<em>* Esterh\u00e1zy P\u00e9tert t\u00f6bb\u00e9 m\u00e1r nem lehet Kolozsv\u00e1rra invit\u00e1lni, az\u00f3ta \u00e1ldozata lett Hasny\u00e1lmiriny-napl\u00f3ja t\u00e1rgy\u00e1nak;<\/em><br \/>\n<em>* A Helikon v\u00e9g\u00fcl is nem alakult \u00fajra, se Hargitaf\u00fcrd\u0151n, se m\u00e1sutt. Megalakult viszont\u00a0egy EMIL nevezet\u0171 valami, amely az Erd\u00e9lyi Magyar \u00cdr\u00f3k\u00a0Lig\u00e1jak\u00e9nt igyekszik \u00e9rv\u00e9nyes\u00fclni.\/<\/em><\/p>\n<p><strong>Forr\u00e1s: Stockholm Tifusz \/ Tifoid arch\u00edvum<\/strong><\/p>\n","protected":false},"excerpt":{"rendered":"<p>A T\u00cdFUSZ megk\u00e9rdezte&#8230; Selyem Zsuzs\u00e1t 1. Hogyan is zajlott le az Esterh\u00e1zy-maraton \u2013 hol, mikor, h\u00e1nyan, mennyi id\u0151 alatt&#8230;? &#8211; Tudod, Tam\u00e1s, van a Harmonia Caelestisben n\u00e9h\u00e1ny visszat\u00e9r\u0151 apa, n\u00e9kik n\u00e9h\u00e1ny visszat\u00e9r\u0151 k\u00e9rd\u00e9s\u00fck: Kinek? Hov\u00e1? Mi\u00e9rt? &#8211; ezekre persze nincs v\u00e1lasz, m\u00e9g az is nagy sz\u00f3, hogy elhangzanak. Hol? Kolozsv\u00e1r, Rom\u00e1nia, Balk\u00e1n t\u00e9rs\u00e9g (no Schengen-v\u00edzum), [&hellip;]<\/p>\n","protected":false},"author":3,"featured_media":0,"comment_status":"open","ping_status":"open","sticky":false,"template":"","format":"standard","meta":{"_monsterinsights_skip_tracking":false,"_monsterinsights_sitenote_active":false,"_monsterinsights_sitenote_note":"","_monsterinsights_sitenote_category":0,"ngg_post_thumbnail":0,"footnotes":""},"categories":[14,122],"tags":[],"class_list":["post-57012","post","type-post","status-publish","format-standard","hentry","category-a-regi-kafebol","category-interju"],"_links":{"self":[{"href":"https:\/\/ujkafe.website\/index.php?rest_route=\/wp\/v2\/posts\/57012","targetHints":{"allow":["GET"]}}],"collection":[{"href":"https:\/\/ujkafe.website\/index.php?rest_route=\/wp\/v2\/posts"}],"about":[{"href":"https:\/\/ujkafe.website\/index.php?rest_route=\/wp\/v2\/types\/post"}],"author":[{"embeddable":true,"href":"https:\/\/ujkafe.website\/index.php?rest_route=\/wp\/v2\/users\/3"}],"replies":[{"embeddable":true,"href":"https:\/\/ujkafe.website\/index.php?rest_route=%2Fwp%2Fv2%2Fcomments&post=57012"}],"version-history":[{"count":0,"href":"https:\/\/ujkafe.website\/index.php?rest_route=\/wp\/v2\/posts\/57012\/revisions"}],"wp:attachment":[{"href":"https:\/\/ujkafe.website\/index.php?rest_route=%2Fwp%2Fv2%2Fmedia&parent=57012"}],"wp:term":[{"taxonomy":"category","embeddable":true,"href":"https:\/\/ujkafe.website\/index.php?rest_route=%2Fwp%2Fv2%2Fcategories&post=57012"},{"taxonomy":"post_tag","embeddable":true,"href":"https:\/\/ujkafe.website\/index.php?rest_route=%2Fwp%2Fv2%2Ftags&post=57012"}],"curies":[{"name":"wp","href":"https:\/\/api.w.org\/{rel}","templated":true}]}}