
{"id":57177,"date":"2016-12-18T19:06:44","date_gmt":"2016-12-18T19:06:44","guid":{"rendered":"https:\/\/ujkafe.website\/?p=57177"},"modified":"2016-12-18T19:08:02","modified_gmt":"2016-12-18T19:08:02","slug":"egy-kis-kafe-tortenelem-7","status":"publish","type":"post","link":"https:\/\/ujkafe.website\/?p=57177","title":{"rendered":"Egy kis K\u00e1f\u00e9-t\u00f6rt\u00e9nelem (7)"},"content":{"rendered":"<h2><em><strong>A T\u00cdFUSZ megk\u00e9rdezte&#8230;Sall L\u00e1szl\u00f3t<\/strong><\/em><\/h2>\n<p>&nbsp;<\/p>\n<p><em>&#8222;Irodalom van a mi utc\u00e1nkban&#8221;? Kezdetben verseket tett\u00e9l ki a honoldalra, most v\u00e9gre r\u00e1j\u00f6tt\u00e9l, hogy a webnek saj\u00e1t nyelve van: a &#8222;vers&#8221;, a webirodalom a szem\u00fcnk l\u00e1tt\u00e1ra sz\u00fcletik meg a l\u00e1togat\u00f3 akt\u00edv k\u00f6zrem\u0171k\u00f6d\u00e9s\u00e9vel-kattintgat\u00e1s\u00e1val, hogy j\u00f6tt\u00e9l r\u00e1, hogy ez a j\u00e1rhat\u00f3 \u00fat?<\/em><br \/>\n&#8211; Ez m\u00e9g a Ceausescu el\u0151tti id\u0151kre ny\u00falik vissza. Akkor a \u201esz\u00e1m\u00edt\u00f3g\u00e9p\u201d neve Sinclair volt vagy Z80 \u00e9s a Commodore 64 ! Nekem egyik sem volt, volt viszont n\u00e9h\u00e1ny bar\u00e1tom, akiknek volt. Az egyik azt\u00e1n, egy matematika tan\u00e1r, a neve Szil\u00e1gy Gy\u00f6rgy <!--more-->(ha olvassa e sorokat, \u00fcdv\u00f6zl\u00f6m!) ma Szatm\u00e1ron tan\u00edt, vette a f\u00e1rads\u00e1got s n\u00e9h\u00e1ny versemet m\u00e1r akkor &#8211; teh\u00e1t &#8217;85 t\u00e1j\u00e1n a m\u00falt sz\u00e1zadban &#8211; \u00e1t\u00edrta. Ez \u00fagy t\u00f6rt\u00e9nt, hogy ott \u00fclt\u00fcnk n\u00e1luk a S. utc\u00e1ban s Gyuri nyomogatta a gombokat; \u00e9n figyeltem, majd elmondtam, hogyan is k\u00e9pzeln\u00e9m egy-egy versem \u201emegmozgat\u00e1s\u00e1t\/megmozgattat\u00e1s\u00e1t\u201d. Erre \u0151 ism\u00e9t csak nyomogatta a gombokat s azt\u00e1n ki is alakult egy-k\u00e9t nagyon \u00edg\u00e9retes dolog. Az egyik legjobb s most erre eml\u00e9kszem, az egy Kafka vers volt, aminek utols\u00f3 sora nyomtat\u00e1sban valahogy \u00edgy volt olvashat\u00f3 (lett volna olvashat\u00f3, ha b\u00e1rhol megjelenik), hogy: \u201eember leszel s nem f\u00e9reg\u201d. Na, ebb\u0151l gondolhatod, hogy mi volt a k\u00f6vetkez\u0151 l\u00e9p\u00e9s ! Persze itt m\u00e9g nem volt benne az olvas\u00f3 akt\u00edv k\u00f6zrem\u0171k\u00f6d\u00e9se sem kattintgat\u00e1s, sem m\u00e1s form\u00e1ban, de n\u00e9h\u00e1ny m\u00e1sodperc eltelt\u00e9vel (az id\u0151!) a sorb\u00f3l kihullott a nem s maradt az \u201eember leszel s f\u00e9reg\u201d. Folytat\u00e1sa nem nagyon lett a dolognak, m\u00e1r nem is tudom, mi\u00e9rt, de ez nyilv\u00e1n m\u00e1r t\u00f6rt\u00e9nelem, \u00e9rdemes volna tal\u00e1n ezzel a k\u00e9rd\u00e9ssel foglalkoznod, kedves T\u00edfusz!<br \/>\nAzt azonban hat\u00e1rozottan visszautas\u00edtom, hogy ezeddig (vagy ahogy Te nevezed, kezdetben) verseket tettem volna ki a honlapomra. Mert ugye ebben ott lappang a m\u00falt, az hogy \u00e9n \u00fagymond k\u00f6z\u00f6ns\u00e9ges, line\u00e1ris verseket tettem (volna) fel a h\u00e1l\u00f3ra. Ha egy kicsit is igazs\u00e1gos akarn\u00e1l lenni velem, s az olvas\u00f3val, akkor mindenk\u00e9ppen venn\u00e9d magadnak s kedves olvas\u00f3idnak a f\u00e1radts\u00e1got s ell\u00e1togatn\u00e1l a <strong><a href=\"http:\/\/home.swipnet.se\/~w-78080\/cafegoteborg\/index.html\">CafeGoteborg<\/a><\/strong>-ra, ahol is megtal\u00e1lhat\u00f3 verseim egy r\u00e9sze. Ezeket ott k\u00e9t csoportra osztottam, \u00fagymint k\u00e9pversek s nem k\u00e9pversek. M\u00e1r a k\u00e9pversek magukban is egy kicsit az internetez\u00e9st felt\u00e9telezik, hiszen a sz\u00ednes nyomdatechnika m\u00e9g ma is nagyon dr\u00e1ga. Hogy ilyen min\u0151s\u00e9g\u0171 k\u00e9peket k\u00e9sz\u00edttessek vagy nyomassak, m\u00e9g a legmer\u00e9szebb \u00e1lmaimban sem fordulhatna meg az agyamban (a p\u00e9nz!). Az interneten pedig mindezt ingyen (enyhe t\u00falz\u00e1ssal). Van viszont egy m\u00e1sik csoportja a verseimnek, ezek k\u00f6z\u00f6tt ott vannak azok is, amelyek m\u00e1r csak az olvas\u00f3 kattint\u00e1s\u00e1ra ny\u00edlnak meg. P\u00e9ld\u00e1ul az &#8222;itt&#8221; c vers. \u00c9s \u00edgy tov\u00e1bb. S ott van az &#8222;olyan&#8221; c. mely szerintem m\u00e9g mindig az egyik legjobb internetes versem.<br \/>\nEz az \u00fat. \u00c9n eddig is erre v\u00e1rtam. Amikor m\u00e9g nem volt internet, az \u00e9n verseimben ez a lehet\u0151s\u00e9g m\u00e1r akkor is benne volt. Utazni kell! (navigare necesse este van m\u00e1r nyolc \u00f3ra Moszkv\u00e1ban)<\/p>\n<p><em>&#8211; Mi k\u00f6ze Esterh\u00e1zynak, akinek a neve a lap c\u00edm\u00e9ben van, ehhez az eg\u00e9szhez? Csak nem az \u0151 &#8222;verse&#8221; ez a <strong>&#8222;sz\u00e9p iroda lom&#8221;<\/strong>?<\/em><br \/>\n&#8211; Azt az\u00e9rt nem mondhatn\u00e1m. Illetve azt nem szeretn\u00e9m, ha \u0151 ezt \u00edgy \u00e9rtelmezn\u00e9. Mert akkor m\u00e1sok is megtudn\u00e1k ezt s annak igen komoly k\u00f6vetkezm\u00e9nyei lehetn\u00e9nek. Mire gondolok? Ott van az, ugye, hogy \u00e9n lev\u00e9lhord\u00f3 vagyok, amit igen sokan \u00f6sszet\u00e9vesztenek \u2013 sz\u00e1nd\u00e9kosan vagy nem \u2013 azzal, hogy post\u00e1s ! Egyszercsak, amikor \u00e9n \u00e9ppen lev\u00e9lkihordok ott az Ut\u013akersgatan \u00e9s a Solrosgatan sark\u00e1n, vagyis, amikor jobb kezemmel, annak mutat\u00f3 s k\u00f6z\u00e9ps\u0151 ujj\u00e1val \u00e9ppen emeln\u00e9m le a k\u00f6vetkez\u0151 adag k\u00e9zbes\u00edtend\u0151 levelet (leveleket, foly\u00f3iratokat, rekl\u00e1mokat) a bal kezem karj\u00e1r\u00f3l, ott, ak\u00e1rcsak egy Cseh Tam\u00e1s szerepl\u0151nek, ott, egyszercsak megvil\u00e1gosod\u00e1som t\u00e1mad \u00fagy s mintha jobb kezem mutat\u00f3 s k\u00f6z\u00e9ps\u0151 ujj\u00e1val a k\u00f6nyvespolcunkon sim\u00edtan\u00e1m, simogatn\u00e1m, keresn\u00e9m a k\u00f6nyveket s ott a polcokon, ak\u00e1rcsak a bal karomon az a sok kihordand\u00f3 lev\u00e9l (levelek, foly\u00f3iratok, rekl\u00e1mok) ott az a rengeteg Esterh\u00e1zy P\u00e9ter \u00e1ltal \u00edrott k\u00f6nyv, amiket \u2013 ak\u00e1rcsak azokat a leveleket, igen a bal karomon meg a t\u00e1sk\u00e1ban \u2013 \u00e9n m\u00e9g nem olvastam. S akkor ott abban a m\u00ednusz t\u00edz fok hidegben meg m\u00e9g hidegebb sz\u00e9lben, akkor megvil\u00e1gosodott nekem, hogy itt van ez az Esterh\u00e1zy \u2013 no nem ott az Ut\u013akersgatan \u00e9s a Solrosgatan sark\u00e1n, hanem otthon a k\u00f6nyvespolcokon meg \u00fagy k\u00e9pletesen &#8211; s nemsok\u00e1ra\/mindj\u00e1rt (az id\u0151, megint az az id\u0151!) megkapja az irodalmi Nobel-d\u00edjat \u00e9n meg m\u00e9g nem olvastam el az \u00f6sszes m\u0171v\u00e9t, m\u00e9g azt az \u00f6sszest sem, ami nek\u00fcnk megvan otthon a polcokon \u00f6sszesen. S akkor ez a megvil\u00e1gosod\u00e1s (vagy az a m\u00ednusz t\u00edzfokos hideg) akkora er\u0151vel has\u00edtott bel\u00e9m, hogy nekem ezeket a k\u00f6nyveket el kell olvasnom, hogy belebetegedtem. Sz\u00f3 szerint. Arc\u00fcreggyullad\u00e1s. Otthon \u00fcltem k\u00e9t hetet. Ebb\u0151l egyet fek\u00fcdtem. De a k\u00f6vetkez\u0151 h\u00e9ten elolvastam m\u00e1sf\u00e9l k\u00f6nyv Esterh\u00e1zyt. Ily m\u00f3don neki is van h\u00e1t k\u00f6ze mindehhez, ha nem is mindenhez. De mint mondtam, nem szeretn\u00e9m, ha b\u00e1rki is ezt \u00edgy \u00e9rtelmezn\u00e9, ezt az eg\u00e9szet.<\/p>\n<p><em>&#8211; Val\u00f3ban <strong>sz\u00e9p iroda lom<\/strong> a sz\u00e9pirodalom?<\/em><br \/>\n&#8211; Igen, szerintem val\u00f3ban. \u00c9n is vallom ugyanis, hogy m\u00e1r mindent meg\u00edrtak, mostm\u00e1r csak \u00e1t kell rendezni a dolgokat, \u00fajra \u00e1trendezni, alak\u00edtani. Van teh\u00e1t a lom, s vannak a sz\u00e9p szavak, ami a sz\u00e9p; ez van egy irod\u00e1ban, ott t\u00f6rt\u00e9nik; ehhez vannak\/van az ige, a volt. Minden \u00fagy van j\u00f3l, ahogy volt. (A vers.)<\/p>\n<p><em><strong>Forr\u00e1s: Stockholm Tifusz \/ Tifoid arch\u00edvum<\/strong><\/em><\/p>\n","protected":false},"excerpt":{"rendered":"<p>A T\u00cdFUSZ megk\u00e9rdezte&#8230;Sall L\u00e1szl\u00f3t &nbsp; &#8222;Irodalom van a mi utc\u00e1nkban&#8221;? Kezdetben verseket tett\u00e9l ki a honoldalra, most v\u00e9gre r\u00e1j\u00f6tt\u00e9l, hogy a webnek saj\u00e1t nyelve van: a &#8222;vers&#8221;, a webirodalom a szem\u00fcnk l\u00e1tt\u00e1ra sz\u00fcletik meg a l\u00e1togat\u00f3 akt\u00edv k\u00f6zrem\u0171k\u00f6d\u00e9s\u00e9vel-kattintgat\u00e1s\u00e1val, hogy j\u00f6tt\u00e9l r\u00e1, hogy ez a j\u00e1rhat\u00f3 \u00fat? &#8211; Ez m\u00e9g a Ceausescu el\u0151tti id\u0151kre ny\u00falik vissza. [&hellip;]<\/p>\n","protected":false},"author":3,"featured_media":0,"comment_status":"open","ping_status":"open","sticky":false,"template":"","format":"standard","meta":{"_monsterinsights_skip_tracking":false,"_monsterinsights_sitenote_active":false,"_monsterinsights_sitenote_note":"","_monsterinsights_sitenote_category":0,"ngg_post_thumbnail":0,"footnotes":""},"categories":[14,122],"tags":[],"class_list":["post-57177","post","type-post","status-publish","format-standard","hentry","category-a-regi-kafebol","category-interju"],"_links":{"self":[{"href":"https:\/\/ujkafe.website\/index.php?rest_route=\/wp\/v2\/posts\/57177","targetHints":{"allow":["GET"]}}],"collection":[{"href":"https:\/\/ujkafe.website\/index.php?rest_route=\/wp\/v2\/posts"}],"about":[{"href":"https:\/\/ujkafe.website\/index.php?rest_route=\/wp\/v2\/types\/post"}],"author":[{"embeddable":true,"href":"https:\/\/ujkafe.website\/index.php?rest_route=\/wp\/v2\/users\/3"}],"replies":[{"embeddable":true,"href":"https:\/\/ujkafe.website\/index.php?rest_route=%2Fwp%2Fv2%2Fcomments&post=57177"}],"version-history":[{"count":0,"href":"https:\/\/ujkafe.website\/index.php?rest_route=\/wp\/v2\/posts\/57177\/revisions"}],"wp:attachment":[{"href":"https:\/\/ujkafe.website\/index.php?rest_route=%2Fwp%2Fv2%2Fmedia&parent=57177"}],"wp:term":[{"taxonomy":"category","embeddable":true,"href":"https:\/\/ujkafe.website\/index.php?rest_route=%2Fwp%2Fv2%2Fcategories&post=57177"},{"taxonomy":"post_tag","embeddable":true,"href":"https:\/\/ujkafe.website\/index.php?rest_route=%2Fwp%2Fv2%2Ftags&post=57177"}],"curies":[{"name":"wp","href":"https:\/\/api.w.org\/{rel}","templated":true}]}}