
{"id":57783,"date":"2017-01-08T16:34:58","date_gmt":"2017-01-08T16:34:58","guid":{"rendered":"https:\/\/ujkafe.website\/?p=57783"},"modified":"2017-01-08T16:34:58","modified_gmt":"2017-01-08T16:34:58","slug":"egy-kis-kafe-tortenelem-9","status":"publish","type":"post","link":"https:\/\/ujkafe.website\/?p=57783","title":{"rendered":"Egy kis K\u00e1f\u00e9-t\u00f6rt\u00e9nelem (9)"},"content":{"rendered":"<h2><strong>A TIFUSZ megk\u00e9rdezte&#8230; Koml\u00f3s Attil\u00e1t<\/strong><\/h2>\n<p><em>1. \u00d6n\u00f6k konferenci\u00e1t szerveznek Szatm\u00e1rn\u00e9metiben*, olyat, melynek f\u0151 t\u00e9m\u00e1ja: \u201eAz internetes magyar\u2013magyar kapcsolattart\u00e1s&#8221;. K\u00e9rem, mutassa be r\u00f6viden a k\u00e9sz\u00fcl\u0151 konferenci\u00e1t!<\/em><\/p>\n<p>\u2013 T\u00e1rsas\u00e1gunk egyik fontos feladata a Magyarorsz\u00e1g hat\u00e1rain t\u00fal \u00e9l\u0151 magyar kultur\u00e1lis egyes\u00fcletekkel, szervezetekkel, k\u00f6nyvt\u00e1rakkal, iskol\u00e1kkal, szerkeszt\u0151s\u00e9gekkel, k\u00f6nyvkiad\u00f3kkal t\u00f6rt\u00e9n\u0151 kapcsolattart\u00e1s azzal a c\u00e9llal, hogy ily m\u00f3don is hozz\u00e1j\u00e1ruljunk a magyar anyanyelv \u00e1pol\u00e1s\u00e1nak, fejleszt\u00e9s\u00e9nek \u00fcgy\u00e9hez \u00e9s nem utols\u00f3 sorban a magyar nemzeti \u00f6nazonoss\u00e1gnak a fenntart\u00e1s\u00e1hoz.<!--more--> E t\u00e9ren tev\u00e9kenys\u00e9g\u00fcnk h\u00e1rom \u00e9vtizede sor\u00e1n nagyon sok tapasztalat halmoz\u00f3dott fel, sok eredm\u00e9nyt el\u00e9rt\u00fcnk \u00e9s sok esetben l\u00e1ttuk tev\u00e9kenys\u00e9g\u00fcnk szubjekt\u00edv \u00e9s objekt\u00edv korl\u00e1tait is.Az egyik objekt\u00edv korl\u00e1t volt legal\u00e1bb is eddig: a neh\u00e9zkes inform\u00e1ci\u00f3csere, amit nem kell ecsetelni a K\u00e1rp\u00e1t-medence orsz\u00e1gaiban \u00e9l\u0151 embereknek. A k\u00f6zleked\u00e9s, a postai levelez\u00e9s, a &#8222;csigaposta&#8221; nagyon lass\u00fanak bizonyul az egy\u00e9bk\u00e9nt igencsak felgyorsult \u00e9lettemp\u00f3nk kommunik\u00e1ci\u00f3s ig\u00e9nyeihez k\u00e9pest. Ez\u00e9rt azt\u00e1n az internetes kapcsolattart\u00e1sra terel\u0151d\u00f6tt a figyelm\u00fcnk. Ez\u00e9rt lett a tan\u00e1cskoz\u00e1s f\u0151t\u00e9m\u00e1ja: &#8222;Az internetes magyar\u2013magyar kultur\u00e1lis kapcsolattart\u00e1s&#8221;. A tan\u00e1cskoz\u00e1son a d\u00e9lel\u0151tt folyam\u00e1n el\u0151ad\u00e1sok keret\u00e9ben k\u00f6rvonalazn\u00e1nk az internetes magyar\u2013magyar kultur\u00e1lis kapcsolattart\u00e1s f\u0151bb jelens\u00e9geit, majd d\u00e9lut\u00e1n ny\u00edlt eszmecsere keret\u00e9ben tekinten\u00e9nk \u00e1t tapasztalatainkat. Tudom\u00e1som szerint a maga nem\u00e9ben ez lesz az els\u0151 ilyen jelleg\u0171 tal\u00e1lkoz\u00e1s\/tan\u00e1cskoz\u00e1s a magyar\u2013magyar internetes korszakban.<\/p>\n<p><em>2. Mi\u00e9rt olyan fontos az internetes magyar\u2013magyar kapcsolattart\u00e1s?<\/em><\/p>\n<p>\u2013 Az inform\u00e1ci\u00f3s technika robban\u00e1sszer\u0171 fejl\u0151d\u00e9s\u00e9vel, jeles\u00fcl az internet megjelen\u00e9s\u00e9vel \u00e9s fut\u00f3t\u0171zszer\u0171 terjed\u00e9s\u00e9vel olyan eszk\u00f6zrendszer fejl\u0151d\u00f6tt ki, amely a mi hat\u00e1rokat \u00e1t\u00edvel\u0151 kultur\u00e1lis kapcsolattart\u00e1sunkat gy\u00f6kereiben megv\u00e1ltoztathatja: felgyors\u00edthatja, intenz\u00edvebb\u00e9 teheti, \u00f6sszess\u00e9g\u00e9ben mer\u0151ben \u00faj t\u00e1vlatokat nyithat. Minderre \u2013 szervezetileg \u2013 ma m\u00e9g alig vagyunk felk\u00e9sz\u00fclve. Sz\u00e1mos olyan kezdem\u00e9nyez\u00e9st l\u00e1tunk azonban, amelyek arra utalnak, hogy ez az \u00faj eszk\u00f6zrendszer k\u00fcl\u00f6nb\u00f6z\u0151 magyar k\u00f6z\u00f6ss\u00e9gekben vagy ak\u00e1r egyes emberek eset\u00e9ben is hihetetlen gazdag energi\u00e1kat k\u00e9pes f\u00f6lszabad\u00edtani. \u00cdgy van ez a vil\u00e1g b\u00e1rmely t\u00e1j\u00e9k\u00e1n \u00e9l\u0151 magyarok \u00e9s k\u00f6z\u00f6ss\u00e9geik k\u00f6r\u00e9ben. El\u00e9g csak elindulni egy internetes magyar honlapon, a v\u00e1ltozatoss\u00e1g sz\u00ednes t\u00e1rh\u00e1za bontakozik ki el\u0151tt\u00fcnk. Van \u00fagy, hogy \u00f3r\u00e1kig bolyongok ezeken a honlapokon Ausztr\u00e1li\u00e1t\u00f3l Amerik\u00e1n \u00e1t a nyugati sz\u00f3rv\u00e1nyban \u00e9l\u0151 magyarok k\u00f6r\u00e9ben, el eg\u00e9szen a K\u00e1rp\u00e1t-medenc\u00e9ben \u00e9l\u0151 internetes sorst\u00e1rsaink\/kort\u00e1rsaink k\u00f6r\u00e9ig. Csod\u00e1latos az a (val\u00f3s\u00e1gos) vil\u00e1g ami e m\u00f6g\u00f6tt a virtu\u00e1lis vil\u00e1g m\u00f6g\u00f6tt felsejlik. Azt is mondhatn\u00e1m, hogy az internetet nek\u00fcnk, sz\u00e9tsz\u00f3rts\u00e1gban \u00e9l\u0151 magyaroknak tal\u00e1lt\u00e1k ki. De h\u00e1t \u00edgy van ezzel minden n\u00e9p, akiknek a t\u00f6rt\u00e9nelem hasonl\u00f3 sorsot adott. \u00cdgy h\u00e1t szeretn\u00e9nk ennek az \u00faj korszaknak a hajnal\u00e1n \u00e1ttekinteni k\u00fcl\u00f6nb\u00f6z\u0151 orsz\u00e1gokban, f\u00f6ldr\u00e9szeken megsz\u00fcletett kezdem\u00e9nyez\u00e9seket a magyar\u2013magyar kapcsolattart\u00e1s ter\u00e9n. Ez\u00e9rt szervez\u00fcnk minderr\u0151l tan\u00e1cskoz\u00e1st.<\/p>\n<p><em>3. Ki vehet r\u00e9szt a konferenci\u00e1n, hol tartj\u00e1k, mikor?<\/em><\/p>\n<p>\u2013 Mivel kezdeti l\u00e9p\u00e9sekr\u0151l van sz\u00f3, azokat h\u00edvtuk erre a tan\u00e1cskoz\u00e1sra, akik maguk is magyar k\u00f6z\u00f6ss\u00e9gi honlapokat, port\u00e1lokat szerkesztenek, \u00fczemeltetnek Magyarorsz\u00e1g hat\u00e1rain k\u00edv\u00fcl. Neh\u00e9z volt a v\u00e1logat\u00e1s, hiszen a magyar nyelv\u0171 honlapok sz\u00e1ma szerencs\u00e9re igen nagy. Ez\u00e9rt azt\u00e1n az volt a v\u00e1logat\u00e1s szempontja, hogy ebben az els\u0151 k\u00f6rben \u2013 ha ez siker\u00fcl, tov\u00e1bbi tal\u00e1lkoz\u00f3kat is szeretn\u00e9nk rendezni \u2013 f\u0151k\u00e9nt az \u00e1ltal\u00e1nos kultur\u00e1lis honlapok vezet\u0151it h\u00edvjuk egybe szakmai eszmecser\u00e9re. Ezeket a honlapokat magunk b\u00f6ng\u00e9szt\u00fck ki a nagy v\u00e1laszt\u00e9kb\u00f3l, k\u00fcldt\u00fcnk nekik megh\u00edv\u00f3t a honlapokon tal\u00e1lhat\u00f3 el\u00e9rhet\u0151s\u00e9geik alapj\u00e1n. Id\u0151pont: 2001. okt\u00f3ber 30., kedd, 9.00-18.00 \u00f3ra k\u00f6z\u00f6tt.. Helysz\u00edn: Szatm\u00e1rn\u00e9meti, Scheffler J\u00e1nos Lelkip\u00e1sztori K\u00f6zpont.<\/p>\n<p><em>4. Mutassa be, k\u00e9rem, a T\u00e1rsas\u00e1got, mely a konferenci\u00e1t tartja!<\/em><\/p>\n<p>\u2013 A Magyar Nyelv \u00e9s Kult\u00fara Nemzetk\u00f6zi T\u00e1rsas\u00e1g\u00e1t (akkori nev\u00e9n: Anyanyelvi Konferenci\u00e1t) 1970-ben hozta l\u00e9tre Kod\u00e1ly Zolt\u00e1n, B\u00e1rczi G\u00e9za nyelv\u00e9sz profeszor Illy\u00e9s Gyula \u00e9s m\u00e9g sok magyar \u00e9rtelmis\u00e9gi m\u00e1r j\u00f3val kor\u00e1bban elindult kezdem\u00e9nyez\u00e9s\u00e9re. C\u00e9lunk a Magyarorsz\u00e1g hat\u00e1rain k\u00edv\u00fcl \u00e9l\u0151 magyars\u00e1g seg\u00edt\u00e9se anyanyelvi \u00e9s kultur\u00e1lis \u00f6nazonoss\u00e1ga megtart\u00e1s\u00e1ban, \u00e1pol\u00e1s\u00e1ban \u00e9s fejl\u0151d\u00e9s\u00e9ben. Szakmai tan\u00e1cskoz\u00e1sokat szervez\u00fcnk pedag\u00f3gusoknak, k\u00f6nyvkiad\u00f3knak, lapkiad\u00f3knak \u00e9s -szerkeszt\u0151knek, illetve az \u0151 saj\u00e1t programjaikhoz ny\u00fajtunk szellemi, erk\u00f6lcsi \u00e9s anyagi t\u00e1mogat\u00e1st, anyanyelvi \u00e9s Magyarorsz\u00e1g-ismereti ny\u00e1ri t\u00e1borokat szervez\u00fcnk Magyarorsz\u00e1gon, hat\u00e1rainkon t\u00fali magyar gyerekeknek, k\u00f6z\u00e9piskol\u00e1s fiataloknak; k\u00f6nyveket adunk ki \u00e9s megjelentet\u00fcnk egy k\u00e9thavi foly\u00f3iratot: Nyelv\u00fcnk \u00e9s Kult\u00far\u00e1nk c\u00edmmel. \u00c9s \u00e1ltal\u00e1ban sokat vagyunk jelen szem\u00e9lyesen is k\u00fcl\u00f6nb\u00f6z\u0151 rendezv\u00e9nyeken, mert m\u00e9g ebben az elektronikus vil\u00e1gban is elengedhetetlen\u00fcl fontosnak tartjuk a szem\u00e9lyes tal\u00e1lkoz\u00e1st az emberekkel.<\/p>\n<p><em>5. Ha m\u00e1r az internet \u00e1ll a k\u00f6z\u00e9ppontban, mi\u00e9rt nem a vil\u00e1gh\u00e1l\u00f3n tartj\u00e1k a konferenci\u00e1t?<\/em><\/p>\n<p>\u2013 A konferencia az\u00e9rt nem az interneten zajlik, mert \u00e9ppen hogy annak l\u00e1tjuk sz\u00fcks\u00e9gess\u00e9g\u00e9t, hogy egyszerre legy\u00fcnk egy helyen szem\u00e9lyesen, azaz &#8222;offline&#8221;, ahogy a szakzsargonban (angolul) mondjuk. Sajnos, az Interneten, &#8222;online&#8221; \u00e1llapotban m\u00e9g nem tudjuk \u2013 tal\u00e1n soha nem is fogjuk \u2013 helyettes\u00edteni ezt a nagyszer\u0171 \u00e1llapotot: m\u00e1sok szem\u00e9lyes t\u00e1rsas\u00e1g\u00e1nak, a legk\u00f6zvetlenebb eszmecser\u00e9nek a lehet\u0151s\u00e9g\u00e9t. Az Internet arra j\u00f3, amire j\u00f3: a gyors, pontos inform\u00e1ci\u00f3cser\u00e9re, r\u00f6vid (list\u00e1s) eszmecser\u00e9kre. Az offline \u00e1llapot ezek felett van. \u00c9s bens\u0151s\u00e9gesebb, emberibb. Mert h\u00e1t emberek vagyunk \u00e9s nem g\u00e9pek. A g\u00e9pet haszn\u00e1ljuk. S nem a g\u00e9p (internet) haszn\u00e1l minket.<\/p>\n<p><em>6. Mikor fogj\u00e1k sikeresnek tartani?<\/em><\/p>\n<p>\u2013 A konferencia m\u00e1r akkor sikeres lesz, ha n\u00e9h\u00e1nyan (m\u00e1r eddig: t\u00f6bb tucatnyian jelentkeztek vissza, tegyem mindj\u00e1rt hozz\u00e1: nagy \u00f6r\u00f6mmel az offline lehet\u0151s\u00e9g miatt), ha megtessz\u00fck az els\u0151 l\u00e9p\u00e9st, s a tan\u00e1cskoz\u00f3teremben megismerhetj\u00fck egym\u00e1st. Tal\u00e1lkozhatunk, akik eddig &#8222;csak&#8221; a k\u00e9perny\u0151 el\u0151tt nyomkodtuk a billenty\u0171ket, mik\u00e9nt azt most \u00e9n is teszem, az \u00e1ltalam nagyra becs\u00fclt Gergely Tam\u00e1snak \u00edrva e sorokat, akit soha \u00e9letemben nem l\u00e1ttam, hangj\u00e1t nem hallottam, csak annyit tudok r\u00f3la, hogy j\u00f3 dolgokat csin\u00e1l, olvastam t\u00f6bb interj\u00faj\u00e1t \u00e9s most \u00e9ppen Stockholmban \u00fcl, v\u00e1rva v\u00e1laszaimat, mert a bukaresti Rom\u00e1niai Magyar Sz\u00f3nak k\u00e9sz\u00edti ezt az interj\u00fat&#8230; Nem \u00e9rdekes mindez? T\u00f6bb mint \u00e9rdekes: tettekre h\u00edv, cselekv\u00e9sre k\u00e9sztet. H\u00e1t ez\u00e9rt megy\u00fcnk Szatm\u00e1rn\u00e9metibe.<\/p>\n<p><strong>*Az esem\u00e9nyre 2001 okt\u00f3ber\u00e9ben ker\u00fclt sor. (A tan\u00e1cskoz\u00e1son, t\u00f6bbek mellett felsz\u00f3lalt n\u00e9hai Debreczeni \u00c9va is, a K\u00e1f\u00e9 k\u00e9s\u0151bbi munkat\u00e1rsa, aki akkor a szatm\u00e1ri napilap internetes v\u00e1ltozat\u00e1t szerkesztette.) Az interj\u00fa term\u00e9szetesen napvil\u00e1got l\u00e1tott az RMSZ-ben, de a Tifusz anyagait is szaporitotta a K\u00e1f\u00e9n.<\/strong><\/p>\n","protected":false},"excerpt":{"rendered":"<p>A TIFUSZ megk\u00e9rdezte&#8230; Koml\u00f3s Attil\u00e1t 1. \u00d6n\u00f6k konferenci\u00e1t szerveznek Szatm\u00e1rn\u00e9metiben*, olyat, melynek f\u0151 t\u00e9m\u00e1ja: \u201eAz internetes magyar\u2013magyar kapcsolattart\u00e1s&#8221;. K\u00e9rem, mutassa be r\u00f6viden a k\u00e9sz\u00fcl\u0151 konferenci\u00e1t! \u2013 T\u00e1rsas\u00e1gunk egyik fontos feladata a Magyarorsz\u00e1g hat\u00e1rain t\u00fal \u00e9l\u0151 magyar kultur\u00e1lis egyes\u00fcletekkel, szervezetekkel, k\u00f6nyvt\u00e1rakkal, iskol\u00e1kkal, szerkeszt\u0151s\u00e9gekkel, k\u00f6nyvkiad\u00f3kkal t\u00f6rt\u00e9n\u0151 kapcsolattart\u00e1s azzal a c\u00e9llal, hogy ily m\u00f3don is hozz\u00e1j\u00e1ruljunk a magyar [&hellip;]<\/p>\n","protected":false},"author":3,"featured_media":0,"comment_status":"open","ping_status":"open","sticky":false,"template":"","format":"standard","meta":{"_monsterinsights_skip_tracking":false,"_monsterinsights_sitenote_active":false,"_monsterinsights_sitenote_note":"","_monsterinsights_sitenote_category":0,"ngg_post_thumbnail":0,"footnotes":""},"categories":[14,122],"tags":[],"class_list":["post-57783","post","type-post","status-publish","format-standard","hentry","category-a-regi-kafebol","category-interju"],"_links":{"self":[{"href":"https:\/\/ujkafe.website\/index.php?rest_route=\/wp\/v2\/posts\/57783","targetHints":{"allow":["GET"]}}],"collection":[{"href":"https:\/\/ujkafe.website\/index.php?rest_route=\/wp\/v2\/posts"}],"about":[{"href":"https:\/\/ujkafe.website\/index.php?rest_route=\/wp\/v2\/types\/post"}],"author":[{"embeddable":true,"href":"https:\/\/ujkafe.website\/index.php?rest_route=\/wp\/v2\/users\/3"}],"replies":[{"embeddable":true,"href":"https:\/\/ujkafe.website\/index.php?rest_route=%2Fwp%2Fv2%2Fcomments&post=57783"}],"version-history":[{"count":0,"href":"https:\/\/ujkafe.website\/index.php?rest_route=\/wp\/v2\/posts\/57783\/revisions"}],"wp:attachment":[{"href":"https:\/\/ujkafe.website\/index.php?rest_route=%2Fwp%2Fv2%2Fmedia&parent=57783"}],"wp:term":[{"taxonomy":"category","embeddable":true,"href":"https:\/\/ujkafe.website\/index.php?rest_route=%2Fwp%2Fv2%2Fcategories&post=57783"},{"taxonomy":"post_tag","embeddable":true,"href":"https:\/\/ujkafe.website\/index.php?rest_route=%2Fwp%2Fv2%2Ftags&post=57783"}],"curies":[{"name":"wp","href":"https:\/\/api.w.org\/{rel}","templated":true}]}}