
{"id":58171,"date":"2017-01-19T06:32:43","date_gmt":"2017-01-19T06:32:43","guid":{"rendered":"https:\/\/ujkafe.website\/?p=58171"},"modified":"2017-01-19T06:32:44","modified_gmt":"2017-01-19T06:32:44","slug":"antoine-de-saint-exupery-citadella-breviarium-77","status":"publish","type":"post","link":"https:\/\/ujkafe.website\/?p=58171","title":{"rendered":"Antoine de Saint Exup\u00e9ry: Citadella-brevi\u00e1rium (77)"},"content":{"rendered":"<p>Amikor meg\u00e9rkeztem a kertbe, amely sz\u00e1momra illatok haz\u00e1ja, letelepszem egy padra. \u00c9s figyelek. Vannak levelek, amelyeket elsodor a sz\u00e9l, \u00e9s vir\u00e1gok, amelyek elhervadnak. \u00c9rzem, hogy minden elm\u00falik \u00e9s \u00fajra megsz\u00fcletik. Nem b\u00faslakodom miatta. \u00c9ber figyelem vagyok, mintha ny\u00edlt tengeren haj\u00f3zn\u00e9k. Nem t\u00fcrelem, mert nem c\u00e9lr\u00f3l van sz\u00f3, hiszen az \u00f6r\u00f6m a halad\u00e1sb\u00f3l sz\u00e1rmazik. Kertem \u00e9s j\u00f3magam vir\u00e1gokt\u00f3l gy\u00fcm\u00f6lcs\u00f6k fel\u00e9 haj\u00f3zunk. De azt\u00e1n a gy\u00fcm\u00f6lcs\u00f6k\u00f6n t\u00fal a magvak fel\u00e9. \u00c9s a magvakon t\u00fal a j\u00f6v\u0151 \u00e9vi vir\u00e1gok fel\u00e9. \u00c9s nem csatlakozom soha a t\u00e1rgyakban. Mindig csak valami kultusznak a t\u00e1rgyai. \u00c9n a szertart\u00e1s eszk\u00f6zeiig hatolok, \u00e9s \u00fagy tal\u00e1lom, im\u00e1ds\u00e1gsz\u00edn\u00fck van. De akik nem vesznek tudom\u00e1st az id\u0151r\u0151l, bele\u00fctk\u00f6znek. M\u00e9g a gyermek is t\u00e1rggy\u00e1 lesz sz\u00e1mukra, s nem \u00e9rtik meg a maga t\u00f6k\u00e9letess\u00e9g\u00e9ben&#8230;<\/p>\n<p><em>(Folytatjuk)<\/em><\/p>\n","protected":false},"excerpt":{"rendered":"<p>Amikor meg\u00e9rkeztem a kertbe, amely sz\u00e1momra illatok haz\u00e1ja, letelepszem egy padra. \u00c9s figyelek. Vannak levelek, amelyeket elsodor a sz\u00e9l, \u00e9s vir\u00e1gok, amelyek elhervadnak. \u00c9rzem, hogy minden elm\u00falik \u00e9s \u00fajra megsz\u00fcletik. Nem b\u00faslakodom miatta. \u00c9ber figyelem vagyok, mintha ny\u00edlt tengeren haj\u00f3zn\u00e9k. Nem t\u00fcrelem, mert nem c\u00e9lr\u00f3l van sz\u00f3, hiszen az \u00f6r\u00f6m a halad\u00e1sb\u00f3l sz\u00e1rmazik. Kertem \u00e9s [&hellip;]<\/p>\n","protected":false},"author":3,"featured_media":0,"comment_status":"open","ping_status":"open","sticky":false,"template":"","format":"standard","meta":{"_monsterinsights_skip_tracking":false,"_monsterinsights_sitenote_active":false,"_monsterinsights_sitenote_note":"","_monsterinsights_sitenote_category":0,"ngg_post_thumbnail":0,"footnotes":""},"categories":[16],"tags":[],"class_list":["post-58171","post","type-post","status-publish","format-standard","hentry","category-bongeszde"],"_links":{"self":[{"href":"https:\/\/ujkafe.website\/index.php?rest_route=\/wp\/v2\/posts\/58171","targetHints":{"allow":["GET"]}}],"collection":[{"href":"https:\/\/ujkafe.website\/index.php?rest_route=\/wp\/v2\/posts"}],"about":[{"href":"https:\/\/ujkafe.website\/index.php?rest_route=\/wp\/v2\/types\/post"}],"author":[{"embeddable":true,"href":"https:\/\/ujkafe.website\/index.php?rest_route=\/wp\/v2\/users\/3"}],"replies":[{"embeddable":true,"href":"https:\/\/ujkafe.website\/index.php?rest_route=%2Fwp%2Fv2%2Fcomments&post=58171"}],"version-history":[{"count":0,"href":"https:\/\/ujkafe.website\/index.php?rest_route=\/wp\/v2\/posts\/58171\/revisions"}],"wp:attachment":[{"href":"https:\/\/ujkafe.website\/index.php?rest_route=%2Fwp%2Fv2%2Fmedia&parent=58171"}],"wp:term":[{"taxonomy":"category","embeddable":true,"href":"https:\/\/ujkafe.website\/index.php?rest_route=%2Fwp%2Fv2%2Fcategories&post=58171"},{"taxonomy":"post_tag","embeddable":true,"href":"https:\/\/ujkafe.website\/index.php?rest_route=%2Fwp%2Fv2%2Ftags&post=58171"}],"curies":[{"name":"wp","href":"https:\/\/api.w.org\/{rel}","templated":true}]}}