
{"id":58441,"date":"2017-01-27T06:53:33","date_gmt":"2017-01-27T06:53:33","guid":{"rendered":"https:\/\/ujkafe.website\/?p=58441"},"modified":"2017-01-27T06:53:33","modified_gmt":"2017-01-27T06:53:33","slug":"agoston-hugo-a-parlamentben-konyvkaland","status":"publish","type":"post","link":"https:\/\/ujkafe.website\/?p=58441","title":{"rendered":"\u00c1goston Hug\u00f3: A Parlamentben &#8211; K\u00f6nyvkaland"},"content":{"rendered":"<p><strong>A Parlamentben<\/strong><\/p>\n<p>Ideje elmondanom: a K\u00e9pvisel\u0151h\u00e1zba igyekeztem, vagyis a parlament als\u00f3h\u00e1z\u00e1ba, amely Bukarest legmagasabban fekv\u0151 pontj\u00e1n, az \u00e9rseks\u00e9g melletti \u00e9p\u00fcletben \u00fcl\u00e9sezik. Szavaz\u00e1sra mentem (tudj\u00e1k a viccet a giliszt\u00e1val, amelyik b\u00fcszke, hogy hal\u00e1szni viszik). Az RMDSZ, nem el\u0151sz\u00f6r, jel\u00f6lt az orsz\u00e1gos Audiovizu\u00e1lis Tan\u00e1csba, kock\u00e1ztatva, hogy ha beker\u00fcl\u00f6k, meg kell v\u00e1lnia t\u0151lem. Illetve nem kock\u00e1ztatva, hiszen es\u00e9lyem: \u00fagysz\u00f3lv\u00e1n semmi.<!--more--> De h\u00e1t a publicista k\u00edv\u00e1ncsi fajta, gondoltam, k\u00f6r\u00fcln\u00e9zek. Meg azt\u00e1n a frakci\u00f3 tagjai k\u00f6z\u00fcl sokan r\u00e9gi j\u00f3 ismer\u0151seim, n\u00e9h\u00e1nyuk lapunknak szerz\u0151je. \u00c9n honatyai igyekezet\u00fcket becs\u00fcl\u00f6m, k\u00fcl\u00f6nben is, Don Quijote az egyik kedvenc h\u0151s\u00f6m. (Sorrendben k\u00f6vetkeznek: Szisz\u00fcphosz \u00e9s Tantalosz.)<br \/>\nBepillant\u00e1st nyerhettem teh\u00e1t a hazai t\u00f6rv\u00e9nyhoz\u00e1s rejtelmeibe. Ha nem lett volna a sok bekiab\u00e1l\u00e1s, a felemelt kezek sz\u00e1mol\u00e1sa (milyen az ember, sz\u00e1moltam \u00e9n is \u00f6nk\u00e9ntelen\u00fcl, de mindig m\u00e1smennyi j\u00f6tt ki, mint a padsorok k\u00f6zt araszol\u00f3 titk\u00e1roknak), sz\u00f3val azt mondhatn\u00e1m, hogy rendk\u00edv\u00fcl olajozottan ment minden. Nem akarok parlamenti tud\u00f3s\u00edt\u00e1st \u00edrni, csak a v\u00e9geredm\u00e9nyt k\u00f6zl\u00f6m: a szavaz\u00f3henger percek alatt v\u00e9gigg\u00f6rd\u00fclt legal\u00e1bb h\u00e1rom nagy fontoss\u00e1g\u00fa t\u00f6rv\u00e9nyen.<br \/>\nEz a k\u00e9p azonban sz\u00f3ljon egyik jel\u00f6lt-ellenfelemr\u0151l, aki velem \u00e9s m\u00e1sokkal egy\u00fctt az elk\u00fcl\u00f6n\u00edt\u0151ben \u00fclt (tudj\u00e1k, a sz\u00f3sz\u00e9kt\u0151l ott balra lent): neves el\u0151ad\u00f3m\u0171v\u00e9sz, ha j\u00f3l eml\u00e9kszem, \u00f6nn\u00f6n git\u00e1rk\u00eds\u00e9ret\u00e9ben f\u0151leg t\u00f6rt\u00e9nelmi t\u00e9m\u00e1kr\u00f3l szokott parlando \u00e9nekelni, fejhangon, ritmust\u00f6r\u00e9sekkel \u00e9s a csukl\u00e1s m\u0171v\u00e9szi eszk\u00f6z\u00e9vel gyakran \u00e9lve. Nos, zajlott m\u00e1r sorsunkr\u00f3l a szavaz\u00e1s, amikor is az egyik k\u00e9pvisel\u0151 hozz\u00e1l\u00e9pett, v\u00e1ll\u00e1ra tette a kez\u00e9t, \u00e9s &#8211; esk\u00fcsz\u00f6m &#8211; azt mondta a hist\u00f3ri\u00e1s \u00e9nekek mester\u00e9nek: \u201eMester, mi most megszavazzuk, de ugye fog nek\u00fcnk \u00e9nekelni?\u201d<br \/>\nAz Audiovizu\u00e1lis Tan\u00e1cs egyfel\u0151l m\u0171szaki, gazdas\u00e1gi \u00e9s m\u00e1s krit\u00e9riumok alapj\u00e1n m\u0171k\u00f6d\u00e9si jogos\u00edtv\u00e1nyokat utal ki, frekvenci\u00e1kat oszt a r\u00e1di\u00f3- \u00e9s t\u00e9v\u00e9\u00e1llom\u00e1soknak, m\u00e1sfel\u0151l fel\u00fcgyeli, hogy azok szab\u00e1lyosan m\u0171k\u00f6djenek \u00e9s politikailag ne legyenek r\u00e9szrehajl\u00f3ak. Este az \u00e1llami t\u00e9v\u00e9ben hallom, hogy az els\u0151 szavaz\u00e1s nyom\u00e1n a l\u00edrai m\u0171v\u00e9sz \u201ebeker\u00fclt\u201d. Hogy \u00e9n nem, az nem lep meg. (Sosem voltam a hatalmi p\u00e1rt kegyeltje.) Bossz\u00fas vagyok m\u00e9gis, mert a nevemet hib\u00e1san mondt\u00e1k be.<br \/>\n\u00c9nekeljen nekik, koll\u00e9ga!<\/p>\n<p><strong>K\u00f6nyvkaland<\/strong><\/p>\n<p>Az \u00e9lvezetet nem szabad t\u00falz\u00e1sba vinni. Ruganyos l\u00e9ptekkel sz\u00e1llok al\u00e1 a parlamenti dombr\u00f3l. C\u00e9lom pontos: Alain Boutot k\u00f6nyv\u00e9t keresem. A form\u00e1k feltal\u00e1l\u00e1sa, teh\u00e1t a morfogen\u00e9zisr\u0151l sz\u00f3l &#8211; k\u00e1osz, frakt\u00e1lok, disszipat\u00edv strukt\u00far\u00e1k, miegym\u00e1s, sz\u00f3val ilyen modern tudom\u00e1nyos dolgok, a Nemira (nem is olvasa?) kiad\u00e1s\u00e1ban.<br \/>\nAz Eminescu \u00e1llami k\u00f6nyvesbolt t\u00edzkor nyit, hatkor z\u00e1r: egyt\u0151l h\u00e1romig sz\u00fcnet. F\u00e9l h\u00e1romkor \u00e9rek oda, de amit m\u00e1shol hi\u00e1ba kerestem: a kirakatban ott a k\u00f6nyv. Mi minden belef\u00e9r egy f\u00e9l\u00f3r\u00e1ba! Lehet venni f\u00fcst\u00f6lt halat, (magyar) torm\u00e1t (tubusban), kenyeret \u00e9s az aszfalt- \u00e9s agyl\u00e1gy\u00edt\u00f3 melegben sok-sok \u00e1jszkr\u00edmet. (S ha Kr\u00edm, akkor orosz rulett: az egyik helyen a fagylalt biztosan szalmonell\u00e1s.)<br \/>\nH\u00e1rom \u00f3ra \u00f6tkor beengednek, \u00e9s ez a k\u00e9p nagyon \u00e9les, mert k\u00f6nyvesboltban eddig sohasem kiab\u00e1ltam. A tudom\u00e1nyos k\u00f6nyvek r\u00e9szleg\u00e9n kider\u00fcl, hogy Boutot az irodalmi r\u00e9szlegen van, mert a Nemira ott b\u00e9relt polcot, pultot \u00e9s elad\u00f3n\u0151t. \u00c1m a k\u00f6nyv ott sincs, legal\u00e1bbis ezt mondja a nagy \u0150, a k\u00f6v\u00e9r el\u00e1rus\u00edt\u00f3n\u0151. Mondom, van, ott a kirakatban. Tov\u00e1bb legyen p\u00e1rbesz\u00e9d: &#8211; \u00c1, az csak egy, az csak egy rekl\u00e1m. &#8211; Ha egyet kaptak, m\u00e9r nem kapnak t\u00f6bbet? &#8211; Mert. &#8211; \u00c9s mi\u00e9rt rekl\u00e1mozz\u00e1k, ha nincs? &#8211; Mert lesz. &#8211; Mi lesz? &#8211; H\u00e1t a Boutot &#8211; mondja \u0151 meglep\u0151en j\u00f3 kiejt\u00e9ssel.<br \/>\nAkkor kit\u00f6r\u00f6k, mint egy fog. Piacgazdas\u00e1gr\u00f3l, a v\u00e1s\u00e1rl\u00f3 megbecs\u00fcl\u00e9s\u00e9r\u0151l, az id\u0151 \u00e9rt\u00e9k\u00e9r\u0151l, a k\u00f6nyv szents\u00e9g\u00e9r\u0151l \u00e9s hasonl\u00f3kr\u00f3l ordib\u00e1lok egy darabig. Egy tereb\u00e9lyes \u00e9s m\u00e9gis karikal\u00e1b\u00fa \u00fariember egyet\u00e9rt\u0151en t\u00f6rli arc\u00e1r\u00f3l az izzadts\u00e1got. Filippik\u00e1m z\u00e1r\u00f3akkordjak\u00e9nt azt mondom az id\u0151k\u00f6zben szeppentt\u00e9 v\u00e1lt el\u00e1rus\u00edt\u00f3n\u0151nek: &#8211; Tudja ki maga? Maga egy Boutot! \u00c9s b\u00fcszk\u00e9n, hogy nem \u00e9rti, kivonulok.<br \/>\nAhogy magamat ismerem, holnaput\u00e1n ism\u00e9t ben\u00e9zek. De bossz\u00fam sz\u00edv\u00f3san \u00e9rlel\u0151dik &#8211; vir\u00e1got az\u00e9rt sem viszek.!<strong> (1996. j\u00falius 5 \/ A H\u00e9t)<\/strong><\/p>\n<p><em>Forr\u00e1s: Bukaresti \u00e9let, k\u00e9pek. Scripta Kiad\u00f3, 2001<\/em><\/p>\n<p>A sorozat eddigi darabjai:<\/p>\n<p><a href=\"https:\/\/ujkafe.website\/?p=58407\">Fekete bet\u0171kkel<\/a><\/p>\n","protected":false},"excerpt":{"rendered":"<p>A Parlamentben Ideje elmondanom: a K\u00e9pvisel\u0151h\u00e1zba igyekeztem, vagyis a parlament als\u00f3h\u00e1z\u00e1ba, amely Bukarest legmagasabban fekv\u0151 pontj\u00e1n, az \u00e9rseks\u00e9g melletti \u00e9p\u00fcletben \u00fcl\u00e9sezik. Szavaz\u00e1sra mentem (tudj\u00e1k a viccet a giliszt\u00e1val, amelyik b\u00fcszke, hogy hal\u00e1szni viszik). Az RMDSZ, nem el\u0151sz\u00f6r, jel\u00f6lt az orsz\u00e1gos Audiovizu\u00e1lis Tan\u00e1csba, kock\u00e1ztatva, hogy ha beker\u00fcl\u00f6k, meg kell v\u00e1lnia t\u0151lem. Illetve nem kock\u00e1ztatva, hiszen es\u00e9lyem: [&hellip;]<\/p>\n","protected":false},"author":3,"featured_media":0,"comment_status":"open","ping_status":"open","sticky":false,"template":"","format":"standard","meta":{"_monsterinsights_skip_tracking":false,"_monsterinsights_sitenote_active":false,"_monsterinsights_sitenote_note":"","_monsterinsights_sitenote_category":0,"ngg_post_thumbnail":0,"footnotes":""},"categories":[120],"tags":[],"class_list":["post-58441","post","type-post","status-publish","format-standard","hentry","category-essze"],"_links":{"self":[{"href":"https:\/\/ujkafe.website\/index.php?rest_route=\/wp\/v2\/posts\/58441","targetHints":{"allow":["GET"]}}],"collection":[{"href":"https:\/\/ujkafe.website\/index.php?rest_route=\/wp\/v2\/posts"}],"about":[{"href":"https:\/\/ujkafe.website\/index.php?rest_route=\/wp\/v2\/types\/post"}],"author":[{"embeddable":true,"href":"https:\/\/ujkafe.website\/index.php?rest_route=\/wp\/v2\/users\/3"}],"replies":[{"embeddable":true,"href":"https:\/\/ujkafe.website\/index.php?rest_route=%2Fwp%2Fv2%2Fcomments&post=58441"}],"version-history":[{"count":0,"href":"https:\/\/ujkafe.website\/index.php?rest_route=\/wp\/v2\/posts\/58441\/revisions"}],"wp:attachment":[{"href":"https:\/\/ujkafe.website\/index.php?rest_route=%2Fwp%2Fv2%2Fmedia&parent=58441"}],"wp:term":[{"taxonomy":"category","embeddable":true,"href":"https:\/\/ujkafe.website\/index.php?rest_route=%2Fwp%2Fv2%2Fcategories&post=58441"},{"taxonomy":"post_tag","embeddable":true,"href":"https:\/\/ujkafe.website\/index.php?rest_route=%2Fwp%2Fv2%2Ftags&post=58441"}],"curies":[{"name":"wp","href":"https:\/\/api.w.org\/{rel}","templated":true}]}}