
{"id":5854,"date":"2010-11-10T08:03:41","date_gmt":"2010-11-10T08:03:41","guid":{"rendered":"https:\/\/ujkafe.website\/?p=5854"},"modified":"2010-11-11T14:19:54","modified_gmt":"2010-11-11T14:19:54","slug":"elozetes-olah-istvan-valogatott-verseihez","status":"publish","type":"post","link":"https:\/\/ujkafe.website\/?p=5854","title":{"rendered":"El\u0151zetes Ol\u00e1h Istv\u00e1n v\u00e1logatott verseihez"},"content":{"rendered":"<div id=\"attachment_5855\" style=\"width: 643px\" class=\"wp-caption alignnone\"><a href=\"https:\/\/ujkafe.website\/wp-content\/uploads\/2010\/11\/olah-ag.jpg\"><img loading=\"lazy\" decoding=\"async\" aria-describedby=\"caption-attachment-5855\" class=\"size-full wp-image-5855\" title=\"olah-ag\" src=\"https:\/\/ujkafe.website\/wp-content\/uploads\/2010\/11\/olah-ag.jpg\" alt=\"\" width=\"633\" height=\"439\" srcset=\"https:\/\/ujkafe.website\/wp-content\/uploads\/2010\/11\/olah-ag.jpg 904w, https:\/\/ujkafe.website\/wp-content\/uploads\/2010\/11\/olah-ag-300x208.jpg 300w\" sizes=\"auto, (max-width: 633px) 100vw, 633px\" \/><\/a><p id=\"caption-attachment-5855\" class=\"wp-caption-text\">Ol\u00e1h Istv\u00e1n: Korpusz<\/p><\/div>\n<p>Hamarosan a MEK-re ker\u00fcl a Sz\u00e9kelyudvarhelyen \u00e9l\u0151 Ol\u00e1h Istv\u00e1n digitaliz\u00e1lt versgy\u0171jtem\u00e9nye, A vir\u00e1gmindens\u00e9g f\u00e9nyk\u00e9pe. A szerz\u0151 fot\u00f3ival illusztr\u00e1lt k\u00f6tet tulajdonk\u00e9ppen Ol\u00e1h l\u00edrai \u00e9letm\u0171v\u00e9t \u00f6sszegzi, alul\u00edrott v\u00e1logat\u00e1s\u00e1ban. Jelen vannak benne a Forr\u00e1s-sorozatban megjelent p\u00e1lyakezd\u0151 k\u00f6tet (<em>\u00c1lom a csodal\u00fadr\u00f3<\/em>l, 1971)\u00a0egyes versei is, majd sorban valamennyi k\u00f6tete t\u00f6bb-kevesebb verssel k\u00e9pviselteti mag\u00e1t: <em>Gazd\u00e1tlan tenger <\/em>(1974), <em>K\u0151kert<\/em> (1977), <em>S\u00f6t\u00e9tkamra<\/em> (1980), <em>A m\u00e1sodik \u00e9szakon<\/em> (1983), <em>A vir\u00e1gmindens\u00e9g f\u00e9nyk\u00e9pe<\/em> (1999).<\/p>\n<p><!--more--><\/p>\n<p>A k\u00f6tet v\u00e9g\u00e9n, <em>F\u00fcggel\u00e9k<\/em> tartalmazza azokat a kritik\u00e1kat \u00e9s recenzi\u00f3kat, melyek annak idej\u00e9n a napvil\u00e1got l\u00e1tott k\u00fcl\u00f6nb\u00f6z\u0151 k\u00f6teteket \u00e9rt\u00e9kelt\u00e9k, \u00e9rtelmezt\u00e9k \u00e9s elk\u00f6nyvelt\u00e9k. Igen er\u0151teljes, formagazdag gondolati l\u00edr\u00e1val van dolgunk, amelynek id\u0151t\u00e1ll\u00f3, tart\u00f3s sz\u00f6vete azt igazolja, hogy kritikusai helyesen l\u00e1tt\u00e1k az Ol\u00e1h-f\u00e9le formakeres\u00e9sek \u00e9s \u00faj\u00edt\u00e1sok jelent\u0151s\u00e9g\u00e9t, hely\u00e9t a magyar l\u00edr\u00e1ban.<\/p>\n<p>A virtu\u00e1lis k\u00f6tet MEK-en val\u00f3 megjelen\u00e9se ut\u00e1n interj\u00fat k\u00e9r\u00fcnk a k\u00f6lt\u0151t\u0151l arr\u00f3l, hogy visszatekintve mik\u00e9nt l\u00e1tja \u0151 k\u00f6lt\u00e9szet\u00e9nek e k\u00f6nyvben felmagasl\u00f3 vonulat\u00e1t. <strong><em>(Cseke G\u00e1bor)<\/em><\/strong><\/p>\n<p><strong><em>*<\/em><\/strong><\/p>\n<p>N\u00e9h\u00e1ny vers, \u00edzel\u00edt\u0151\u00fcl a k\u00f6nyvb\u0151l:<\/p>\n<p><strong>F\u00c1T V\u00c1G<\/strong><\/p>\n<p>Nagy le\u00f6lt ty\u00fakot temettek<br \/>\naz orsz\u00e1g\u00fat al\u00e1<br \/>\nk\u00e9t pikkelyes l\u00e1ba csak k\u00f6zelr\u0151l<br \/>\nl\u00e1tszik f\u00e1nak<\/p>\n<p>Valaki j\u00f6n biztos a tettes<br \/>\nvisszat\u00e9r a dulakod\u00e1s sz\u00ednhely\u00e9re<br \/>\nelt\u00fcntetni a nyomokat<\/p>\n<p>Fejsz\u00e9t vesz el\u0151<\/p>\n<p><strong>A T\u00dcK\u00d6R<\/strong><\/p>\n<p>Fogy\u00f3ban a megszokott t\u00e1rgyak?<br \/>\nT\u00e1gul a lak\u00e1s, terem gy\u00e9r\u00fcl?<br \/>\nNapr\u00f3l napra szeg\u00e9nyedem?<br \/>\nMint az ujjam maradok v\u00e9g\u00fcl?<\/p>\n<p>Ott egy frott\u00edr vir\u00edtott el\u0151bb!<br \/>\nMost semmit se l\u00e1tni a t\u00fck\u00f6rben!<br \/>\nLebeg\u0151v\u00e9 v\u00e1ltozott a vil\u00e1g!<br \/>\nMinden \u00e1ttetsz\u0151 f\u00f6l\u00f6ttem, m\u00f6g\u00f6ttem!<\/p>\n<p>Bez\u00fazom a kietlen \u00fcveget.<br \/>\nVillog\u00f3 foncsor\u00e1t hagyom n\u0151ni.<br \/>\nBorosty\u00e1n z\u00e1r \u00edgy holt bogarat,<br \/>\nArcunk s a mozdulatot ahogy \u0151rzi.<\/p>\n<p><strong>EL\u00c9GIA HALLGAT\u00d3 SOKADALOMMAL<\/strong><\/p>\n<p>Levelet pedig nem \u00edrok Az \u00edrott sz\u00f3 veszend\u0151ben<br \/>\nHiszitek nem hiszitek nagy itt a t\u00e9l<\/p>\n<p>Juhok kisborjak szavak<br \/>\na fagy s a janu\u00e1r megszokott pr\u00e9d\u00e1ja<\/p>\n<p>Mekkora t\u00e9l lehet ott n\u00e1latok<br \/>\nha v\u00e1lasz n\u00e9lk\u00fcl maradt meg\u00edratlan levelem<br \/>\nmekkora t\u00e9l az ott uram<br \/>\nha m\u00e1r nem sz\u00f3lal senki sem<\/p>\n<p>A torony\u00f3ra hangtalan \u00fct de minek<br \/>\nelveri a hangtalan delet<br \/>\naz eg\u00e9sz hangtalan napot<br \/>\n\u00e9s hangtalan este j\u0151 lehet<\/p>\n<p>Aludjatok m\u00e1r Az \u00e1lom is sz\u00f3talan<br \/>\ns ha k\u00e9rdeznek nem nagymama faggat<br \/>\nKi ki\u00e1ltja vil\u00e1gg\u00e1 a csendet<br \/>\nBenn\u00fcnk a sokadalom Hallgat<\/p>\n<p><strong>MI\u00c9RT AKARSZ<\/strong><\/p>\n<p>Az angyal nem engedett be.<br \/>\nAz angyal odatette a l\u00e1b\u00e1t \u00e9s nem<br \/>\nengedett be.<br \/>\nAz angyal odatette a kez\u00e9t. Az ajt\u00f3t<br \/>\nnem lehetett kinyitni.<br \/>\nAz angyal eg\u00e9sz test\u00e9vel nyomta az<br \/>\najt\u00f3t. Ha buld\u00f3zer vagy fekete\u00f6ves<br \/>\nkungfu-krampusz vagy, akkor se.<\/p>\n<p>De mi\u00e9rt akarsz minden\u00e1ron<br \/>\nbuld\u00f3zer vagy krampuszbajnok lenni?<\/p>\n<p>Mi\u00e9rt akarsz minden\u00e1ron<br \/>\nbemenni az ajt\u00f3n?<\/p>\n<div id=\"attachment_5856\" style=\"width: 210px\" class=\"wp-caption aligncenter\"><a href=\"https:\/\/ujkafe.website\/wp-content\/uploads\/2010\/11\/olah3.ajpg_.jpg\"><img loading=\"lazy\" decoding=\"async\" aria-describedby=\"caption-attachment-5856\" class=\"size-full wp-image-5856\" title=\"olah3.ajpg\" src=\"https:\/\/ujkafe.website\/wp-content\/uploads\/2010\/11\/olah3.ajpg_.jpg\" alt=\"\" width=\"200\" height=\"286\" \/><\/a><p id=\"caption-attachment-5856\" class=\"wp-caption-text\">A k\u00f6tet c\u00edmlapja - Ol\u00e1h Istv\u00e1n fot\u00f3ja<\/p><\/div>\n","protected":false},"excerpt":{"rendered":"<p>Hamarosan a MEK-re ker\u00fcl a Sz\u00e9kelyudvarhelyen \u00e9l\u0151 Ol\u00e1h Istv\u00e1n digitaliz\u00e1lt versgy\u0171jtem\u00e9nye, A vir\u00e1gmindens\u00e9g f\u00e9nyk\u00e9pe. A szerz\u0151 fot\u00f3ival illusztr\u00e1lt k\u00f6tet tulajdonk\u00e9ppen Ol\u00e1h l\u00edrai \u00e9letm\u0171v\u00e9t \u00f6sszegzi, alul\u00edrott v\u00e1logat\u00e1s\u00e1ban. Jelen vannak benne a Forr\u00e1s-sorozatban megjelent p\u00e1lyakezd\u0151 k\u00f6tet (\u00c1lom a csodal\u00fadr\u00f3l, 1971)\u00a0egyes versei is, majd sorban valamennyi k\u00f6tete t\u00f6bb-kevesebb verssel k\u00e9pviselteti mag\u00e1t: Gazd\u00e1tlan tenger (1974), K\u0151kert (1977), S\u00f6t\u00e9tkamra (1980), [&hellip;]<\/p>\n","protected":false},"author":3,"featured_media":0,"comment_status":"open","ping_status":"open","sticky":false,"template":"","format":"standard","meta":{"_monsterinsights_skip_tracking":false,"_monsterinsights_sitenote_active":false,"_monsterinsights_sitenote_note":"","_monsterinsights_sitenote_category":0,"ngg_post_thumbnail":0,"footnotes":""},"categories":[5,4],"tags":[],"class_list":["post-5854","post","type-post","status-publish","format-standard","hentry","category-foto","category-vers"],"_links":{"self":[{"href":"https:\/\/ujkafe.website\/index.php?rest_route=\/wp\/v2\/posts\/5854","targetHints":{"allow":["GET"]}}],"collection":[{"href":"https:\/\/ujkafe.website\/index.php?rest_route=\/wp\/v2\/posts"}],"about":[{"href":"https:\/\/ujkafe.website\/index.php?rest_route=\/wp\/v2\/types\/post"}],"author":[{"embeddable":true,"href":"https:\/\/ujkafe.website\/index.php?rest_route=\/wp\/v2\/users\/3"}],"replies":[{"embeddable":true,"href":"https:\/\/ujkafe.website\/index.php?rest_route=%2Fwp%2Fv2%2Fcomments&post=5854"}],"version-history":[{"count":0,"href":"https:\/\/ujkafe.website\/index.php?rest_route=\/wp\/v2\/posts\/5854\/revisions"}],"wp:attachment":[{"href":"https:\/\/ujkafe.website\/index.php?rest_route=%2Fwp%2Fv2%2Fmedia&parent=5854"}],"wp:term":[{"taxonomy":"category","embeddable":true,"href":"https:\/\/ujkafe.website\/index.php?rest_route=%2Fwp%2Fv2%2Fcategories&post=5854"},{"taxonomy":"post_tag","embeddable":true,"href":"https:\/\/ujkafe.website\/index.php?rest_route=%2Fwp%2Fv2%2Ftags&post=5854"}],"curies":[{"name":"wp","href":"https:\/\/api.w.org\/{rel}","templated":true}]}}