
{"id":58552,"date":"2017-01-31T04:42:43","date_gmt":"2017-01-31T04:42:43","guid":{"rendered":"https:\/\/ujkafe.website\/?p=58552"},"modified":"2017-01-31T09:18:10","modified_gmt":"2017-01-31T09:18:10","slug":"agoston-hugo-a-kutya-voros","status":"publish","type":"post","link":"https:\/\/ujkafe.website\/?p=58552","title":{"rendered":"\u00c1goston Hug\u00f3: A kutya v\u00f6r\u00f6s"},"content":{"rendered":"<p>Mi\u00e9rt, hogy az ember csak a k\u00fcl\u00f6n\u00f6sre, a kir\u00edv\u00f3ra figyel fel (olykor, igaz\u00e1n)? Mi\u00e9rt, hogy a tipikus k\u00f6z\u00f6mb\u00f6sen hagyja? Mindez nem a szocialista realizmus maradv\u00e1nysug\u00e1rz\u00e1sa, hanem egy minapi tal\u00e1lkoz\u00e1somr\u00f3l jutott eszembe.<br \/>\nM\u00e1skor \u00e9v elej\u00e9n a t\u00f6bbi statisztika k\u00f6z\u00f6tt &#8211; hogy aszongya a m\u00falt esztend\u0151ben ennyi meg ennyi volt az egy f\u0151re jut\u00f3 nemzeti j\u00f6vedelem, ezzel szemben a mez\u0151gazdas\u00e1gi termel\u00e9s (f\u0151leg gabon\u00e1b\u00f3l, cukorr\u00e9p\u00e1b\u00f3l \u00e9s olajos magvakb\u00f3l) ennyi meg ennyi, az orsz\u00e1gba ennyi meg ennyi k\u00fclf\u00f6ldi turista l\u00e1togatott, a kultur\u00e1lis hetilapoknak ennyi meg ennyi sz\u00e1ma jelent meg (40-45) &#8211; <!--more-->szerepelt a kuty\u00e1kra vonatkoz\u00f3 is: a f\u0151v\u00e1rosban ennyi \u00e9s ennyi embert haraptak meg, ebb\u0151l beoltottak ennyit \u00e9s ennyit, megveszett ennyi \u00e9s ennyi. Ez ideig m\u00e9g nem l\u00e1ttam a tavalyi kutyastatisztik\u00e1t, s a t\u00f6bbi gazdas\u00e1gi \u00e9s egy\u00e9b mutat\u00f3r\u00f3l kider\u00fclt, hogy nem ennyi meg ennyi volt, hanem annyi meg annyi.<br \/>\nIlyen k\u00f6r\u00fclm\u00e9nyek k\u00f6z\u00f6tt neh\u00e9z megmondani, hogy milyen is a tipikus bukaresti k\u00f3bor kutya. K\u00f6nnyebb, hogy milyen nem. Teh\u00e1t a legritk\u00e1bban afg\u00e1n ag\u00e1r, cocker sp\u00e1niel vagy dobermann. Ink\u00e1bb genetikailag v\u00e1ltozatos, kevert fajta, sz\u00e9ls\u0151s\u00e9ges h\u0151m\u00e9rs\u00e9kletnek igen ellen\u00e1ll\u00f3, \u00e9s t\u00fal\u00e9l\u00e9si strat\u00e9gi\u00e1j\u00e1hoz legal\u00e1bb annyira hozz\u00e1tartozik az al\u00e1zat, mint az agresszivit\u00e1s. (Az idom\u00edtatlan kutya &#8211; is &#8211; akkor t\u00e1mad, ha f\u00e9l vagy ha falk\u00e1ban j\u00e1r; ha egyed\u00fcl van \u00e9s \u00e9hes, ink\u00e1bb koldul.)<br \/>\nA magam r\u00e9sz\u00e9r\u0151l a kutyak\u00e9rd\u00e9st letudtam azzal, hogy &#8211; eml\u00e9keznek? ha nem, eb ura fak\u00f3! &#8211; egyszer \u00edrtam a szomsz\u00e9d h\u00e1roml\u00e1b\u00fa ebr\u0151l, kidombor\u00edtva, hogy amput\u00e1ci\u00f3ban szerzett testi fogyat\u00e9koss\u00e1g\u00e1nak ellens\u00falyoz\u00e1sak\u00e9ppen milyen \u00e9rt\u00e9kes szellemi \u00e9s jellemi tulajdons\u00e1gokra tett szert.<br \/>\nMost azonban ism\u00e9t nem mehetek el sz\u00f3 n\u00e9lk\u00fcl egy kutya mellett. Ugyanis ez a kutya piros. Valami smekkerek festett\u00e9k s\u00f6t\u00e9tv\u00f6r\u00f6sre eredetileg t\u00e1n s\u00e1rg\u00e1ssz\u00fcrke bund\u00e1j\u00e1t. Nem tudom, mi\u00f3ta viselte fajidegen sz\u00edn\u00e9t a szerencs\u00e9tlen, amikor tal\u00e1lkoztunk. Egyed\u00fcl volt, meredt maga el\u00e9 b\u00e1natosan. Megsimogattam, fel se n\u00e9zett. Mag\u00e1nyosnak t\u0171nt. Hisz ki k\u00f6zeledik manaps\u00e1g egy v\u00f6r\u00f6s kuty\u00e1hoz? (Tal\u00e1n, ha bes\u00f6t\u00e9tedik.)<br \/>\nMillen id\u0151k!&nbsp;<strong>(1997. febru\u00e1r 14. \/ A H\u00e9t)<\/strong><\/p>\n<p><em>Forr\u00e1s: Bukaresti \u00e9let, k\u00e9pek. Scripta Kiad\u00f3, 2001<\/em><\/p>\n<p>Az eddigi fejezetek:&nbsp;<\/p>\n<p><strong><a href=\"https:\/\/ujkafe.website\/?p=58407\">Fekete bet\u0171kkel<\/a><\/strong><\/p>\n<p><a href=\"https:\/\/ujkafe.website\/?p=58441\"><strong>A Parlamentben \u2013 K\u00f6nyvkaland<\/strong><\/a><\/p>\n<p><a href=\"https:\/\/ujkafe.website\/?p=58474\"><strong>Jav\u00edtj\u00e1k az utc\u00e1t<\/strong><\/a><\/p>\n<p><a href=\"https:\/\/ujkafe.website\/?p=58523\"><strong>Divatbemutat\u00f3<\/strong><\/a><\/p>\n","protected":false},"excerpt":{"rendered":"<p>Mi\u00e9rt, hogy az ember csak a k\u00fcl\u00f6n\u00f6sre, a kir\u00edv\u00f3ra figyel fel (olykor, igaz\u00e1n)? Mi\u00e9rt, hogy a tipikus k\u00f6z\u00f6mb\u00f6sen hagyja? Mindez nem a szocialista realizmus maradv\u00e1nysug\u00e1rz\u00e1sa, hanem egy minapi tal\u00e1lkoz\u00e1somr\u00f3l jutott eszembe. M\u00e1skor \u00e9v elej\u00e9n a t\u00f6bbi statisztika k\u00f6z\u00f6tt &#8211; hogy aszongya a m\u00falt esztend\u0151ben ennyi meg ennyi volt az egy f\u0151re jut\u00f3 nemzeti j\u00f6vedelem, ezzel [&hellip;]<\/p>\n","protected":false},"author":3,"featured_media":0,"comment_status":"open","ping_status":"open","sticky":false,"template":"","format":"standard","meta":{"_monsterinsights_skip_tracking":false,"_monsterinsights_sitenote_active":false,"_monsterinsights_sitenote_note":"","_monsterinsights_sitenote_category":0,"ngg_post_thumbnail":0,"footnotes":""},"categories":[120],"tags":[],"class_list":["post-58552","post","type-post","status-publish","format-standard","hentry","category-essze"],"_links":{"self":[{"href":"https:\/\/ujkafe.website\/index.php?rest_route=\/wp\/v2\/posts\/58552","targetHints":{"allow":["GET"]}}],"collection":[{"href":"https:\/\/ujkafe.website\/index.php?rest_route=\/wp\/v2\/posts"}],"about":[{"href":"https:\/\/ujkafe.website\/index.php?rest_route=\/wp\/v2\/types\/post"}],"author":[{"embeddable":true,"href":"https:\/\/ujkafe.website\/index.php?rest_route=\/wp\/v2\/users\/3"}],"replies":[{"embeddable":true,"href":"https:\/\/ujkafe.website\/index.php?rest_route=%2Fwp%2Fv2%2Fcomments&post=58552"}],"version-history":[{"count":0,"href":"https:\/\/ujkafe.website\/index.php?rest_route=\/wp\/v2\/posts\/58552\/revisions"}],"wp:attachment":[{"href":"https:\/\/ujkafe.website\/index.php?rest_route=%2Fwp%2Fv2%2Fmedia&parent=58552"}],"wp:term":[{"taxonomy":"category","embeddable":true,"href":"https:\/\/ujkafe.website\/index.php?rest_route=%2Fwp%2Fv2%2Fcategories&post=58552"},{"taxonomy":"post_tag","embeddable":true,"href":"https:\/\/ujkafe.website\/index.php?rest_route=%2Fwp%2Fv2%2Ftags&post=58552"}],"curies":[{"name":"wp","href":"https:\/\/api.w.org\/{rel}","templated":true}]}}