
{"id":58613,"date":"2017-02-01T06:33:08","date_gmt":"2017-02-01T06:33:08","guid":{"rendered":"https:\/\/ujkafe.website\/?p=58613"},"modified":"2017-02-01T06:33:08","modified_gmt":"2017-02-01T06:33:08","slug":"agoston-hugo-husz-eve-mar","status":"publish","type":"post","link":"https:\/\/ujkafe.website\/?p=58613","title":{"rendered":"\u00c1goston Hug\u00f3: H\u00fasz \u00e9ve m\u00e1r"},"content":{"rendered":"<p>Ha az ember az I. K\u00e1roly sug\u00e1r\u00faton az Egyetem t\u00e9r fel\u00e9 haladt\u00e1ban elhagyja az \u00f6rm\u00e9ny templomot, megy m\u00e9g egy keveset, \u00e9s valahol jobbra t\u00e9r, el\u0151bb-ut\u00f3bb r\u00e1akad arra a helyre, ahol az a h\u00e1z \u00e1llt. A h\u00e1z, amelyet nem j\u00e1rhatnak szellemek, mert nincs.<br \/>\nAhol Dankanits \u00c1d\u00e1m lakott, a Popa Rusu utca 11. sz\u00e1m alatt (de h\u00e1t ink\u00e1bb f\u00f6l\u00f6tt, hisz valamelyik fels\u0151, tal\u00e1n a legfels\u0151bb emeleten volt a lak\u00e1suk) n\u00e9h\u00e1nyszor eln\u00e9ztem este a csillagokat. Eml\u00e9keimben n\u00e1luk mindig tiszta eg\u0171 este van, ahogy a szerkeszt\u0151s\u00e9gben term\u00e9szetesen mindig nappal.<!--more--><br \/>\nGyakran j\u00e1rok gyalog a k\u00f6rny\u00e9ken, s olyankor elmegyek a Popa Rusu 11. el\u00e9. Azon gondolkoztam el ott legut\u00f3bb, hogy h\u00fasz \u00e9v m\u00falva mi Dankanits \u00c1d\u00e1m hal\u00e1l\u00e1nak az \u00fczenete.<br \/>\nElj\u00f6tt Bukarestbe. Vissza akart menni Erd\u00e9lybe, tal\u00e1n Marosv\u00e1s\u00e1rhelyre, tal\u00e1n Kolozsv\u00e1rra. (\u00c9n mindig egyetemi tan\u00e1rnak k\u00e9pzeltem el \u0151t \u00e9s sok k\u00f6tetes t\u00f6rt\u00e9nelemtudom\u00e1nyi munk\u00e1k szerz\u0151j\u00e9nek, rem\u00e9nyeimben akad\u00e9mikusnak.) Milyen \u00f6regember lenne \u00c1d\u00e1m? Az id\u00e9n lett volna, janu\u00e1r 2-\u00e1n, hatvan\u00f6t \u00e9ves; meghalt negyven\u00f6t \u00e9vesen. (Nyolc \u00e9vvel m\u00e1r t\u00faln\u0151ttem.) Mi hatalmas mennyis\u00e9g\u0171 \u00f6sszegy\u0171jt\u00f6tt anyag &#8211; kartot\u00e9k, feljegyz\u00e9s, k\u00e9zirat &#8211; pusztult oda vele!<br \/>\nEgy\u00fctt halt meg a kisfi\u00e1val. \u00c9s a Szil\u00e1gyi Domokos\u00e9val. Harminchoz az egyik, negyvenhez k\u00f6zeledne a m\u00e1sik. Milyen emberek, milyen feln\u0151ttek lettek volna, lenn\u00e9nek \u0151k? Lehet, hogy ebben a pillanatban &#8211; \u00e9s akkor nem kellene ezt \u00edrnom &#8211; Dadival \u00e9ppen egy\u00fctt te\u00e1zn\u00e1nk, lehet, hogy a cikk\u00e9t vagy a vers\u00e9t olvasn\u00e1m A H\u00e9tben, lehet, hogy hozn\u00e9k neki Pestr\u0151l holland pipadoh\u00e1nyt, mint az apj\u00e1nak.<br \/>\nDe k\u00e9rdezhetek b\u00e1rmit, \u00edrhatok b\u00e1rmit &#8211; nem tudunk semmit. A hal\u00e1lnak nincs \u00fczenete, mert elt\u00f6rli a potencialit\u00e1sokat. \u00c1d\u00e1m legfeljebb a torokszor\u00edt\u00f3an nevets\u00e9ges \u201evigy\u00e1zzatok jobban magatokra \u00e9s egym\u00e1sra, ha nem akartok \u00fagy j\u00e1rni, mint \u00e9n&#8221;-t \u00fczenhetn\u00e9 a t\u00fals\u00f3 partr\u00f3l.<br \/>\n1977. m\u00e1rcius 4-\u00e9n volt a nagy f\u00f6ldreng\u00e9s Rom\u00e1ni\u00e1ban. <strong>(1997. febru\u00e1r 14. \/ A H\u00e9t)<\/strong><\/p>\n<p><em>Forr\u00e1s: Bukaresti \u00e9let, k\u00e9pek. Scripta Kiad\u00f3, 2001<\/em><\/p>\n<p>Az eddigi fejezetek:&nbsp;<\/p>\n<p><strong><a href=\"https:\/\/ujkafe.website\/?p=58407\">Fekete bet\u0171kkel<\/a><\/strong><\/p>\n<p><a href=\"https:\/\/ujkafe.website\/?p=58441\"><strong>A Parlamentben \u2013 K\u00f6nyvkaland<\/strong><\/a><\/p>\n<p><a href=\"https:\/\/ujkafe.website\/?p=58474\"><strong>Jav\u00edtj\u00e1k az utc\u00e1t<\/strong><\/a><\/p>\n<p><a href=\"https:\/\/ujkafe.website\/?p=58523\"><strong>Divatbemutat\u00f3<\/strong><\/a><\/p>\n<p><a href=\"https:\/\/ujkafe.website\/?p=58552\"><strong>A kutya v\u00f6r\u00f6s<\/strong><\/a><\/p>\n","protected":false},"excerpt":{"rendered":"<p>Ha az ember az I. K\u00e1roly sug\u00e1r\u00faton az Egyetem t\u00e9r fel\u00e9 haladt\u00e1ban elhagyja az \u00f6rm\u00e9ny templomot, megy m\u00e9g egy keveset, \u00e9s valahol jobbra t\u00e9r, el\u0151bb-ut\u00f3bb r\u00e1akad arra a helyre, ahol az a h\u00e1z \u00e1llt. A h\u00e1z, amelyet nem j\u00e1rhatnak szellemek, mert nincs. Ahol Dankanits \u00c1d\u00e1m lakott, a Popa Rusu utca 11. sz\u00e1m alatt (de h\u00e1t [&hellip;]<\/p>\n","protected":false},"author":3,"featured_media":0,"comment_status":"open","ping_status":"open","sticky":false,"template":"","format":"standard","meta":{"_monsterinsights_skip_tracking":false,"_monsterinsights_sitenote_active":false,"_monsterinsights_sitenote_note":"","_monsterinsights_sitenote_category":0,"ngg_post_thumbnail":0,"footnotes":""},"categories":[120],"tags":[],"class_list":["post-58613","post","type-post","status-publish","format-standard","hentry","category-essze"],"_links":{"self":[{"href":"https:\/\/ujkafe.website\/index.php?rest_route=\/wp\/v2\/posts\/58613","targetHints":{"allow":["GET"]}}],"collection":[{"href":"https:\/\/ujkafe.website\/index.php?rest_route=\/wp\/v2\/posts"}],"about":[{"href":"https:\/\/ujkafe.website\/index.php?rest_route=\/wp\/v2\/types\/post"}],"author":[{"embeddable":true,"href":"https:\/\/ujkafe.website\/index.php?rest_route=\/wp\/v2\/users\/3"}],"replies":[{"embeddable":true,"href":"https:\/\/ujkafe.website\/index.php?rest_route=%2Fwp%2Fv2%2Fcomments&post=58613"}],"version-history":[{"count":0,"href":"https:\/\/ujkafe.website\/index.php?rest_route=\/wp\/v2\/posts\/58613\/revisions"}],"wp:attachment":[{"href":"https:\/\/ujkafe.website\/index.php?rest_route=%2Fwp%2Fv2%2Fmedia&parent=58613"}],"wp:term":[{"taxonomy":"category","embeddable":true,"href":"https:\/\/ujkafe.website\/index.php?rest_route=%2Fwp%2Fv2%2Fcategories&post=58613"},{"taxonomy":"post_tag","embeddable":true,"href":"https:\/\/ujkafe.website\/index.php?rest_route=%2Fwp%2Fv2%2Ftags&post=58613"}],"curies":[{"name":"wp","href":"https:\/\/api.w.org\/{rel}","templated":true}]}}