
{"id":58692,"date":"2017-02-03T06:34:29","date_gmt":"2017-02-03T06:34:29","guid":{"rendered":"https:\/\/ujkafe.website\/?p=58692"},"modified":"2017-02-03T06:34:29","modified_gmt":"2017-02-03T06:34:29","slug":"agoston-hugo-talalkoztam-dumnyezoval","status":"publish","type":"post","link":"https:\/\/ujkafe.website\/?p=58692","title":{"rendered":"\u00c1goston Hug\u00f3: Tal\u00e1lkoztam Dumnyez\u00f3val"},"content":{"rendered":"<p>Dumnyez\u00f3 barna vad\u00e1szkalapot, z\u00f6ld trencsk\u00f3t \u00e9s fekete farmernadr\u00e1got viselt. Arca frissen borotv\u00e1lva, mint mindig, ah\u00e1nyszor (ritk\u00e1n) eddig l\u00e1ttam &#8211; kiv\u00e9ve amikor rabruh\u00e1ban, egykori polv\u00e9gbizes t\u00e1rsai k\u00f6z\u00f6tt. A Dumnyez\u00f3n nem l\u00e1tszik meg a kora. N\u00e9gy-\u00f6t \u00e9vvel ezel\u0151tt megjelent vele egy vastag interj\u00fak\u00f6tet: valamelyik \u00fajs\u00e1g\u00edr\u00f3 faggatta a m\u00faltr\u00f3l. Szenvtelen\u00fcl v\u00e1laszolt, mintha nem is \u0151 lett volna a totalitarizmus kor\u00e1nak egyik b\u00e1lv\u00e1nyalakja. <!--more-->Mintha nem \u0151 lett volna a mindenhat\u00f3 Dumnyez\u00f3. A sajt\u00f3ban kezdte, a k\u00f6zponti napilapn\u00e1l. Reg\u00e9nyeket, essz\u00e9ket, verseket \u00edrt, t\u00f6bb k\u00f6tete jelent meg. Azt\u00e1n \u0151 lett a dadog\u00f3s dikt\u00e1tor legf\u0151bb besz\u00e9d\u00edr\u00f3ja, amolyan kv\u00e1zi titkos tan\u00e1csosa. Olyasmi lehetett &#8211; k\u00e9pzeltem el egyszer -, mint R\u00e1kosi mellett R\u00e9vai. Amit abban a v\u00e9ge\u00e9rhetetlen interj\u00faban k\u00f6zelm\u00faltja ments\u00e9gek\u00e9nt elmondott (unalmas bikkfanyelven), alig k\u00fcl\u00f6nb\u00f6z\u00f6tt az \u00e1tmenet elej\u00e9nek \u00e9ppen aktu\u00e1lis kollektivista \u00e9s nemzetelv\u0171 diskurzus\u00e1t\u00f3l. (Elgondolkozhatunk rajta, hogy \u201996 novembere ut\u00e1n az egyik \u00e9rz\u00e9kelhet\u0151 \u00e1talakul\u00e1s: a besz\u00e9dm\u00f3d megv\u00e1ltoz\u00e1sa.) Elolvastam megint a Kim\u00e9rafarag\u00f3 voltam c\u00edm\u0171 interj\u00fak\u00f6nyvet, jobban mondva beleolvastam. H\u00e1t: mint egy \u0151sk\u00f6v\u00fclet. Mint hordal\u00e9kr\u00e9tegekkel betemetett szaurusztelep.<br \/>\nDumnyez\u00f3nak, pontosabban Dumnezeu-nak (Atyaistennek), teljes nev\u00e9n Popescu Dumnezeu-nak Dumitru Popescut nevezt\u00e9k hatalma, fens\u0151bbs\u00e9ges modora \u00e9s k\u00e9rlelhetetlens\u00e9ge miatt.<br \/>\nCivilben, lezser\u00fcl \u00f6lt\u00f6zve olyan, mint b\u00e1rmelyik bev\u00e1s\u00e1rolni k\u00fcld\u00f6tt f\u00e9rj. K\u00fcls\u0151leg alig v\u00e1ltozott. S bel\u00fcl? Eltakarja a rezzen\u00e9stelen arc. Ezt az embert szemmel l\u00e1that\u00f3an nem \u00e9rdekli a vil\u00e1g. Hogy k\u00f6zelebbr\u0151l megb\u00e1mulhassam, meg kellett ker\u00fcln\u00f6m egy aut\u00f3t, mire annak a riaszt\u00f3berendez\u00e9se \u00e9ktelen\u00fcl ny\u00e1vogni kezdett. \u00c1m Dumnyez\u00f3 meg sem h\u0151k\u00f6lt t\u0151le. K\u00f6zelr\u0151l alaposan, szemtelen\u00fcl az arc\u00e1ba b\u00e1multam. A szeme sem rebbent.<br \/>\nValahogy, mintha, megint &#8211; f\u00e9lek t\u0151le. Valahogy hirtelen els\u00f6t\u00e9tedett az utca, mintha egy \u00f3ri\u00e1s bivaly d\u0151lt volna r\u00e1 a v\u00e1rosra.<strong> (1997. j\u00fanius 19. \/ A H\u00e9t)<\/strong><\/p>\n<div class=\"entry\">\n<p><em>Forr\u00e1s: Bukaresti \u00e9let, k\u00e9pek. Scripta Kiad\u00f3, 2001<\/em><\/p>\n<p>Az eddigi fejezetek:&nbsp;<\/p>\n<p><strong><a href=\"https:\/\/ujkafe.website\/?p=58407\">Fekete bet\u0171kkel<\/a><\/strong><\/p>\n<p><a href=\"https:\/\/ujkafe.website\/?p=58441\"><strong>A Parlamentben \u2013 K\u00f6nyvkaland<\/strong><\/a><\/p>\n<p><a href=\"https:\/\/ujkafe.website\/?p=58474\"><strong>Jav\u00edtj\u00e1k az utc\u00e1t<\/strong><\/a><\/p>\n<p><a href=\"https:\/\/ujkafe.website\/?p=58523\"><strong>Divatbemutat\u00f3<\/strong><\/a><\/p>\n<p><a href=\"https:\/\/ujkafe.website\/?p=58552\"><strong>A kutya v\u00f6r\u00f6s<\/strong><\/a><\/p>\n<p><a href=\"https:\/\/ujkafe.website\/?p=58613\"><strong>H\u00fasz \u00e9ve m\u00e1r<\/strong><\/a><\/p>\n<\/div>\n<div class=\"meta\"><a href=\"https:\/\/ujkafe.website\/?p=58642\"><strong>&nbsp;K\u00f3rh\u00e1zi k\u00e9peslapok<\/strong><\/a><\/div>\n","protected":false},"excerpt":{"rendered":"<p>Dumnyez\u00f3 barna vad\u00e1szkalapot, z\u00f6ld trencsk\u00f3t \u00e9s fekete farmernadr\u00e1got viselt. Arca frissen borotv\u00e1lva, mint mindig, ah\u00e1nyszor (ritk\u00e1n) eddig l\u00e1ttam &#8211; kiv\u00e9ve amikor rabruh\u00e1ban, egykori polv\u00e9gbizes t\u00e1rsai k\u00f6z\u00f6tt. A Dumnyez\u00f3n nem l\u00e1tszik meg a kora. N\u00e9gy-\u00f6t \u00e9vvel ezel\u0151tt megjelent vele egy vastag interj\u00fak\u00f6tet: valamelyik \u00fajs\u00e1g\u00edr\u00f3 faggatta a m\u00faltr\u00f3l. Szenvtelen\u00fcl v\u00e1laszolt, mintha nem is \u0151 lett volna a [&hellip;]<\/p>\n","protected":false},"author":3,"featured_media":0,"comment_status":"open","ping_status":"open","sticky":false,"template":"","format":"standard","meta":{"_monsterinsights_skip_tracking":false,"_monsterinsights_sitenote_active":false,"_monsterinsights_sitenote_note":"","_monsterinsights_sitenote_category":0,"ngg_post_thumbnail":0,"footnotes":""},"categories":[120],"tags":[],"class_list":["post-58692","post","type-post","status-publish","format-standard","hentry","category-essze"],"_links":{"self":[{"href":"https:\/\/ujkafe.website\/index.php?rest_route=\/wp\/v2\/posts\/58692","targetHints":{"allow":["GET"]}}],"collection":[{"href":"https:\/\/ujkafe.website\/index.php?rest_route=\/wp\/v2\/posts"}],"about":[{"href":"https:\/\/ujkafe.website\/index.php?rest_route=\/wp\/v2\/types\/post"}],"author":[{"embeddable":true,"href":"https:\/\/ujkafe.website\/index.php?rest_route=\/wp\/v2\/users\/3"}],"replies":[{"embeddable":true,"href":"https:\/\/ujkafe.website\/index.php?rest_route=%2Fwp%2Fv2%2Fcomments&post=58692"}],"version-history":[{"count":0,"href":"https:\/\/ujkafe.website\/index.php?rest_route=\/wp\/v2\/posts\/58692\/revisions"}],"wp:attachment":[{"href":"https:\/\/ujkafe.website\/index.php?rest_route=%2Fwp%2Fv2%2Fmedia&parent=58692"}],"wp:term":[{"taxonomy":"category","embeddable":true,"href":"https:\/\/ujkafe.website\/index.php?rest_route=%2Fwp%2Fv2%2Fcategories&post=58692"},{"taxonomy":"post_tag","embeddable":true,"href":"https:\/\/ujkafe.website\/index.php?rest_route=%2Fwp%2Fv2%2Ftags&post=58692"}],"curies":[{"name":"wp","href":"https:\/\/api.w.org\/{rel}","templated":true}]}}