
{"id":58792,"date":"2017-02-06T06:28:30","date_gmt":"2017-02-06T06:28:30","guid":{"rendered":"https:\/\/ujkafe.website\/?p=58792"},"modified":"2017-02-06T06:28:30","modified_gmt":"2017-02-06T06:28:30","slug":"agoston-hugo-lagytojas-elkesett-latomas","status":"publish","type":"post","link":"https:\/\/ujkafe.website\/?p=58792","title":{"rendered":"\u00c1goston Hug\u00f3: L\u00e1gytoj\u00e1s, elk\u00e9sett l\u00e1tom\u00e1s"},"content":{"rendered":"<p>Be kell l\u00e1tnom, s\u0151t bele kell nyugodnom, hogy az \u00e9letben vannak eleve elrendel\u00e9sek, olyan dolgok, amiken a szabad akarat nem tud v\u00e1ltoztatni. Egyre ink\u00e1bb ilyenn\u00e9 v\u00e1lik az, hogy nem tudok h\u00edg toj\u00e1st enni. Nem mintha nem lehetne toj\u00e1st kapni (volt ilyen id\u0151), vagy mintha nem szeretn\u00e9m (kedvenc fog\u00e1sim egyike).<!--more--><br \/>\nMark Twain mondta, hogy egy\u00e1ltal\u00e1n nem \u00e9rti a dolgot, h\u00e1rom \u00f3r\u00e1t \u00e1t f\u0151z\u00f6tt egyszer egy toj\u00e1st, \u00e9s az akkor sem volt hajland\u00f3 megpuhulni. H\u00e1t igen. N\u00e1lam azonban alighanem m\u00e1sr\u00f3l van sz\u00f3. Mindent tudok. Odateszem a vizet, amikor f\u0151, finoman beleengedem a toj\u00e1st, felford\u00edtom k\u00e9t perc \u00f6tvenhat m\u00e1sodperces miniat\u0171r homok\u00f3r\u00e1mat, halv\u00e1nylila sz\u00edn\u0171 szemcs\u00e9i (krakk\u00f3i t\u00e1ncosn\u0151 nyak\u00e1n a l\u00e1nc\u2026) peregnek, pereg az id\u0151 alig l\u00e1that\u00f3 sug\u00e1rban, n\u00e9zem j\u00f3les\u0151 m\u00e9lab\u00faval &#8211; \u00e9s akkor megsz\u00f3lal a telefon.<br \/>\nAmikor az ember f\u0151ni tette a toj\u00e1st, akkor \u00e9rik a legfontosabb h\u00edv\u00e1sok (de kiv\u00e1lthatja azokat a forrponton zubog\u00f3 tej is). Ilyenkor rohanni kell, mert ha a k\u00e9sz\u00fcl\u00e9ket hagyom t\u00f6bb mint h\u00e1romszor cs\u00f6ngeni, \u00e1tv\u00e1lt faxhangra, s az a legrettenetesebb. R\u00e9g nem hallott bar\u00e1tok, ismer\u0151s\u00f6k jelentkeznek, olykor a f\u0151n\u00f6k, gyakran hivataloss\u00e1gok. S\u00fcrg\u0151s, gyors &#8211; alig \u00f6tperces &#8211; mondanival\u00f3val. H\u00e1t mondhatom a miniszter asszonynak, hogy most \u00e9ppen nem tudok vele besz\u00e9lni, mert megkem\u00e9nyedik a toj\u00e1som? Nem mondhatom &#8211; v\u00e9lem hallani egy torokb\u00f3l az olvas\u00f3k ezreit. \u0150k fogj\u00e1k ceruz\u00e1mat, \u00e9s miattuk nem fejezhetem be ezt a croquis-t \u00fagy, hogy am\u00edg ezt \u00edrtam, \u201emegint elf\u0151tt\u201d: merthogy belefeledkeztem. \u0150k ezt a f\u00fcllent\u00e9st nem \u00e9rdemeln\u00e9k t\u0151lem, s k\u00fcl\u00f6nben is, este szoktam \u00edrni, olyankor pedig ugyan ki f\u0151z l\u00e1gytoj\u00e1st?<br \/>\nVan viszont egy v\u00edzi\u00f3m, egy korszakalkot\u00f3 tal\u00e1lm\u00e1nyom: a h\u00edgtoj\u00e1s-f\u0151z\u0151, amelyen be lehet \u00e1ll\u00edtani az id\u0151t, s amikor az lej\u00e1r, valami kiemeli a forr\u00f3 v\u00edzb\u0151l a tikmonyt, esetleg kem\u00e9nys\u00e9gm\u00e9r\u00e9snek veti al\u00e1\u2026 de ez m\u00e1r val\u00f3sz\u00edn\u0171leg a k\u00f6vetkez\u0151 \u00e9vezred zen\u00e9je. (T\u00e9ved\u00e9s, r\u00e9g ki van tal\u00e1lva &#8211; a szerk.megj.)<\/p>\n<p><strong>1997. augusztus 7. \/ A H\u00e9t<\/strong><\/p>\n<p><em>Forr\u00e1s: Bukaresti \u00e9let, k\u00e9pek. Scripta Kiad\u00f3, 2001<\/em><\/p>\n<p>Az eddigi fejezetek:&nbsp;<\/p>\n<p><strong><a href=\"https:\/\/ujkafe.website\/?p=58407\">Fekete bet\u0171kkel<\/a>&nbsp;\/&nbsp;<\/strong><strong><a href=\"https:\/\/ujkafe.website\/?p=58441\">A Parlamentben \u2013 K\u00f6nyvkaland<\/a>&nbsp;\/&nbsp;<\/strong><strong><a href=\"https:\/\/ujkafe.website\/?p=58474\">Jav\u00edtj\u00e1k az utc\u00e1t<\/a>&nbsp;\/&nbsp;<\/strong><a href=\"https:\/\/ujkafe.website\/?p=58523\"><strong>Divatbemutat\u00f3<\/strong><\/a><\/p>\n<p><strong><a href=\"https:\/\/ujkafe.website\/?p=58552\">A kutya v\u00f6r\u00f6s<\/a>&nbsp;\/&nbsp;<\/strong><strong><a href=\"https:\/\/ujkafe.website\/?p=58613\">H\u00fasz \u00e9ve m\u00e1r<\/a>&nbsp;\/&nbsp;<\/strong><strong><a href=\"https:\/\/ujkafe.website\/?p=58642\">&nbsp;K\u00f3rh\u00e1zi k\u00e9peslapok<\/a>&nbsp;\/ <a href=\"https:\/\/ujkafe.website\/?p=58692\">Tal\u00e1lkoztam Dumnyez\u00f3val<\/a> \/<\/strong><\/p>\n<p><strong><a href=\"https:\/\/ujkafe.website\/?p=58727\">Kis \u00e9ji zene<\/a> \/ <a href=\"https:\/\/ujkafe.website\/?p=58761\">A k\u00f6nyvv\u00e1s\u00e1ron<\/a> \/<\/strong><\/p>\n","protected":false},"excerpt":{"rendered":"<p>Be kell l\u00e1tnom, s\u0151t bele kell nyugodnom, hogy az \u00e9letben vannak eleve elrendel\u00e9sek, olyan dolgok, amiken a szabad akarat nem tud v\u00e1ltoztatni. Egyre ink\u00e1bb ilyenn\u00e9 v\u00e1lik az, hogy nem tudok h\u00edg toj\u00e1st enni. Nem mintha nem lehetne toj\u00e1st kapni (volt ilyen id\u0151), vagy mintha nem szeretn\u00e9m (kedvenc fog\u00e1sim egyike).<\/p>\n","protected":false},"author":3,"featured_media":0,"comment_status":"open","ping_status":"open","sticky":false,"template":"","format":"standard","meta":{"_monsterinsights_skip_tracking":false,"_monsterinsights_sitenote_active":false,"_monsterinsights_sitenote_note":"","_monsterinsights_sitenote_category":0,"ngg_post_thumbnail":0,"footnotes":""},"categories":[120],"tags":[],"class_list":["post-58792","post","type-post","status-publish","format-standard","hentry","category-essze"],"_links":{"self":[{"href":"https:\/\/ujkafe.website\/index.php?rest_route=\/wp\/v2\/posts\/58792","targetHints":{"allow":["GET"]}}],"collection":[{"href":"https:\/\/ujkafe.website\/index.php?rest_route=\/wp\/v2\/posts"}],"about":[{"href":"https:\/\/ujkafe.website\/index.php?rest_route=\/wp\/v2\/types\/post"}],"author":[{"embeddable":true,"href":"https:\/\/ujkafe.website\/index.php?rest_route=\/wp\/v2\/users\/3"}],"replies":[{"embeddable":true,"href":"https:\/\/ujkafe.website\/index.php?rest_route=%2Fwp%2Fv2%2Fcomments&post=58792"}],"version-history":[{"count":0,"href":"https:\/\/ujkafe.website\/index.php?rest_route=\/wp\/v2\/posts\/58792\/revisions"}],"wp:attachment":[{"href":"https:\/\/ujkafe.website\/index.php?rest_route=%2Fwp%2Fv2%2Fmedia&parent=58792"}],"wp:term":[{"taxonomy":"category","embeddable":true,"href":"https:\/\/ujkafe.website\/index.php?rest_route=%2Fwp%2Fv2%2Fcategories&post=58792"},{"taxonomy":"post_tag","embeddable":true,"href":"https:\/\/ujkafe.website\/index.php?rest_route=%2Fwp%2Fv2%2Ftags&post=58792"}],"curies":[{"name":"wp","href":"https:\/\/api.w.org\/{rel}","templated":true}]}}