
{"id":58815,"date":"2017-02-07T06:45:19","date_gmt":"2017-02-07T06:45:19","guid":{"rendered":"https:\/\/ujkafe.website\/?p=58815"},"modified":"2017-02-07T06:45:19","modified_gmt":"2017-02-07T06:45:19","slug":"agoston-hugo-culianu-a-fovarosban","status":"publish","type":"post","link":"https:\/\/ujkafe.website\/?p=58815","title":{"rendered":"\u00c1goston Hug\u00f3: Culianu a f\u0151v\u00e1rosban"},"content":{"rendered":"<p>Eml\u00edtettem m\u00e1r Ted Anton amerikai \u00fajs\u00e1g\u00edr\u00f3 k\u00f6nyv\u00e9t Culianu professzor hal\u00e1l\u00e1r\u00f3l. Ioan Petru Culianu, aki tan\u00e1rk\u00e9nt mester\u00e9nek, Mircea Eliad\u00e9nak a katedr\u00e1j\u00e1t \u00f6r\u00f6k\u00f6lte a Chicag\u00f3i Egyetemen, negyven \u00e9ves kor\u00e1ban 1990 m\u00e1jus\u00e1ban &#8211; m\u00e1ig felder\u00edtetlen m\u00f3don &#8211; gyilkoss\u00e1g \u00e1ldozata lett, fejbel\u0151tt\u00e9k a budin.<!--more--><br \/>\nCulianu Ia\u015fi-ban sz\u00fcletett \u00e9s nevelkedett (felmen\u0151i mindk\u00e9t \u00e1gon egyetemi emberek voltak, rektorok is kiker\u00fcltek k\u00f6z\u00fcl\u00fck), majd 1967-ben a f\u0151v\u00e1rosban a b\u00f6lcs\u00e9szet rom\u00e1n szak\u00e1ra iratkozott, de olasz szakosk\u00e9nt v\u00e9gzett. Ted Anton azt \u00edrja, tan\u00e1rai szerint Culianu a Bukaresti Egyetemen \u201eaz ut\u00f3bbi f\u00e9l \u00e9vsz\u00e1zad\u201d legragyog\u00f3bb hallgat\u00f3ja volt.<br \/>\nHogyan l\u00e1tta Bukarestet a j\u00e1szv\u00e1rosi fiatalember? Id\u00e9zek a k\u00f6nyvb\u0151l: \u201eBukarestben (Culianu) egyike volt a n\u00e9vteleneknek. Bukarest &#8211; amely mind f\u00f6ldrajzi, mind kultur\u00e1lis szempontb\u00f3l egyforma t\u00e1vols\u00e1gra helyezkedik el Isztambult\u00f3l \u00e9s P\u00e1rizst\u00f3l &#8211; koszos volt, zajos \u00e9s korrupt. Culianu kezdetben a Groz\u0103ve\u015fti di\u00e1kotthonban lakott, amelynek szt\u00e1linista t\u00edpus\u00fa egyentoronyblokkjai nagyon hasonl\u00edtottak a bronx-i urbanisztikai tervekhez. A szob\u00e1kat egyenesen a mennyezetb\u0151l lel\u00f3g\u00f3 csupasz villany\u00e9g\u0151 vil\u00e1g\u00edtotta meg. (\u2026) A l\u00e9gszennyez\u0151d\u00e9s \u00e9s a nedvess\u00e9g miatt vastag k\u00f6d \u00fclte meg a v\u00e1rost. T\u00f6bb \u00e9v m\u00falva Culianu \u00edgy eml\u00e9kezett vissza akkori elszigetelts\u00e9g-\u00e9rz\u00e9s\u00e9re: \u00bbMind a mai napig nem tudom m\u00e1ssal magyar\u00e1zni az ellen\u00e1ll\u00e1st, de m\u00e9g a k\u00f6z\u00f6nyt sem, aminek k\u00f6sz\u00f6nhet\u0151en meg\u00e1lltam a helyem a legidegenebb k\u00f6rnyezetben \u00e9s megtanultam a legnehezebb idegen nyelveket is, mint azzal a traum\u00e1val, amit tizenh\u00e9t \u00e9vesen \u00e9ltem meg, amikor Ia\u015fi-b\u00f3l Bukarestbe k\u00f6lt\u00f6ztem. Ez a tapasztalat kegyetlenebb volt minden m\u00e1sn\u00e1l.\u00ab K\u00e9s\u0151bb \u00e1t\u00e9lte az igazi sz\u00e1m\u0171zet\u00e9s mag\u00e1ny\u00e1t, \u00e9s teljess\u00e9ggel szokatlan, hogy ennyire egyed\u00fcl \u00e9rezte mag\u00e1t egy olyan v\u00e1rosban, amely vas\u00faton mind\u00f6ssze hat \u00f3r\u00e1nyira volt az otthon\u00e1t\u00f3l.\u201d<br \/>\nA szerz\u0151 teh\u00e1t nem eg\u00e9szen \u00e9rti a megr\u00e1zk\u00f3dtat\u00e1st, amelyet az els\u0151\u00e9ves egyetemista \u00e9rzett a f\u0151v\u00e1rosba \u00e9rkeztekor. \u00c9n, aki abban az \u00e9vben v\u00e9geztem az egyetemet, amikor Culianu kezdte, \u00e9s 1970-ben ker\u00fcltem Marosv\u00e1s\u00e1rhelyr\u0151l Bukarestbe &#8211; \u00e9rtem. M\u00e9g akkor is, ha A H\u00e9t alap\u00edt\u00e1sa, megind\u00edt\u00e1sa nemcsak kalandot, de befogad\u00f3 k\u00f6z\u00f6ss\u00e9get is jelentett, \u00e9s m\u00e9g akkor is, ha a f\u0151v\u00e1ros l\u00fcktet\u0151 sz\u00ednh\u00e1zi \u00e9lete, a filmm\u00fazeum \u00e9s a k\u00f6nyvt\u00e1rak maradand\u00f3 szellemi \u00e9lm\u00e9nyeknek voltak a forr\u00e1sai. Az els\u0151 elszakad\u00e1s mindig f\u00e1jdalmas. Az otthon der\u0171j\u00e9t, nyugalm\u00e1t, meghitts\u00e9g\u00e9t felv\u00e1ltja a k\u00e9szenl\u00e9ti \u00e1llapot. Az els\u0151 nagy \u201eelveszett birtok\u201d &#8211; az ifj\u00fas\u00e1g. (<strong>1997. augusztus 7. \/ A H\u00e9t)<\/strong><\/p>\n<p><em>Forr\u00e1s: Bukaresti \u00e9let, k\u00e9pek. Scripta Kiad\u00f3, 2001<\/em><\/p>\n<p>Az eddigi fejezetek:&nbsp;<\/p>\n<p><strong><a href=\"https:\/\/ujkafe.website\/?p=58407\">Fekete bet\u0171kkel<\/a>&nbsp;\/&nbsp;<\/strong><strong><a href=\"https:\/\/ujkafe.website\/?p=58441\">A Parlamentben \u2013 K\u00f6nyvkaland<\/a>&nbsp;\/&nbsp;<\/strong><strong><a href=\"https:\/\/ujkafe.website\/?p=58474\">Jav\u00edtj\u00e1k az utc\u00e1t<\/a>&nbsp;\/&nbsp;<\/strong><a href=\"https:\/\/ujkafe.website\/?p=58523\"><strong>Divatbemutat\u00f3<\/strong><\/a><\/p>\n<p><strong><a href=\"https:\/\/ujkafe.website\/?p=58552\">A kutya v\u00f6r\u00f6s<\/a>&nbsp;\/&nbsp;<\/strong><strong><a href=\"https:\/\/ujkafe.website\/?p=58613\">H\u00fasz \u00e9ve m\u00e1r<\/a>&nbsp;\/&nbsp;<\/strong><strong><a href=\"https:\/\/ujkafe.website\/?p=58642\">&nbsp;K\u00f3rh\u00e1zi k\u00e9peslapok<\/a>&nbsp;\/ <a href=\"https:\/\/ujkafe.website\/?p=58692\">Tal\u00e1lkoztam Dumnyez\u00f3val<\/a> \/<\/strong><\/p>\n<p><strong><a href=\"https:\/\/ujkafe.website\/?p=58727\">Kis \u00e9ji zene<\/a> \/ <a href=\"https:\/\/ujkafe.website\/?p=58761\">A k\u00f6nyvv\u00e1s\u00e1ron<\/a>&nbsp;\/ <a href=\"https:\/\/ujkafe.website\/?p=58792\">L\u00e1gytoj\u00e1s, elk\u00e9sett l\u00e1tom\u00e1s<\/a> \/&nbsp;<\/strong><\/p>\n","protected":false},"excerpt":{"rendered":"<p>Eml\u00edtettem m\u00e1r Ted Anton amerikai \u00fajs\u00e1g\u00edr\u00f3 k\u00f6nyv\u00e9t Culianu professzor hal\u00e1l\u00e1r\u00f3l. Ioan Petru Culianu, aki tan\u00e1rk\u00e9nt mester\u00e9nek, Mircea Eliad\u00e9nak a katedr\u00e1j\u00e1t \u00f6r\u00f6k\u00f6lte a Chicag\u00f3i Egyetemen, negyven \u00e9ves kor\u00e1ban 1990 m\u00e1jus\u00e1ban &#8211; m\u00e1ig felder\u00edtetlen m\u00f3don &#8211; gyilkoss\u00e1g \u00e1ldozata lett, fejbel\u0151tt\u00e9k a budin.<\/p>\n","protected":false},"author":3,"featured_media":0,"comment_status":"open","ping_status":"open","sticky":false,"template":"","format":"standard","meta":{"_monsterinsights_skip_tracking":false,"_monsterinsights_sitenote_active":false,"_monsterinsights_sitenote_note":"","_monsterinsights_sitenote_category":0,"ngg_post_thumbnail":0,"footnotes":""},"categories":[120],"tags":[],"class_list":["post-58815","post","type-post","status-publish","format-standard","hentry","category-essze"],"_links":{"self":[{"href":"https:\/\/ujkafe.website\/index.php?rest_route=\/wp\/v2\/posts\/58815","targetHints":{"allow":["GET"]}}],"collection":[{"href":"https:\/\/ujkafe.website\/index.php?rest_route=\/wp\/v2\/posts"}],"about":[{"href":"https:\/\/ujkafe.website\/index.php?rest_route=\/wp\/v2\/types\/post"}],"author":[{"embeddable":true,"href":"https:\/\/ujkafe.website\/index.php?rest_route=\/wp\/v2\/users\/3"}],"replies":[{"embeddable":true,"href":"https:\/\/ujkafe.website\/index.php?rest_route=%2Fwp%2Fv2%2Fcomments&post=58815"}],"version-history":[{"count":0,"href":"https:\/\/ujkafe.website\/index.php?rest_route=\/wp\/v2\/posts\/58815\/revisions"}],"wp:attachment":[{"href":"https:\/\/ujkafe.website\/index.php?rest_route=%2Fwp%2Fv2%2Fmedia&parent=58815"}],"wp:term":[{"taxonomy":"category","embeddable":true,"href":"https:\/\/ujkafe.website\/index.php?rest_route=%2Fwp%2Fv2%2Fcategories&post=58815"},{"taxonomy":"post_tag","embeddable":true,"href":"https:\/\/ujkafe.website\/index.php?rest_route=%2Fwp%2Fv2%2Ftags&post=58815"}],"curies":[{"name":"wp","href":"https:\/\/api.w.org\/{rel}","templated":true}]}}