
{"id":58952,"date":"2017-02-12T04:38:55","date_gmt":"2017-02-12T04:38:55","guid":{"rendered":"https:\/\/ujkafe.website\/?p=58952"},"modified":"2017-02-12T04:38:55","modified_gmt":"2017-02-12T04:38:55","slug":"agoston-hugo-baleset","status":"publish","type":"post","link":"https:\/\/ujkafe.website\/?p=58952","title":{"rendered":"\u00c1goston Hug\u00f3: Baleset"},"content":{"rendered":"<p>A buszban azon a ver\u0151f\u00e9nyes reggelen a sof\u0151r mellett \u00fcltem, tov\u00e1bb\u00e1 k\u00f6z\u00e9pen, az ajt\u00f3val szemben, legh\u00e1tul pedig a r\u00fadba kapaszkodva \u00e1lltam. E h\u00e1rom helyr\u0151l, valamint fentr\u0151l egy negyedikr\u0151l &#8211; amit nem tudok meghat\u00e1rozni, mert egyszerre volt benn \u00e9s kinn &#8211; mindent j\u00f3l l\u00e1ttam.<!--more--><br \/>\n\u00dagy t\u00f6rt\u00e9nt, hogy egy templom el\u0151tt ment\u00fcnk el, az utasok szapor\u00e1n vetett\u00e9k a keresztet, amikor a busz k\u00f6r\u00fclbel\u00fcl m\u00ednusz t\u00edz g\u00e9-s gyorsul\u00e1ssal hirtelen lef\u00e9kezett. A sz\u00e9ksorok k\u00f6z\u00f6tt mint mellbedob\u00e1ssal gy\u0151zni akar\u00f3 r\u00f6vidt\u00e1vfut\u00f3k suhantak el az utasok: egy borost\u00e1s arc\u00fa nagyon sov\u00e1ny \u00f6reg, egy izzadt tark\u00f3j\u00fa alacsony k\u00f6v\u00e9r n\u0151, kez\u00e9ben raffiaszatyorral, k\u00e9t r\u00f6vid szokny\u00e1s, h\u00e1tit\u00e1sk\u00e1s l\u00e1ny, egy karjaival verdes\u0151, \u00e1mde tekn\u0151sb\u00e9ka kin\u00e9zet\u0171 k\u00f6zgazdas\u00e1gtudom\u00e1nyi egyetemi el\u0151ad\u00f3 tan\u00e1r (vele azt megel\u0151z\u0151en a felmen\u0151inkr\u0151l besz\u00e9lgettem), egy kamaszbanda, f\u00fcl\u00e9ben f\u00fclbe-, orr\u00e1ban orrbaval\u00f3val, egy papag\u00e1jszer\u0171, v\u00e9kony ajk\u00fa n\u0151 \u00f6lebbel, egy sorkatona poros bakancsban, \u00e9s v\u00e9g\u00fcl egy le\u00edrhatatlan valaminek a sziv\u00e1rv\u00e1nyszer\u0171 cs\u00edkja.<br \/>\nA busz az\u00e9rt f\u00e9kezett, mert k\u00fcl\u00f6nben \u00f6ssze\u00fctk\u00f6z\u00f6tt volna egy lila t\u0171zolt\u00f3aut\u00f3val. A t\u0171zolt\u00f3aut\u00f3 balr\u00f3l j\u00f6tt, \u00e9s az utols\u00f3 pillanatban \u0151 is f\u00e9kezett. Emiatt a tetej\u00e9n l\u00e9v\u0151 kopors\u00f3b\u00f3l &#8211; kereken \u00e9s sebesen, mint egy \u00e1gy\u00fagoly\u00f3 &#8211; kirep\u00fclt egy g\u00f6r\u00f6gdinnye. A g\u00f6r\u00f6gdinnye v\u00e1llon tal\u00e1lta a m\u00e1sik j\u00e1rd\u00e1n a t\u00f6kmag\u00e1rusn\u0151vel vitatkoz\u00f3 hatalmas mell\u0171 koldusn\u0151t, aki ett\u0151l fejre ejtette karj\u00e1ban tartott gyermek\u00e9t.<br \/>\nMindez m\u00e1sf\u00e9l, legfeljebb k\u00e9t m\u00e1sodperc alatt t\u00f6rt\u00e9nt. A vezet\u0151k s\u00e1padtan n\u00e9ztek egym\u00e1sra \u00e9s az \u00e9gre, azt\u00e1n k\u00f6lcs\u00f6n\u00f6sen el\u0151reengedt\u00e9k egym\u00e1st. Folytat\u00f3dott minden, mintha forg\u00e1sa k\u00f6zben a F\u00f6ld \u00e1tugrotta volna azt a pillanatot.<br \/>\n\u2026 Most Sandro Botticelli k\u00e9t k\u00e9pe van el\u0151ttem: a V\u00e9nusz sz\u00fclet\u00e9se \u00e9s a Szent \u00c1goston. Mindkett\u0151 az id\u0151r\u0151l, az id\u0151 megragad\u00e1sr\u00f3l sz\u00f3l &#8211; a pillanat\u00e9r\u00f3l \u00e9s az \u00f6r\u00f6kk\u00e9val\u00f3s\u00e1g\u00e9r\u00f3l. N\u00e9zem \u0151ket, \u00e9s nem \u00e9rdekel, hogy mi t\u00f6rt\u00e9nt, mi t\u00f6rt\u00e9nik \u00e9s mi fog t\u00f6rt\u00e9nni. Rtlmtln mndn.<strong> (1997. szeptember 11. \/ A H\u00e9t)<\/strong><\/p>\n<p><em>Forr\u00e1s: Bukaresti \u00e9let, k\u00e9pek. Scripta Kiad\u00f3, 2001<\/em><\/p>\n<p>Az eddigi fejezetek:&nbsp;<\/p>\n<p><strong><a href=\"https:\/\/ujkafe.website\/?p=58407\">Fekete bet\u0171kkel<\/a>&nbsp;\/&nbsp;<\/strong><strong><a href=\"https:\/\/ujkafe.website\/?p=58441\">A Parlamentben \u2013 K\u00f6nyvkaland<\/a>&nbsp;\/&nbsp;<\/strong><strong><a href=\"https:\/\/ujkafe.website\/?p=58474\">Jav\u00edtj\u00e1k az utc\u00e1t<\/a>&nbsp;\/&nbsp;<\/strong><a href=\"https:\/\/ujkafe.website\/?p=58523\"><strong>Divatbemutat\u00f3<\/strong><\/a><\/p>\n<p><strong><a href=\"https:\/\/ujkafe.website\/?p=58552\">A kutya v\u00f6r\u00f6s<\/a>&nbsp;\/&nbsp;<\/strong><strong><a href=\"https:\/\/ujkafe.website\/?p=58613\">H\u00fasz \u00e9ve m\u00e1r<\/a>&nbsp;\/&nbsp;<\/strong><strong><a href=\"https:\/\/ujkafe.website\/?p=58642\">&nbsp;K\u00f3rh\u00e1zi k\u00e9peslapok<\/a>&nbsp;\/ <a href=\"https:\/\/ujkafe.website\/?p=58692\">Tal\u00e1lkoztam Dumnyez\u00f3val<\/a> \/<\/strong><\/p>\n<p><strong><a href=\"https:\/\/ujkafe.website\/?p=58727\">Kis \u00e9ji zene<\/a> \/ <a href=\"https:\/\/ujkafe.website\/?p=58761\">A k\u00f6nyvv\u00e1s\u00e1ron<\/a>&nbsp;\/ <a href=\"https:\/\/ujkafe.website\/?p=58792\">L\u00e1gytoj\u00e1s, elk\u00e9sett l\u00e1tom\u00e1s<\/a> \/ <a href=\"https:\/\/ujkafe.website\/?p=58815\">Culianu a f\u0151v\u00e1rosban <\/a>\/&nbsp;<\/strong><\/p>\n<p><a href=\"https:\/\/ujkafe.website\/?p=58836\"><strong>Clinton<\/strong><\/a> \/&nbsp;<a href=\"https:\/\/ujkafe.website\/?p=58865\"><strong>Budaresti ecset sajt\u00f3lib\u00e1val<\/strong><\/a> \/ <a href=\"https:\/\/ujkafe.website\/?p=58886\"><strong>Koldus \u00e9s kir\u00e1lyfi<\/strong><\/a> \/ <a href=\"https:\/\/ujkafe.website\/?p=58922\"><strong>El\u00f6ssze<\/strong><\/a> \/<\/p>\n","protected":false},"excerpt":{"rendered":"<p>A buszban azon a ver\u0151f\u00e9nyes reggelen a sof\u0151r mellett \u00fcltem, tov\u00e1bb\u00e1 k\u00f6z\u00e9pen, az ajt\u00f3val szemben, legh\u00e1tul pedig a r\u00fadba kapaszkodva \u00e1lltam. E h\u00e1rom helyr\u0151l, valamint fentr\u0151l egy negyedikr\u0151l &#8211; amit nem tudok meghat\u00e1rozni, mert egyszerre volt benn \u00e9s kinn &#8211; mindent j\u00f3l l\u00e1ttam.<\/p>\n","protected":false},"author":3,"featured_media":0,"comment_status":"open","ping_status":"open","sticky":false,"template":"","format":"standard","meta":{"_monsterinsights_skip_tracking":false,"_monsterinsights_sitenote_active":false,"_monsterinsights_sitenote_note":"","_monsterinsights_sitenote_category":0,"ngg_post_thumbnail":0,"footnotes":""},"categories":[120],"tags":[],"class_list":["post-58952","post","type-post","status-publish","format-standard","hentry","category-essze"],"_links":{"self":[{"href":"https:\/\/ujkafe.website\/index.php?rest_route=\/wp\/v2\/posts\/58952","targetHints":{"allow":["GET"]}}],"collection":[{"href":"https:\/\/ujkafe.website\/index.php?rest_route=\/wp\/v2\/posts"}],"about":[{"href":"https:\/\/ujkafe.website\/index.php?rest_route=\/wp\/v2\/types\/post"}],"author":[{"embeddable":true,"href":"https:\/\/ujkafe.website\/index.php?rest_route=\/wp\/v2\/users\/3"}],"replies":[{"embeddable":true,"href":"https:\/\/ujkafe.website\/index.php?rest_route=%2Fwp%2Fv2%2Fcomments&post=58952"}],"version-history":[{"count":0,"href":"https:\/\/ujkafe.website\/index.php?rest_route=\/wp\/v2\/posts\/58952\/revisions"}],"wp:attachment":[{"href":"https:\/\/ujkafe.website\/index.php?rest_route=%2Fwp%2Fv2%2Fmedia&parent=58952"}],"wp:term":[{"taxonomy":"category","embeddable":true,"href":"https:\/\/ujkafe.website\/index.php?rest_route=%2Fwp%2Fv2%2Fcategories&post=58952"},{"taxonomy":"post_tag","embeddable":true,"href":"https:\/\/ujkafe.website\/index.php?rest_route=%2Fwp%2Fv2%2Ftags&post=58952"}],"curies":[{"name":"wp","href":"https:\/\/api.w.org\/{rel}","templated":true}]}}