
{"id":59232,"date":"2017-02-20T19:48:37","date_gmt":"2017-02-20T19:48:37","guid":{"rendered":"https:\/\/ujkafe.website\/?p=59232"},"modified":"2017-02-20T19:48:37","modified_gmt":"2017-02-20T19:48:37","slug":"agoston-hugo-a-no-szivet-ki-ismeri","status":"publish","type":"post","link":"https:\/\/ujkafe.website\/?p=59232","title":{"rendered":"\u00c1goston Hug\u00f3: A n\u0151 sz\u00edv\u00e9t ki ismeri?"},"content":{"rendered":"<p>Meg\u00edrtam m\u00e1r, hogy Bukarestben t\u00f6bbek k\u00f6zt buszozni szeretek a legkev\u00e9sb\u00e9. Hogy mi\u00e9rt? &#8211; meg\u00edrtam azt is: mert em\u00e9szti az id\u0151met, \u00e9s mert rosszak az utaz\u00e1s k\u00f6r\u00fclm\u00e9nyei. Nem \u00edrtam meg, hogy mit szeretek m\u00e9gis a buszoz\u00e1sban, mit\u0151l elviselhet\u0151 m\u00e9gis.<br \/>\nNos, term\u00e9szetesen a n\u0151ket, a n\u0151kt\u0151l.<!--more--><br \/>\nA n\u0151k a buszon (\u00e9s persze trolibuszon, villamoson, metr\u00f3kocsiban) m\u00e1sak, mint az utc\u00e1n, s\u0151t m\u00e1sk\u00e9ppen m\u00e1sak, mint a f\u00e9rfiak. M\u00e1rmint Bukarestben a buszon.<br \/>\nEl\u0151tolul egy r\u00e9gi eml\u00e9k. Friss bukarestik\u00e9nt, huszon\u00e9vesen, egyszer a buszon szinte elal\u00e9ltam a kang\u00f6rcst\u0151l, amikor egy izgalmasan kisminkelt, afrodit\u00e9i alak\u00fa n\u0151 f\u00e9lprofilb\u00f3l a tompor\u00e1t az eny\u00e9mhez nyomta. K\u00f6vett\u00e9k egym\u00e1st a meg\u00e1ll\u00f3k, \u00e9n meg nem voltam k\u00e9pes moccanni sem. Nem gondoltam volna, hogy egy n\u0151 feneke olyan kem\u00e9ny tud lenni. H\u00e1t az\u00e9rt volt olyan kem\u00e9ny, mert egy d\u00e9lszaki termet\u0171, term\u00e9szetazonos g\u00f6r\u00f6gdinnye volt! Amikor a ring\u00f3 csipej\u0171 lesz\u00e1llt, akkor l\u00e1ttam meg a kiss\u00e9 hossz\u00fak\u00e1s, f\u00e9lfar alak\u00fa term\u00e9nyt, amelyet \u0150 egy \u00e1tl\u00e1tsz\u00f3 &#8211; persze polim\u00e9r &#8211; tasakban cipelt.<br \/>\nAz\u00f3ta Bukarestben \u00f3vatosabb vagyok a n\u0151kkel a buszon. A hely \u00e1tad\u00e1s\u00e1nak anakronikus, e t\u00e1jakon am\u00fagy sem meghonosodott szok\u00e1sa szerencs\u00e9re kiment a divatb\u00f3l, \u00edgy h\u00e1t aluln\u00e9zetb\u0151l figyelhetem meg der\u00e9kon f\u00f6l\u00fcli r\u00e9sz\u00fcket. A bukaresti n\u0151k orrlikai \u00e1ltal\u00e1ban hossz\u00fak\u00e1sak. Az azonos korcsoportok tagjai k\u00f6z\u00f6tt \u0151sszel \u00e9s t\u00e9len nagy a hasonl\u00f3s\u00e1g. T\u00edz \u00e9ves kor k\u00f6r\u00fcl a legszebbek, amikor a nem nem fontos m\u00e9g. A n\u0151k a buszon buzg\u00f3bban vetik a keresztet, mint a f\u00e9rfiak, \u00e9s hamarabb vit\u00e1ra lobbannak, ut\u00e1na pedig nehezebben csillapodnak le; miut\u00e1n az egyik f\u00e9l lesz\u00e1llt, a m\u00e1sik m\u00e9g hangosan m\u00e9ltatlankodik egy darabig. Egysz\u00f3val, ahogy Heltai Jen\u0151 mondta (igaz, nem itteni, hanem pesti n\u0151kre): mind egyform\u00e1k &#8211; az egyik ilyen, a m\u00e1sik olyan.<br \/>\nNemr\u00e9g tan\u00faja voltam egy jelenetnek, amely m\u00e9lyen megrend\u00edtett, \u00e9s meg\u00e9rtette velem, hogy a n\u0151kre bizony nagyon kell vigy\u00e1zni. Egy id\u0151s\u00f6d\u0151 h\u00f6lgy jajvesz\u00e9kel\u00e9s\u00e9re lett\u00fcnk figyelmesek. Jegy\u00e9t k\u00e9rt\u00e9k az ellen\u0151r\u00f6k, \u00e9s neki nem volt jegye. Mondta, hogy sz\u00edvbeteg, mire meg\u00e9rtett\u00e9k &#8211; mire azt mondta, \u0151 most megmutatja a k\u00f3rh\u00e1zi pap\u00edrjait, hogy \u0151 sz\u00edvbeteg -, erre mondt\u00e1k neki, hogy nem kell, mire \u0151 kifakadt, hogy de igenis megmutatja, \u00e9s feljelenti \u0151ket, ami\u00e9rt \u00fagy r\u00e1ijesztettek. Az ellen\u0151r\u00f6k megsz\u00e9gyen\u00fclten eloldalogtak. (<strong>1997. november 27. \/ A H\u00e9t<\/strong>)<\/p>\n<p>&nbsp;<\/p>\n<p><em>Forr\u00e1s: Bukaresti \u00e9let, k\u00e9pek. Scripta Kiad\u00f3, 2001<\/em><\/p>\n<p>Az eddigi fejezetek:&nbsp;<\/p>\n<p><strong><a href=\"https:\/\/ujkafe.website\/?p=58407\">Fekete bet\u0171kkel<\/a>&nbsp;\/&nbsp;<\/strong><strong><a href=\"https:\/\/ujkafe.website\/?p=58441\">A Parlamentben \u2013 K\u00f6nyvkaland<\/a>&nbsp;\/&nbsp;<\/strong><strong><a href=\"https:\/\/ujkafe.website\/?p=58474\">Jav\u00edtj\u00e1k az utc\u00e1t<\/a>&nbsp;\/&nbsp;<\/strong><a href=\"https:\/\/ujkafe.website\/?p=58523\"><strong>Divatbemutat\u00f3<\/strong><\/a><\/p>\n<p><strong><a href=\"https:\/\/ujkafe.website\/?p=58552\">A kutya v\u00f6r\u00f6s<\/a>&nbsp;\/&nbsp;<\/strong><strong><a href=\"https:\/\/ujkafe.website\/?p=58613\">H\u00fasz \u00e9ve m\u00e1r<\/a>&nbsp;\/&nbsp;<\/strong><strong><a href=\"https:\/\/ujkafe.website\/?p=58642\">&nbsp;K\u00f3rh\u00e1zi k\u00e9peslapok<\/a>&nbsp;\/ <a href=\"https:\/\/ujkafe.website\/?p=58692\">Tal\u00e1lkoztam Dumnyez\u00f3val<\/a> \/<\/strong><\/p>\n<p><strong><a href=\"https:\/\/ujkafe.website\/?p=58727\">Kis \u00e9ji zene<\/a> \/ <a href=\"https:\/\/ujkafe.website\/?p=58761\">A k\u00f6nyvv\u00e1s\u00e1ron<\/a>&nbsp;\/ <a href=\"https:\/\/ujkafe.website\/?p=58792\">L\u00e1gytoj\u00e1s, elk\u00e9sett l\u00e1tom\u00e1s<\/a> \/ <a href=\"https:\/\/ujkafe.website\/?p=58815\">Culianu a f\u0151v\u00e1rosban <\/a>\/&nbsp;<\/strong><\/p>\n<p><a href=\"https:\/\/ujkafe.website\/?p=58836\"><strong>Clinton<\/strong><\/a> \/&nbsp;<a href=\"https:\/\/ujkafe.website\/?p=58865\"><strong>Budaresti ecset sajt\u00f3lib\u00e1val<\/strong><\/a> \/ <a href=\"https:\/\/ujkafe.website\/?p=58886\"><strong>Koldus \u00e9s kir\u00e1lyfi<\/strong><\/a> \/ <a href=\"https:\/\/ujkafe.website\/?p=58922\"><strong>El\u00f6ssze<\/strong><\/a> \/ <a href=\"https:\/\/ujkafe.website\/?p=58952\"><strong>Baleset<\/strong><\/a> \/&nbsp;<\/p>\n<p><a href=\"https:\/\/ujkafe.website\/?p=58979\"><strong>F\u0151v\u00e1rosis\u00e1gom<\/strong><\/a> \/<strong><a href=\"https:\/\/ujkafe.website\/?p=59018\">&nbsp;H\u00e1rom szekus, k\u00e9t szekus, egy szekus, haj<\/a><\/strong>! \/ <a href=\"https:\/\/ujkafe.website\/?p=59052\"><strong>Szagl\u00f3 m\u0171vek<\/strong><\/a> \/<\/p>\n<p><strong><a href=\"https:\/\/ujkafe.website\/?p=59091\">Az \u00e1llom\u00e1si taxi paradoxona<\/a> \/<a href=\"https:\/\/ujkafe.website\/?p=59114\"> Fr\u00f6ccs<\/a> \/&nbsp;<a href=\"https:\/\/ujkafe.website\/?p=59138\">Doppelg\u00e4nger<\/a> \/&nbsp;<\/strong><\/p>\n","protected":false},"excerpt":{"rendered":"<p>Meg\u00edrtam m\u00e1r, hogy Bukarestben t\u00f6bbek k\u00f6zt buszozni szeretek a legkev\u00e9sb\u00e9. Hogy mi\u00e9rt? &#8211; meg\u00edrtam azt is: mert em\u00e9szti az id\u0151met, \u00e9s mert rosszak az utaz\u00e1s k\u00f6r\u00fclm\u00e9nyei. Nem \u00edrtam meg, hogy mit szeretek m\u00e9gis a buszoz\u00e1sban, mit\u0151l elviselhet\u0151 m\u00e9gis. Nos, term\u00e9szetesen a n\u0151ket, a n\u0151kt\u0151l.<\/p>\n","protected":false},"author":3,"featured_media":0,"comment_status":"open","ping_status":"open","sticky":false,"template":"","format":"standard","meta":{"_monsterinsights_skip_tracking":false,"_monsterinsights_sitenote_active":false,"_monsterinsights_sitenote_note":"","_monsterinsights_sitenote_category":0,"ngg_post_thumbnail":0,"footnotes":""},"categories":[120],"tags":[],"class_list":["post-59232","post","type-post","status-publish","format-standard","hentry","category-essze"],"_links":{"self":[{"href":"https:\/\/ujkafe.website\/index.php?rest_route=\/wp\/v2\/posts\/59232","targetHints":{"allow":["GET"]}}],"collection":[{"href":"https:\/\/ujkafe.website\/index.php?rest_route=\/wp\/v2\/posts"}],"about":[{"href":"https:\/\/ujkafe.website\/index.php?rest_route=\/wp\/v2\/types\/post"}],"author":[{"embeddable":true,"href":"https:\/\/ujkafe.website\/index.php?rest_route=\/wp\/v2\/users\/3"}],"replies":[{"embeddable":true,"href":"https:\/\/ujkafe.website\/index.php?rest_route=%2Fwp%2Fv2%2Fcomments&post=59232"}],"version-history":[{"count":0,"href":"https:\/\/ujkafe.website\/index.php?rest_route=\/wp\/v2\/posts\/59232\/revisions"}],"wp:attachment":[{"href":"https:\/\/ujkafe.website\/index.php?rest_route=%2Fwp%2Fv2%2Fmedia&parent=59232"}],"wp:term":[{"taxonomy":"category","embeddable":true,"href":"https:\/\/ujkafe.website\/index.php?rest_route=%2Fwp%2Fv2%2Fcategories&post=59232"},{"taxonomy":"post_tag","embeddable":true,"href":"https:\/\/ujkafe.website\/index.php?rest_route=%2Fwp%2Fv2%2Ftags&post=59232"}],"curies":[{"name":"wp","href":"https:\/\/api.w.org\/{rel}","templated":true}]}}