
{"id":59359,"date":"2017-02-25T06:39:27","date_gmt":"2017-02-25T06:39:27","guid":{"rendered":"https:\/\/ujkafe.website\/?p=59359"},"modified":"2017-02-25T06:39:27","modified_gmt":"2017-02-25T06:39:27","slug":"agoston-hugo-a-boges-zavara","status":"publish","type":"post","link":"https:\/\/ujkafe.website\/?p=59359","title":{"rendered":"\u00c1goston Hug\u00f3: A b\u0151g\u00e9s zavara"},"content":{"rendered":"<p>Olyan pontoss\u00e1ggal, amit a k\u00f6nigsbergi (kalinyingr\u00e1di) remete is megirigyelhetett volna (Kant pontos id\u0151ben v\u00e9grehajtott kerti s\u00e9t\u00e1ir\u00f3l mindenki hallott), reggelente h\u00e9tkor \u00fajs\u00e1g\u00e9rt megyek. A k\u00f6nyvel\u0151n\u0151ket gy\u00e1rt\u00f3 szakk\u00f6z\u00e9piskola mellett van egy f\u00f6ldszintes h\u00e1z, \u00e9s ebben a kicsi h\u00e1zban s\u00edr egy csecsem\u0151; menet-j\u00f6vet s\u00edr, \u00fagy \u00e9rtem, akkor is, amikor oda rohanok a kioszkhoz, \u00e9s akkor is, amikor hat-nyolcezer lejjel k\u00f6nnyebben, de \u00fajs\u00e1gokkal megrakodva visszafel\u00e9 tartok. F\u00e9l tizenegykor m\u00e1r nem s\u00edr, d\u00e9lut\u00e1n f\u00e9l \u00f6tkor sem.<!--more--><br \/>\nDe reggel mindig s\u00edr, f\u00fclsiket\u00edt\u0151en ord\u00edt, b\u00f6mb\u00f6l, hogy az ember igazat ad a Csehov-novella kis pesztonk\u00e1j\u00e1nak, sz\u00e1razdajk\u00e1j\u00e1nak, szeg\u00e9nynek. \u00c9s ez \u00edgy megy hetek \u00f3ta, ha j\u00f3l meggondolom &#8211; az egybees\u00e9s, ez az egybees\u00e9s nyilv\u00e1n v\u00e9letlen &#8211; a korm\u00e1nyv\u00e1ls\u00e1g kirobban\u00e1s\u00e1t\u00f3l.<br \/>\nN\u0151 a foga? Deh\u00e1t ki van z\u00e1rva, hogy csak reggel h\u00e9t \u00f3ra k\u00f6r\u00fcl n\u0151! \u00c9hes? Ha \u00fagyis meg kell etetni, mi\u00e9rt nem etetik meg kor\u00e1bban? Mi\u00e9rt hagyj\u00e1k, hogy o\u00e1zzon? Tal\u00e1n, hogy er\u0151s\u00f6dj\u00e9k a t\u00fcdeje?<br \/>\nEngem tulajdonk\u00e9ppen nem zavar, illetve ha m\u00e9gis, h\u00e1t csak annyiban, hogy ez a l\u00e9ny &#8211; aki m\u00e9g nem vonta meg val\u00f3j\u00e1nak, identit\u00e1s\u00e1nak hat\u00e1rait, aki m\u00e9g egy a vil\u00e1ggal, teh\u00e1t birtokosa egy olyan harm\u00f3ni\u00e1nak, amely fel\u00e9 \u201emagasabb szinten\u201d mindannyian t\u00f6reksz\u00fcnk &#8211; fogta mag\u00e1t \u00e9s egyszerre beilleszkedett az \u00e9letem rendj\u00e9be. N\u00e9vtelen\u00fcl, l\u00e1thatatlanul, puszt\u00e1n hangk\u00f6rnyezetem mark\u00e1ns j\u00f6vev\u00e9nyek\u00e9nt.<br \/>\nLehet, hogy n\u00e9h\u00e1ny \u00e9v m\u00falva \u0151 lesz, aki \u00e1tseg\u00edt az utc\u00e1n, lehet, hogy megt\u00e1mad a sarkon. Tal\u00e1n \u0151 fogja az \u00fajs\u00e1got \u00e1rulni, vagy &#8211; el\u0151fordulhat &#8211; el\u00fct az aut\u00f3j\u00e1val.<br \/>\nKi tudn\u00e1 megmondani, mi lehet egy csecsem\u0151b\u0151l? <strong>(1998. febru\u00e1r 26. \/ A H\u00e9t)<\/strong><\/p>\n<p><em>Forr\u00e1s: Bukaresti \u00e9let, k\u00e9pek. Scripta Kiad\u00f3, 2001<\/em><\/p>\n<p>Az eddigi fejezetek:&nbsp;<\/p>\n<p><strong><a href=\"https:\/\/ujkafe.website\/?p=58407\">Fekete bet\u0171kkel<\/a>&nbsp;\/&nbsp;<\/strong><strong><a href=\"https:\/\/ujkafe.website\/?p=58441\">A Parlamentben \u2013 K\u00f6nyvkaland<\/a>&nbsp;\/&nbsp;<\/strong><strong><a href=\"https:\/\/ujkafe.website\/?p=58474\">Jav\u00edtj\u00e1k az utc\u00e1t<\/a>&nbsp;\/&nbsp;<\/strong><a href=\"https:\/\/ujkafe.website\/?p=58523\"><strong>Divatbemutat\u00f3<\/strong><\/a><\/p>\n<p><strong><a href=\"https:\/\/ujkafe.website\/?p=58552\">A kutya v\u00f6r\u00f6s<\/a>&nbsp;\/&nbsp;<\/strong><strong><a href=\"https:\/\/ujkafe.website\/?p=58613\">H\u00fasz \u00e9ve m\u00e1r<\/a>&nbsp;\/&nbsp;<\/strong><strong><a href=\"https:\/\/ujkafe.website\/?p=58642\">&nbsp;K\u00f3rh\u00e1zi k\u00e9peslapok<\/a>&nbsp;\/ <a href=\"https:\/\/ujkafe.website\/?p=58692\">Tal\u00e1lkoztam Dumnyez\u00f3val<\/a> \/<\/strong><\/p>\n<p><strong><a href=\"https:\/\/ujkafe.website\/?p=58727\">Kis \u00e9ji zene<\/a> \/ <a href=\"https:\/\/ujkafe.website\/?p=58761\">A k\u00f6nyvv\u00e1s\u00e1ron<\/a>&nbsp;\/ <a href=\"https:\/\/ujkafe.website\/?p=58792\">L\u00e1gytoj\u00e1s, elk\u00e9sett l\u00e1tom\u00e1s<\/a> \/ <a href=\"https:\/\/ujkafe.website\/?p=58815\">Culianu a f\u0151v\u00e1rosban <\/a>\/&nbsp;<\/strong><\/p>\n<p><a href=\"https:\/\/ujkafe.website\/?p=58836\"><strong>Clinton<\/strong><\/a> \/&nbsp;<a href=\"https:\/\/ujkafe.website\/?p=58865\"><strong>Budaresti ecset sajt\u00f3lib\u00e1val<\/strong><\/a> \/ <a href=\"https:\/\/ujkafe.website\/?p=58886\"><strong>Koldus \u00e9s kir\u00e1lyfi<\/strong><\/a> \/ <a href=\"https:\/\/ujkafe.website\/?p=58922\"><strong>El\u00f6ssze<\/strong><\/a> \/ <a href=\"https:\/\/ujkafe.website\/?p=58952\"><strong>Baleset<\/strong><\/a> \/&nbsp;<\/p>\n<p><a href=\"https:\/\/ujkafe.website\/?p=58979\"><strong>F\u0151v\u00e1rosis\u00e1gom<\/strong><\/a> \/<strong><a href=\"https:\/\/ujkafe.website\/?p=59018\">&nbsp;H\u00e1rom szekus, k\u00e9t szekus, egy szekus, haj<\/a><\/strong>! \/ <a href=\"https:\/\/ujkafe.website\/?p=59052\"><strong>Szagl\u00f3 m\u0171vek<\/strong><\/a> \/<\/p>\n<p><strong><a href=\"https:\/\/ujkafe.website\/?p=59091\">Az \u00e1llom\u00e1si taxi paradoxona<\/a> \/<a href=\"https:\/\/ujkafe.website\/?p=59114\"> Fr\u00f6ccs<\/a> \/&nbsp;<a href=\"https:\/\/ujkafe.website\/?p=59138\">Doppelg\u00e4nger<\/a> \/&nbsp;<a href=\"https:\/\/ujkafe.website\/?p=59232\">A n\u0151 sz\u00edv\u00e9t ki ismeri?<\/a> \/<\/strong><\/p>\n<p><a href=\"https:\/\/ujkafe.website\/?p=59272\"><strong>T\u00e9v\u00e9vita<\/strong><\/a> \/ <a href=\"https:\/\/ujkafe.website\/?p=59332\"><strong>Voltam a boltban<\/strong><\/a> \/<\/p>\n<p>&nbsp;<\/p>\n","protected":false},"excerpt":{"rendered":"<p>Olyan pontoss\u00e1ggal, amit a k\u00f6nigsbergi (kalinyingr\u00e1di) remete is megirigyelhetett volna (Kant pontos id\u0151ben v\u00e9grehajtott kerti s\u00e9t\u00e1ir\u00f3l mindenki hallott), reggelente h\u00e9tkor \u00fajs\u00e1g\u00e9rt megyek. A k\u00f6nyvel\u0151n\u0151ket gy\u00e1rt\u00f3 szakk\u00f6z\u00e9piskola mellett van egy f\u00f6ldszintes h\u00e1z, \u00e9s ebben a kicsi h\u00e1zban s\u00edr egy csecsem\u0151; menet-j\u00f6vet s\u00edr, \u00fagy \u00e9rtem, akkor is, amikor oda rohanok a kioszkhoz, \u00e9s akkor is, amikor hat-nyolcezer [&hellip;]<\/p>\n","protected":false},"author":3,"featured_media":0,"comment_status":"open","ping_status":"open","sticky":false,"template":"","format":"standard","meta":{"_monsterinsights_skip_tracking":false,"_monsterinsights_sitenote_active":false,"_monsterinsights_sitenote_note":"","_monsterinsights_sitenote_category":0,"ngg_post_thumbnail":0,"footnotes":""},"categories":[120],"tags":[],"class_list":["post-59359","post","type-post","status-publish","format-standard","hentry","category-essze"],"_links":{"self":[{"href":"https:\/\/ujkafe.website\/index.php?rest_route=\/wp\/v2\/posts\/59359","targetHints":{"allow":["GET"]}}],"collection":[{"href":"https:\/\/ujkafe.website\/index.php?rest_route=\/wp\/v2\/posts"}],"about":[{"href":"https:\/\/ujkafe.website\/index.php?rest_route=\/wp\/v2\/types\/post"}],"author":[{"embeddable":true,"href":"https:\/\/ujkafe.website\/index.php?rest_route=\/wp\/v2\/users\/3"}],"replies":[{"embeddable":true,"href":"https:\/\/ujkafe.website\/index.php?rest_route=%2Fwp%2Fv2%2Fcomments&post=59359"}],"version-history":[{"count":0,"href":"https:\/\/ujkafe.website\/index.php?rest_route=\/wp\/v2\/posts\/59359\/revisions"}],"wp:attachment":[{"href":"https:\/\/ujkafe.website\/index.php?rest_route=%2Fwp%2Fv2%2Fmedia&parent=59359"}],"wp:term":[{"taxonomy":"category","embeddable":true,"href":"https:\/\/ujkafe.website\/index.php?rest_route=%2Fwp%2Fv2%2Fcategories&post=59359"},{"taxonomy":"post_tag","embeddable":true,"href":"https:\/\/ujkafe.website\/index.php?rest_route=%2Fwp%2Fv2%2Ftags&post=59359"}],"curies":[{"name":"wp","href":"https:\/\/api.w.org\/{rel}","templated":true}]}}