
{"id":59456,"date":"2017-02-28T15:48:55","date_gmt":"2017-02-28T15:48:55","guid":{"rendered":"https:\/\/ujkafe.website\/?p=59456"},"modified":"2017-02-28T15:51:37","modified_gmt":"2017-02-28T15:51:37","slug":"agoston-hugo-kaland-begoniaval","status":"publish","type":"post","link":"https:\/\/ujkafe.website\/?p=59456","title":{"rendered":"\u00c1goston Hug\u00f3: Kaland beg\u00f3ni\u00e1val"},"content":{"rendered":"<p>Ez egy nagyon r\u00e9gi \u00e9letk\u00e9p. Valahogy nem fakul. (Napl\u00f3m &#8211; vagy nevezz\u00fck most fot\u00f3albumnak &#8211; mi\u00e9rt ne tartalmazhatna r\u00e9gi k\u00e9peket?)<br \/>\nA hetvenes \u00e9vek legelej\u00e9n volt egy garzonlak\u00e1som, a magyar iskola h\u00e1ta m\u00f6g\u00f6tt. B\u00fator sok\u00e1ig nem lelt helyet benne, de hajl\u00e9knak hajl\u00e9k vala. Ami Majt\u00e9nyi Erik\u00e9k lak\u00e1sa volt \u00edr\u00f3bar\u00e1tainak, az lett az eny\u00e9m is: \u201ebel\u00e9m j\u00e1rt\u201d az eg\u00e9sz vid\u00e9ki \u00fajs\u00e1g\u00edr\u00f3 fiatals\u00e1g, k\u00e9pz\u0151m\u0171v\u00e9szek \u00e9s m\u00e1s \u00e1tutaz\u00f3k, fi\u00fak \u00e9s l\u00e1nyok. Vid\u00e1m \u00e9let folyt, de az\u00e9rt &#8211; a konyhaasztaln\u00e1l &#8211; cikket \u00edrni is lehetett. (L\u00e1sd A H\u00e9t els\u0151 \u00e9vfolyamait.)<!--more--><br \/>\nAzt\u00e1n az egyik bar\u00e1tom a v\u00e1l\u00e1sb\u00f3l r\u00e1maradt b\u00fator\u00e1t n\u00e1lam helyezte el. Lett k\u00e9t \u00e1gyam. \u00c9s visszaadhattam Hervay Gizinek a felf\u00fajhat\u00f3 gumimatrac\u00e1t, a leg\u00e9rdekesebb fekv\u0151alkalmatoss\u00e1gok egyik\u00e9t, amiket addig l\u00e1tnom megadatott: megfigyeltem egyszer, ketten aludtak rajta, amikor egyik\u00fck megfordult, a m\u00e1sodik b\u00f6lcsen b\u00f3logatott.<br \/>\nAmint megb\u00fatorosodtam, hozz\u00e1m k\u00f6lt\u00f6z\u00f6tt \u00e1tmeneti id\u0151re M.N. Egy\u00e9bk\u00e9nt is j\u00f3lnevelt \u00farigyerek volt, de n\u00e1lam otthon m\u00e9g enn\u00e9l is csendesebben \u00e9s illemtud\u00f3bban viselkedett. S mintha az \u00e9n \u00e9letem is kezdett szab\u00e1lyozottabb mederbe terel\u0151dni.<br \/>\nEgy zsong\u00f3 ny\u00e1ri est\u00e9n be\u00e1ll\u00edtott azonban az \u0151sterm\u00e9szet\u00e9r\u0151l h\u00edres vad\u00e1sz, aki akkoriban a f\u00f6ldikuty\u00e1k \u00fcregj\u00e1ratainak szentelte rapszodikus munkaidej\u00e9t, \u00e9s &#8211; el nem tudom k\u00e9pzelni, hol \u00e9s mikor &#8211; novell\u00e1kat \u00edrt a term\u00e9szet k\u00f6r\u00e9b\u0151l. Tint\u00e1san j\u00f6tt (vagyis pi\u00e1san), azt mondta r\u00f3kavad\u00e1szaton volt; majd tartalom \u00e9s forma egys\u00e9g\u00e9nek ellen\u00e1llhatatlan bels\u0151 k\u00e9nyszer\u00e9t\u0151l vez\u00e9relve (mint amikor egy politikus kimondja dacosan, amit gondol, s szak\u00edt koal\u00edci\u00f3s t\u00e1rsaival), a szoba legszabadabb sark\u00e1ban a lin\u00f3leumra helyezte sokat pr\u00f3b\u00e1lt gyomr\u00e1nak tartalm\u00e1t, vagy ahogy egy tudom\u00e1nyn\u00e9pszer\u0171s\u00edt\u0151 mondan\u00e1: teljess\u00e9 tette a sz\u0151l\u0151, a szilva \u00e9s a koml\u00f3 lev\u00e9nek, valamint a szemespaszulynak a k\u00f6rforg\u00e1s\u00e1t a term\u00e9szetben.<br \/>\nM.N., hinn\u0151k, \u00e9rdekl\u0151d\u00e9ssel szeml\u00e9lte a m\u0171veletet. De nem, nem ezt tette. J\u00f3lnevelt szem\u00e9rmess\u00e9ge most sem hagyta cserben. El\u0151sz\u00f6r &#8211; olvas\u00e1st tettetve, mint egy lord a vonaton, aki maga el\u00e9 tartja az \u00fajs\u00e1got, mert nem akarja, hogy megsz\u00f3l\u00edts\u00e1k &#8211; csak annyit mondott: \u00eemm, azt is ink\u00e1bb befel\u00e9. Amikor azonban az imm\u00e1r megk\u00f6nnyebb\u00fclt novellista k\u00f6teless\u00e9gtud\u00f3an felt\u00f6r\u00f6lni igyekezv\u00e9n \u00f3pusz\u00e1t, abba\u2019 megcs\u00fasza \u00e9s bele\u00fcle, M.N. m\u00e1r nem b\u00edrta tov\u00e1bb, \u00e9s h\u00e1rom vagy n\u00e9gy, egyre gyorsabban ism\u00e9tl\u0151d\u0151 \u00e2mm ut\u00e1n kirohant az erk\u00e9lyre. \u0150 is k\u00f6nny\u00edtett teh\u00e1t mag\u00e1n, de oly szerencs\u00e9tlen\u00fcl, hogy tett\u00e9nek sugara mint j\u00e9ges\u0151 sodorta el az alattunk lak\u00f3 n\u00e9pdal\u00e9nekesn\u0151 beg\u00f3ni\u00e1inak \u00e9s musk\u00e1tlijainak \u00f6nt\u00f6z\u00e9sre \u00e1h\u00edtoz\u00f3 szirmait.<br \/>\n\u0150szint\u00e9n sz\u00f3lva nem kedveltem a h\u00f6lgyet (elt\u00e9r\u0151en vad\u00e1sz bar\u00e1tunkt\u00f3l, aki n\u00e9ha elt\u00e9vesztette az emeletet), merthogy kor\u00e1n reggel \u00e9s kora d\u00e9lut\u00e1n &#8211; teh\u00e1t kedvenc alv\u00e1si peri\u00f3dusaimban &#8211; szokott gyakorolni. Most azonban, sajnos, igaza volt. K\u00e9nytelen voltam szeg\u00e9ny M.N.-nek kiadni az \u00fatj\u00e1t. \u201eKedves N. &#8211; mondtam neki -, bel\u00e1thatod, ez nem egy olyan h\u00e1z, ahol ezt lehet tenni a szomsz\u00e9d vir\u00e1gaival.\u201d<br \/>\nH\u00e1t \u00edgy volt. K\u00e9s\u0151bb tudtam meg, hogy a vad\u00e1sznak a lak\u00e1somon tartott fegyvereire nem volt kiv\u00e1ltott enged\u00e9lye. Ut\u00e1na k\u00e9ne n\u00e9znem, ez\u00e9rt mennyi j\u00e1rt volna. <strong>(1998. febru\u00e1r 26. \/ A H\u00e9t)<\/strong><\/p>\n<p><em>Forr\u00e1s: Bukaresti \u00e9let, k\u00e9pek. Scripta Kiad\u00f3, 2001<\/em><\/p>\n<p>Az eddigi fejezetek:&nbsp;<\/p>\n<p><strong><a href=\"https:\/\/ujkafe.website\/?p=58407\">Fekete bet\u0171kkel<\/a>&nbsp;\/&nbsp;<\/strong><strong><a href=\"https:\/\/ujkafe.website\/?p=58441\">A Parlamentben \u2013 K\u00f6nyvkaland<\/a>&nbsp;\/&nbsp;<\/strong><strong><a href=\"https:\/\/ujkafe.website\/?p=58474\">Jav\u00edtj\u00e1k az utc\u00e1t<\/a>&nbsp;\/&nbsp;<\/strong><a href=\"https:\/\/ujkafe.website\/?p=58523\"><strong>Divatbemutat\u00f3<\/strong><\/a><\/p>\n<p><strong><a href=\"https:\/\/ujkafe.website\/?p=58552\">A kutya v\u00f6r\u00f6s<\/a>&nbsp;\/&nbsp;<\/strong><strong><a href=\"https:\/\/ujkafe.website\/?p=58613\">H\u00fasz \u00e9ve m\u00e1r<\/a>&nbsp;\/&nbsp;<\/strong><strong><a href=\"https:\/\/ujkafe.website\/?p=58642\">&nbsp;K\u00f3rh\u00e1zi k\u00e9peslapok<\/a>&nbsp;\/ <a href=\"https:\/\/ujkafe.website\/?p=58692\">Tal\u00e1lkoztam Dumnyez\u00f3val<\/a> \/<\/strong><\/p>\n<p><strong><a href=\"https:\/\/ujkafe.website\/?p=58727\">Kis \u00e9ji zene<\/a> \/ <a href=\"https:\/\/ujkafe.website\/?p=58761\">A k\u00f6nyvv\u00e1s\u00e1ron<\/a>&nbsp;\/ <a href=\"https:\/\/ujkafe.website\/?p=58792\">L\u00e1gytoj\u00e1s, elk\u00e9sett l\u00e1tom\u00e1s<\/a> \/ <a href=\"https:\/\/ujkafe.website\/?p=58815\">Culianu a f\u0151v\u00e1rosban <\/a>\/&nbsp;<\/strong><\/p>\n<p><a href=\"https:\/\/ujkafe.website\/?p=58836\"><strong>Clinton<\/strong><\/a> \/&nbsp;<a href=\"https:\/\/ujkafe.website\/?p=58865\"><strong>Budaresti ecset sajt\u00f3lib\u00e1val<\/strong><\/a> \/ <a href=\"https:\/\/ujkafe.website\/?p=58886\"><strong>Koldus \u00e9s kir\u00e1lyfi<\/strong><\/a> \/ <a href=\"https:\/\/ujkafe.website\/?p=58922\"><strong>El\u00f6ssze<\/strong><\/a> \/ <a href=\"https:\/\/ujkafe.website\/?p=58952\"><strong>Baleset<\/strong><\/a> \/&nbsp;<\/p>\n<p><a href=\"https:\/\/ujkafe.website\/?p=58979\"><strong>F\u0151v\u00e1rosis\u00e1gom<\/strong><\/a> \/<strong><a href=\"https:\/\/ujkafe.website\/?p=59018\">&nbsp;H\u00e1rom szekus, k\u00e9t szekus, egy szekus, haj<\/a><\/strong>! \/ <a href=\"https:\/\/ujkafe.website\/?p=59052\"><strong>Szagl\u00f3 m\u0171vek<\/strong><\/a> \/<\/p>\n<p><strong><a href=\"https:\/\/ujkafe.website\/?p=59091\">Az \u00e1llom\u00e1si taxi paradoxona<\/a> \/<a href=\"https:\/\/ujkafe.website\/?p=59114\"> Fr\u00f6ccs<\/a> \/&nbsp;<a href=\"https:\/\/ujkafe.website\/?p=59138\">Doppelg\u00e4nger<\/a> \/&nbsp;<a href=\"https:\/\/ujkafe.website\/?p=59232\">A n\u0151 sz\u00edv\u00e9t ki ismeri?<\/a> \/<\/strong><\/p>\n<p><a href=\"https:\/\/ujkafe.website\/?p=59272\"><strong>T\u00e9v\u00e9vita<\/strong><\/a> \/ <a href=\"https:\/\/ujkafe.website\/?p=59332\"><strong>Voltam a boltban<\/strong><\/a> \/ <strong><a href=\"https:\/\/ujkafe.website\/?p=59359\">A b\u0151g\u00e9s zavara<\/a>&nbsp;\/ <a href=\"https:\/\/ujkafe.website\/?p=59387\">Baleset-hal\u00e1lok <\/a>\/ <a href=\"https:\/\/ujkafe.website\/?p=59420\">K\u00e9pek a m\u00faltb\u00f3l<\/a> \/<\/strong><\/p>\n","protected":false},"excerpt":{"rendered":"<p>Ez egy nagyon r\u00e9gi \u00e9letk\u00e9p. Valahogy nem fakul. (Napl\u00f3m &#8211; vagy nevezz\u00fck most fot\u00f3albumnak &#8211; mi\u00e9rt ne tartalmazhatna r\u00e9gi k\u00e9peket?) A hetvenes \u00e9vek legelej\u00e9n volt egy garzonlak\u00e1som, a magyar iskola h\u00e1ta m\u00f6g\u00f6tt. B\u00fator sok\u00e1ig nem lelt helyet benne, de hajl\u00e9knak hajl\u00e9k vala. Ami Majt\u00e9nyi Erik\u00e9k lak\u00e1sa volt \u00edr\u00f3bar\u00e1tainak, az lett az eny\u00e9m is: \u201ebel\u00e9m j\u00e1rt\u201d [&hellip;]<\/p>\n","protected":false},"author":3,"featured_media":0,"comment_status":"open","ping_status":"open","sticky":false,"template":"","format":"standard","meta":{"_monsterinsights_skip_tracking":false,"_monsterinsights_sitenote_active":false,"_monsterinsights_sitenote_note":"","_monsterinsights_sitenote_category":0,"ngg_post_thumbnail":0,"footnotes":""},"categories":[120],"tags":[],"class_list":["post-59456","post","type-post","status-publish","format-standard","hentry","category-essze"],"_links":{"self":[{"href":"https:\/\/ujkafe.website\/index.php?rest_route=\/wp\/v2\/posts\/59456","targetHints":{"allow":["GET"]}}],"collection":[{"href":"https:\/\/ujkafe.website\/index.php?rest_route=\/wp\/v2\/posts"}],"about":[{"href":"https:\/\/ujkafe.website\/index.php?rest_route=\/wp\/v2\/types\/post"}],"author":[{"embeddable":true,"href":"https:\/\/ujkafe.website\/index.php?rest_route=\/wp\/v2\/users\/3"}],"replies":[{"embeddable":true,"href":"https:\/\/ujkafe.website\/index.php?rest_route=%2Fwp%2Fv2%2Fcomments&post=59456"}],"version-history":[{"count":0,"href":"https:\/\/ujkafe.website\/index.php?rest_route=\/wp\/v2\/posts\/59456\/revisions"}],"wp:attachment":[{"href":"https:\/\/ujkafe.website\/index.php?rest_route=%2Fwp%2Fv2%2Fmedia&parent=59456"}],"wp:term":[{"taxonomy":"category","embeddable":true,"href":"https:\/\/ujkafe.website\/index.php?rest_route=%2Fwp%2Fv2%2Fcategories&post=59456"},{"taxonomy":"post_tag","embeddable":true,"href":"https:\/\/ujkafe.website\/index.php?rest_route=%2Fwp%2Fv2%2Ftags&post=59456"}],"curies":[{"name":"wp","href":"https:\/\/api.w.org\/{rel}","templated":true}]}}