
{"id":59603,"date":"2017-03-03T10:07:21","date_gmt":"2017-03-03T10:07:21","guid":{"rendered":"https:\/\/ujkafe.website\/?p=59603"},"modified":"2017-03-03T10:09:37","modified_gmt":"2017-03-03T10:09:37","slug":"agoston-hugo-ujabb-korhazi-kepeslapok","status":"publish","type":"post","link":"https:\/\/ujkafe.website\/?p=59603","title":{"rendered":"\u00c1goston Hug\u00f3: \u00dajabb k\u00f3rh\u00e1zi k\u00e9peslapok"},"content":{"rendered":"<p>Tavaly m\u00e1rciusban gyomorv\u00e9rz\u00e9ssel besz\u00e1ll\u00edtottak a f\u0151v\u00e1rosi s\u00fcrg\u0151ss\u00e9gi k\u00f3rh\u00e1zba. Akkor meg\u00fasztam a m\u0171t\u00e9tet, igaz, szinte elv\u00e9reztem ut\u00e1na a Bukarest-Budapest gyorsvonaton. Id\u00e9n m\u00e1rciusban &#8211; kereken egy \u00e9vvel az el\u0151z\u0151 baleset ut\u00e1n &#8211; valami hirtelen ihlett\u0151l vez\u00e9relve ism\u00e9t kilyukadt a gyomrom. <!--more-->Gondolom, azt gondolta, megn\u00e9zz\u00fck egy kicsit, mi \u00fajs\u00e1g az orsz\u00e1g legnagyobb gy\u00f3gy\u00fczem\u00e9ben (mindemellett hat\u00e1rozottan c\u00e1folom, hogy a K\u00e9peslapok ut\u00f3bbi ritk\u00e1bb megjelen\u00e9s\u00e9nek a t\u00e9mahi\u00e1ny lett volna az oka). Egy este teh\u00e1t betaxiztam a s\u00fcrg\u0151ss\u00e9gire. Minden olyan intenz\u00edv volt &#8211; kider\u00fclt, hogy a v\u00e9rz\u00e9sem is. Az orvos, aki a k\u00f3rh\u00e1zi felv\u00e9telemet lebonyol\u00edtotta (lesz m\u00e9g sz\u00f3 r\u00f3la), els\u0151 l\u00e1t\u00e1sra megmondta: oper\u00e1ci\u00f3. \u201e\u0150s testv\u00e9r, v\u00e9n sv\u00e1b, nem l\u00e1tod, v\u00e1gni kell?\u201d &#8211; hallottam az atyai bels\u0151 hangot is. \u00cdgy h\u00e1t, noha senki sem k\u00e9rte a v\u00e9lem\u00e9nyemet, beleegyeztem a m\u0171t\u00e9tbe.<br \/>\nEzek az el\u0151zm\u00e9nyek. Az al\u00e1bbi feljegyz\u00e9seket l\u00e1badoz\u00f3ban, mindenf\u00e9le testi t\u00fcnetek k\u00f6zepette \u00edrom, otthoni mag\u00e1nyomban, k\u00e9t h\u00e9ttel az oper\u00e1ci\u00f3 ut\u00e1n. Teh\u00e1t r\u00f6vid t\u00e1v\u00fa eml\u00e9kezetemre hagyatkozva, \u00e9s meglehet\u0151s bizonytalans\u00e1gban eg\u00e9szs\u00e9gi \u00e1llapotom &#8211; sorsom! &#8211; tov\u00e1bbi alakul\u00e1s\u00e1t illet\u0151en.<\/p>\n<p><strong>A s\u00fcrg\u0151ss\u00e9gi k\u00f3rh\u00e1z.<\/strong> Nagy\u00fczem. Van csendesebb pillanat is, de \u00e1ltal\u00e1ban mintha fut\u00f3szalagon \u00e9rkezn\u00e9nek a s\u00falyosabbn\u00e1l s\u00falyosabb esetek. Szerencs\u00e9m van: ugyanabba a k\u00f3rterembe ker\u00fcl\u00f6k, mint tavaly. S\u0151t, nem hiszik el, m\u00e9g az \u00e1gy is ugyanaz, vagy legal\u00e1bbis ugyanazon a helyen \u00e1ll. A legszembet\u0171n\u0151bb v\u00e1ltoz\u00e1s, hogy a falak sim\u00e1k, fejmagass\u00e1gig csempe, a cs\u00f6vek frissen m\u00e1zolva. \u00c9s a k\u00e9t falon, egym\u00e1ssal szemben: egy-egy ikon, ortodox szentk\u00e9p. (K\u00f6ll az &#8211; gondolom.) Az \u00e1pol\u00f3n\u0151k, n\u0151v\u00e9rek, asszisztensn\u0151k teljesen kicser\u00e9l\u0151dtek, az \u00fajak is kedvesek (lesz m\u00e9g r\u00f3luk sz\u00f3) &#8211; de hol van Maria, hol van Zseni? Valahol egy m\u00e1sik emeleten, egy m\u00e1sik sz\u00e1rnyban, egy m\u00e1sik k\u00f3rh\u00e1zban adj\u00e1k az injekci\u00f3t, veszik a v\u00e9rt, csapolj\u00e1k a k\u00fcl\u00f6nb\u00f6z\u0151 szervek v\u00e1lad\u00e9kait, k\u00f6t\u00f6zik a sebeket, \u00f6lt\u00f6ztetik \u00e1t a betegeket.<br \/>\nNem eml\u00e9kszem tavalyr\u00f3l a katonai \u0151rizetre. Most a folyos\u00f3 elej\u00e9n \u00e1lland\u00f3an ott str\u00e1zs\u00e1l egy rend\u0151r \u00e9s egy csend\u0151r, ugyan\u00fagy v\u00e1ltj\u00e1k egym\u00e1st, mint a k\u00f3rh\u00e1z szem\u00e9lyzete: egy \u00fcgyelet harminchat \u00f3r\u00e1nk\u00e9nt tizenk\u00e9t \u00f3r\u00e1t tart, h\u00e9tt\u0151l h\u00e9tig, nappal vagy \u00e9jszaka. Nem tudom, van-e m\u00e9g \u00edgy valahol a vil\u00e1gon, de t\u00e9ny, hogy a s\u00fcrg\u0151ss\u00e9gi k\u00f3rh\u00e1zban a beutaltak k\u00f6z\u00f6tt sok az olyan, akinek a hat\u00f3s\u00e1gokkal is meggy\u0171lt a baja. Mes\u00e9lik, hogy egy \u00e9jszaka egyszerre hoztak be k\u00e9t band\u00e1t, amelyek \u00f6sszevissza kaszabolt\u00e1k egym\u00e1st kardokkal. Annak magam is tan\u00faja voltam, amikor betoltak egy sokkos \u00e1llapotban lev\u0151 f\u00e9rfit; r\u00f6videsen megjelent k\u00e9t j\u00f3l \u00f6lt\u00f6z\u00f6tt fiatalember (nyomoz\u00f3?): lef\u00e9nyk\u00e9pezt\u00e9k, elk\u00e9rt\u00e9k a lakc\u00edm\u00e9t, futt\u00e1ban megfenyegett\u00e9k, s elrohantak. Ut\u00e1na alvil\u00e1gian komor \u00e9s mindennel felszerelt l\u00e1togat\u00f3k \u00e1radata vette k\u00f6r\u00fcl a beteget: garb\u00f3s-b\u0151rkab\u00e1tos, brillantinozott haj\u00fa neh\u00e9z fi\u00fak mobiltelefonokkal, magas talp\u00fa cip\u0151s, v\u00e9kony l\u00e1b\u00fa, divat\u00e1ruh\u00e1zb\u00f3l \u00f6lt\u00f6z\u0151, festett haj\u00fa l\u00e1nyok m\u0171k\u00f6rm\u00f6kkel; alig besz\u00e9ltek hozz\u00e1, szemmel l\u00e1that\u00f3an ink\u00e1bb az volt a c\u00e9ljuk, hogy elszigetelj\u00e9k, mintsem, hogy f\u00e1jdalm\u00e1t enyh\u00edts\u00e9k.<br \/>\nAz egyik fiatal rend\u0151r m\u0171t\u00e9t ut\u00e1ni \u00e9jszakai s\u00e9t\u00e1im egyik\u00e9n megsz\u00f3l\u00edtott: nem ismerj\u00fck mi egym\u00e1st? Dehogynem, mondtam, van egy l\u00e1nytestv\u00e9red, eml\u00e9kszem, kiskorotokban k\u00e9zen fogva mentetek reggelente az iskol\u00e1ba. Kider\u00fclt, hogy szomsz\u00e9dok vagyunk. A fiatalemberrel t\u00f6bbsz\u00f6r elbesz\u00e9lgett\u00fcnk, amikor szolg\u00e1latban volt. Azt\u00e1n egyszer \u00e9szrevettem, hogy nagyon-nagyon n\u00e9z r\u00e1m: amikor az egyik l\u00e1togat\u00f3mmal &#8211; kiss\u00e9 hars\u00e1nyan, mert \u0151 most olyan &#8211; a folyos\u00f3n magyarul besz\u00e9lgett\u00fcnk. L\u00e9tezik, hogy a k\u00f3rh\u00e1zi rend ifj\u00fa \u0151re addig nem j\u00f6tt volna r\u00e1, hogy magyar vagyok? \u00c9s most, hogy r\u00e1j\u00f6tt, nem tudta leplezni zavar\u00e1t? De mi\u00e9rt volt zavarban? Kiss\u00e9 haragszom magamra, ami\u00e9rt ilyen k\u00e9rd\u00e9sek foglalkoztatnak.<br \/>\nSok mindent el kellene m\u00e9g mondani a bukaresti s\u00fcrg\u0151ss\u00e9gi k\u00f3rh\u00e1zr\u00f3l. Nagyk\u00e9p\u0171en tal\u00e1n el\u0151sz\u00f6r is azt, hogy nem lehet jobb, mint a t\u00e1rsadalom, amelynek r\u00e9sze \u00e9s amelyet kiszolg\u00e1l. \u00dagy v\u00e9lem, ann\u00e1l az\u00e9rt jobb. Els\u0151sorban term\u00e9szetesen a magasan k\u00e9pzett orvosai r\u00e9v\u00e9n. T\u00f6bb szempontb\u00f3l \u00e9szlelhet\u0151 javul\u00e1s. Ami azonban nem v\u00e1ltozott, az a minden rend\u0171 \u00e9s rang\u00fa \u201el\u00e1togat\u00f3k\u201d \u00f6z\u00f6ne. Szinte akad\u00e1lytalanul j\u00e1rnak ki-be (fert\u0151z\u00e9svesz\u00e9ly!), volt nap, amikor a folyos\u00f3 el\u0151tti t\u00e9rben harmincan-negyvenen voltak, \u00e9tkeztek, cigarett\u00e1ztak, sokan a l\u00e9pcs\u0151k\u00f6n \u00fclve vagy guggolva, amolyan piknikhangulatban; k\u00f6zvetlen\u00fcl a bej\u00e1rat mellett hat-nyolc rik\u00edt\u00f3an sz\u00ednes szokny\u00e1s cig\u00e1ny n\u0151 veszekedett egym\u00e1ssal fontoskodva.<br \/>\nEgy s\u00fcrg\u0151ss\u00e9gi k\u00f3rh\u00e1z nem v\u00e1logatja meg a betegeit &#8211; azokat, akik folyos\u00f3ira, k\u00f3rtermeibe bel\u00e9pnek, megv\u00e1logathatn\u00e1. Ahogy a nagy h\u00edr\u0171 seb\u00e9sz, a viziteket is levezet\u0151 igazgat\u00f3-f\u0151orvos elmondta, sz\u00fcks\u00e9g lenne a k\u00f3rh\u00e1zban egy k\u00fcl\u00f6n irod\u00e1ra, k\u00f6z\u00f6ns\u00e9gszolg\u00e1latra. Lehet, hogy a frissen felavatott \u00faj sz\u00e1rnyban r\u00f6videsen fel\u00e1ll\u00edtanak egy ilyen irod\u00e1t.<br \/>\nV\u00e9g\u00fcl n\u00e9h\u00e1ny sz\u00f3t a h\u00e1lap\u00e9nzr\u0151l, ann\u00e1l is ink\u00e1bb, mivel &#8211; az eg\u00e9szs\u00e9g\u00fcgyi dolgoz\u00f3k sztr\u00e1jkja ut\u00e1n &#8211; ez a k\u00e9rd\u00e9s \u00e9lesen vet\u0151d\u00f6tt fel, a mi sajt\u00f3nkban is. Nem fogom megmondani, nekem \u201emennyibe ker\u00fclt\u201d a m\u0171t\u00e9tem. \u00dariember ilyesmir\u0151l nyilv\u00e1nosan nem besz\u00e9l. Azt kijelenthetem, hogy senki sem \u00e1llt el\u00e9m kiny\u00fajtott k\u00e9zzel; s hogy volt, aki visszautas\u00edtotta m\u00e9g a c\u00e9lz\u00e1st is. Nem hiszem, hogy egy orvos vagy egy asszisztensn\u0151 att\u00f3l tenn\u00e9 f\u00fcgg\u0151v\u00e9 t\u00f6r\u0151d\u00e9s\u00e9t, gy\u00f3gy\u00edt\u00f3 beavatkoz\u00e1s\u00e1nak min\u0151s\u00e9g\u00e9t, hogy a p\u00e1ciens &#8211; el\u0151re vagy ut\u00f3lag &#8211; ad-e h\u00e1lap\u00e9nzt vagy sem.<br \/>\nAm\u00fagy term\u00e9szetesen nem lehet \u00e1ltal\u00e1nos\u00edtani, a helyzet, az ar\u00e1nyok, a szok\u00e1sok minden\u00fctt m\u00e1sak. Az \u00e9rdemtelen\u00fcl vagy t\u00f6rv\u00e9nytelen m\u00f3don szerzett el\u0151ny\u00f6kh\u00f6z val\u00f3 viszonyul\u00e1s hosszan kialakult, t\u00e1rsadalmi \u00fazus, felfog\u00e1sbeli beidegz\u0151d\u00e9sek r\u00e9sze. \u201eEl\u00edt\u00e9lni\u201d \u00e9ppen lehet, v\u00e1ltoztatni rajta &#8211; nemigen, s ha m\u00e9gis, akkor nagyon lassan. Tudom, hogy ezek k\u00f6zhelyek, de m\u00e9g mindig jobbak, mint a v\u00e9gig nem gondolt, izg\u00e1ga nagyotmond\u00e1sb\u00f3l ered\u0151, \u00e1ltal\u00e1nos\u00edt\u00f3 \u00edt\u00e9letek. Sajn\u00e1lom, hogy k\u00e9ptelen vagyok \u201et\u00e1rsadalomban\u201d gondolkozni, hi\u00e1nyzik bel\u0151lem nemcsak a vil\u00e1gmegv\u00e1lt\u00f3 elhivatotts\u00e1g-\u00e9rz\u00e9s, de a \u201edolgok rendbet\u00e9tel\u00e9nek\u201d hajlama is.<\/p>\n<p><strong>A j\u00f3 kisfi\u00fa mes\u00e9je.<\/strong> Volt egyszer egy j\u00f3\u00e9rz\u00e9s\u0171 kisfi\u00fa. Tele volt farkcs\u00f3v\u00e1l\u00f3 j\u00f3indulattal, im\u00e1dta az eg\u00e9sz emberis\u00e9get. K\u00e9ptelen volt haragot tartani. B\u00e1rmilyen csoportba, k\u00f6z\u00f6ss\u00e9gbe ker\u00fclt, v\u00e9gtelen h\u00e1l\u00e1t \u00e9rzett, hogy befogadt\u00e1k. H\u0171s\u00e9ges term\u00e9szet\u0171 volt. Persze nem sokra vitte, mert nemhogy k\u00f6vetelni, de m\u00e9g ellentmondani sem tudott. K\u00e9nyszerk\u00e9pzete, legnagyobb f\u00e1jdalma \u00e9s aggodalma az volt, hogy f\u00e9lreismerik, f\u00e9lre\u00e9rtik, f\u00e9lremagyar\u00e1zz\u00e1k. Amikor feln\u0151tt, akkor is \u00e1lland\u00f3an \u0151rl\u0151d\u00f6tt, s minden\u00e9rt, ami k\u00f6r\u00fcl\u00f6tte rosszul t\u00f6rt\u00e9nt, mag\u00e1ban kereste a hib\u00e1t. F\u00e9l \u00e9vsz\u00e1zados kor\u00e1ban \u00f6sszeszedett vagyona ugyanannyi volt, mint negyed \u00e9vsz\u00e1zados kor\u00e1ban, vagyis semmi (plusz a k\u00f6nyvek, m\u00ednusz a j\u00f3 mem\u00f3ria). Am\u00edg eg\u00e9szs\u00e9ges volt, szinte b\u0171ntudatot \u00e9rzett &#8211; szerencs\u00e9re \u00e9lete \u00fagy alakult, hogy ezzel felhagyhatott. Noha t\u00e1rsas\u00e1gkedvel\u0151, emp\u00e1ti\u00e1s embernek ismert\u00e9k, sorsa s\u00falyos mag\u00e1nnyal s\u00fajtotta; egyhang\u00faan \u00e9s m\u00e9gis rendszertelen\u00fcl \u00e9lt.<br \/>\nEnnek a kisfi\u00fanak az \u00e9lete (az, hogy mit kezdett az \u00e9let\u00e9vel) nehezen \u00e9rt\u00e9kelhet\u0151. Nincs jelent\u00e9se, nincs \u00fczenete, nem vonhat\u00f3 le bel\u0151le semmilyen tapasztalat. Enn\u00e9lfogva nyilv\u00e1nval\u00f3an az is teljesen mell\u00e9kes, hogyan \u00e9r v\u00e9get a mese.<\/p>\n<p>L\u00e1nyok, f\u00e1jdalom. Mint tavaly is, n\u0151v\u00e9rek, \u00e1pol\u00f3n\u0151k vesznek k\u00f6r\u00fcl. Egyik\u00fck Alina (neve, ha ig\u00e9nek n\u00e9zem, azt jelenti: enyh\u00edteni, csillap\u00edtani, csit\u00edtani), \u0151 \u201evesz \u00e1t&#8221;, amikor este jelentkezem; a m\u00e1sik Tatiana, kilenc nap m\u00falt\u00e1n reggel \u0151 bocs\u00e1t utamra. Kettej\u00fcket v\u00e1rom legink\u00e1bb. Huszon\u00e9vesek, sz\u0151k\u00e9k, k\u00e9kszem\u0171ek. Tal\u00e1n a nev\u00fck is teszi, hogy tudatosul bennem, ami bizonytalan \u00e9rz\u00e9sk\u00e9nt kezdett\u0151l elt\u00f6lt\u00f6tt: egy orosz reg\u00e9ny hangulat\u00e1ban vagyok. A besz\u00e9d l\u00e1gy\u00edt\u00e1sa, a sok \u201eany\u00e1csk\u00e1m\u201d, \u201eap\u00f3ka\u201d, \u201ekedvesk\u00e9m\u201d, \u201egalambocsk\u00e1m\u201d, a m\u00e1r eml\u00edtett ikonok a falon. Ha Anyegin lenn\u00e9k, v\u00e1rn\u00e1m Tatj\u00e1na level\u00e9t. Azt\u00e1n, hogy erre a m\u00e9ly gondolatra r\u00e1j\u00f6v\u00f6k, m\u00e9g oroszosabb\u00e1 v\u00e1lik minden, a h\u0171s tavaszi reggeli leveg\u0151, mellettem a v\u00e1nyadt b\u00e1csi suttog\u00f3 rekedtes hangj\u00e1val (nyel\u0151cs\u00f6v\u00e9t m\u0171t\u00f6tt\u00e9k), maguk a l\u00e1nyok, akik mindent r\u00e1hagynak a betegekre, azt\u00e1n teszik vask\u00f6vetkezetesen a dolgukat.<br \/>\nEgyetlen egyben nem \u00e9rt\u00fcnk egyet: az orromon \u00e9s a nyel\u0151cs\u00f6vemen lenyomott m\u0171anyagcs\u00f6vet, amely a gyomorsav elvezet\u00e9s\u00e9re szolg\u00e1l, v\u00e9kony m\u0171anyagsz\u00e1llal hozz\u00e1t\u0171zik az orrs\u00f6v\u00e9nyhez. Minden mozdulatra \u00e9lesen f\u00e1j, megal\u00e1z\u00f3. Mondom a l\u00e1nyoknak, hogy a medv\u00e9k \u00e9s az \u00f6kr\u00f6k orr\u00e1ba szoktak \u00edgy karik\u00e1t f\u0171zni &#8211; mire val\u00f3? Megmagyar\u00e1zz\u00e1k, hogy a betegek egy r\u00e9sze kiveszi a szond\u00e1t, \u00e9s ezzel bajba hozza mag\u00e1t. \u00cdgy issza meg az ember m\u00e1s betegek fegyelmezetlens\u00e9g\u00e9nek a lev\u00e9t.<br \/>\nTatiana megpr\u00f3b\u00e1l villany\u00e9g\u0151t szerezni, hoz is egyet valahonnan, de az \u00e1gyam f\u00f6l\u00f6tt a l\u00e1mp\u00e1ban rossz a foglalat, cinkos akci\u00f3nk nem teljes\u00fcl be. Az \u00f6r\u00f6k j\u00f3kedv\u0171 l\u00e1ny egy hajnalon kiss\u00e9 sz\u00f3rakozottabbnak tetszik. \u201eF\u00e1radt, Tatj\u00e1na?\u201d &#8211; k\u00e9rdem f\u00e9l\u00e9nken. Dacosan v\u00e1laszol: \u201eH\u00e1t milyen legyen egy fiatal l\u00e1ny reggel?&#8221; A nimf\u00e1nak igaza van.<\/p>\n<p><strong>Egy \u00e9rdekes szomsz\u00e9d.<\/strong> Amikor a m\u0171t\u00e9t ut\u00e1n, m\u00e1r a k\u00f3rteremben, szeretetteljes pofonokkal magamhoz t\u00e9r\u00edtenek, els\u0151 \u00f6ntudatlan szavaim magyarul hangzanak. \u201eNem vagyok, nem vagyok\u201d &#8211; ezt kiab\u00e1ltam, tudom meg a szemk\u00f6zti \u00e1gyban fekv\u0151 betegt\u0151l. K\u00e9t rom\u00e1n t\u00f6rt\u00e9nelmi szem\u00e9lyis\u00e9g nev\u00e9t viseli, szatm\u00e1rn\u00e9meti, \u00e9s &#8211; k\u00eds\u00e9ret\u00e9ben l\u00e9v\u0151 feles\u00e9g\u00e9vel egy\u00fctt &#8211; \u00e9rt magyarul. Betegs\u00e9ge, \u00e1llapota az eny\u00e9mn\u00e9l j\u00f3val s\u00falyosabb. Bevallja, hogy 90 ut\u00e1n k\u00f6zvetlen\u00fcl valuta\u00fcz\u00e9rked\u00e9ssel foglalkozott, bej\u00e1rta Magyarorsz\u00e1got Miskolcig \u00e9s Sopronig. Azt\u00e1n egy kies moldvai v\u00e1rosk\u00e1ba k\u00f6lt\u00f6ztek, ahol r\u00e1di\u00f3t \u00e9s (ha j\u00f3l \u00e9rtettem) k\u00e1beltelev\u00edzi\u00f3t alap\u00edtott. Most alkalmasint \u0151 a helyi m\u00e9diac\u00e9z\u00e1r.<br \/>\nN\u00e9ha a der\u00e9k \u00e1pol\u00f3n\u0151k egyszerre pisiltetnek kett\u0151nket, vagy csin\u00e1lnak nek\u00fcnk be\u00f6nt\u00e9st. \u201eGy\u00e1moltalan, mint a sz\u00fcks\u00e9g\u00e9t v\u00e9gz\u0151 vad\u00e1llat\u201d, mondja a k\u00f6lt\u0151. Ezzel szemben azt figyelem meg, hogy az ember tekintete dolgav\u00e9gz\u00e9s k\u00f6zben ugyan\u00fagy r\u00e9v\u00fcl a semmibe, mint eg\u00e9szs\u00e9gesen.<\/p>\n<p><strong>Aki a gyomromat kivette<\/strong>. Karinthy Frigyes Utaz\u00e1sa \u00f3ta sokunk \u00fagy k\u00e9pzeli el a seb\u00e9szorvost, amilyen Olivecrona professzor volt: magas, \u0151szhaj\u00fa, id\u0151s \u00fariember. Nos, az \u00e9n orvosom, az a seb\u00e9sz, aki engem m\u0171t\u00f6tt: harminc\u00e9ves, enn\u00e9l is fiatalosabb arc\u00fa, kisportolt alak\u00fa der\u0171s fiatalember. Fiam lehetne, mondan\u00e1m, ha lassan nem fajult volna oda a helyzet, hogy j\u00f3form\u00e1n mindenki a fiam lehetne. Mivel kett\u0151nk kalandja m\u00e9g nem \u00e9rt v\u00e9get, babon\u00e1b\u00f3l nem merem dics\u00e9rni. Szor\u00edtkozzunk a t\u00e9nyekre &#8211; ahogy \u00fajs\u00e1g\u00edr\u00f3hoz illik. (Persze t\u00e9ny az is, hogy mik\u00f6zben e sorokat \u00edrom, a has\u00fcregemben mindenf\u00e9le fesz\u00fclts\u00e9gek vannak, kis f\u00e1jdalomnyilak cik\u00e1znak ide-oda; \u00e9s t\u00e9ny az is, hogy unom magamat \u00e9s nyavaly\u00e1imat.)<br \/>\n\u201e\u00dajs\u00e1g\u00edr\u00f3? \u00c9rtem.\u201d &#8211; mondja a doktor \u00far, \u00e9s ebben benne van az eg\u00e9sz anamn\u00e9zisem. A m\u0171t\u00e9t ut\u00e1n (k\u00f6zepesen neh\u00e9z volt, komplik\u00e1ci\u00f3k n\u00e9lk\u00fcl, valamivel t\u00f6bb, mint k\u00e9t \u00f3r\u00e1t tartott) minden reggel \u0151 k\u00f6t\u00f6z \u00e1t, hasamat simogatva, enyh\u00e9n nyomkodva. K\u00f6zben besz\u00e9lget\u00fcnk. Elmondja, Z\u00fcrichben tov\u00e1bbk\u00e9pz\u00e9sen vett r\u00e9szt, egyebet sem tanultak, mint gyomor- meg hasfal\u00f6sszevarr\u00f3 technik\u00e1t.<br \/>\nPolitik\u00e1r\u00f3l term\u00e9szetesen egy sz\u00f3 sem hangzik el. Noha nem hiszem, hogy ak\u00e1r magyarral, ak\u00e1r \u00fajs\u00e1g\u00edr\u00f3val gyakran lett volna dolga, mindk\u00e9t identit\u00e1som szemmel l\u00e1that\u00f3an k\u00f6z\u00f6mb\u00f6sen hagyja. Ezt az embert csak a hasam \u00e9rdekli.<br \/>\nAzt\u00e1n r\u00e1j\u00f6v\u00f6k, hogy valami m\u00e1s is. Egy reggel megpillantja \u00e1gyamon Samuel P. Huntington k\u00f6nyv\u00e9t, a Clash of Civilizations-t (term\u00e9szetesen rom\u00e1nul, azel\u0151tt n\u00e9h\u00e1ny nappal vettem meg). \u201eHisz abban, amit a szerz\u0151 \u00edr?\u201d &#8211; k\u00e9rdezi doktorom. Kider\u00fcl, hogy \u0151 nem hisz Huntington elm\u00e9let\u00e9ben (nincs egyed\u00fcl), ezzel szemben hobbija a hadm\u0171v\u00e9szet, a r\u00e9gi k\u00ednaiakt\u00f3l Machiavelliig mindent elolvasott. Err\u0151l elbesz\u00e9lget\u00fcnk. Nem \u00e1llom meg, elmondok neki egy t\u00f6rt\u00e9netet Pratkanis \u00e9s Aronson A r\u00e1besz\u00e9l\u0151g\u00e9p c\u00edm\u0171 k\u00f6nyv\u00e9b\u0151l. Wu herceg le akarta rohanni Hu orsz\u00e1g\u00e1t. Felk\u00e9rte egyik tan\u00e1csad\u00f3j\u00e1t, hogy ezt nyilv\u00e1nosan jelentse be. Amint a tan\u00e1csad\u00f3 harcias besz\u00e9deit megtartotta, a herceg lefejeztette, hogy j\u00f3 sz\u00e1nd\u00e9k\u00e1r\u00f3l ily m\u00f3don is biztos\u00edtsa Hu-t, meg hogy gyan\u00faj\u00e1t elterelje. Hu erre sz\u00e9toszlatta hadserege nagy r\u00e9sz\u00e9t. Wu herceg ekkor elfoglalta az orsz\u00e1got, \u00e9s Hu-t rabul ejtette.<br \/>\n\u201eGondolkozni fogok rajta, hogy mi\u00e9rt mondta el nekem ezt a t\u00f6rt\u00e9netet\u201d, mondta gyomrom megk\u00e9sel\u0151je, \u00e9s arc\u00e1n t\u00e9tova mosollyal elvonult.<\/p>\n<p><strong>A korm\u00e1nyf\u0151 egy \u00e9ve<\/strong>. Amikor tavaly a s\u00fcrg\u0151ss\u00e9gin fek\u00fcdtem 1997 m\u00e1rcius\u00e1ban, le\u00edrtam, milyen nagy hat\u00e1st tett r\u00e1m a budapesti l\u00e1togat\u00e1s\u00e1r\u00f3l hazat\u00e9r\u0151 Victor Ciorbea nyilatkozata. Hogy drukkoltam a nyugodt besz\u00e9d\u0171 m\u00f3cnak! Most, egy \u00e9vvel k\u00e9s\u0151bb, dr\u00e1ga koll\u00e9gan\u0151m hozza az \u00fajs\u00e1got, \u00e9s szomor\u00faan mondja: lemondott Ciorbea. H\u00e1t belehajszolt\u00e1k! V\u00e1rhat\u00f3 volt, m\u00e9gis sz\u00edven \u00fct a h\u00edr. Nem val\u00f3 volt ebbe a Caragiale-i vil\u00e1gba. Hogy egyebet ne mondjunk (tudom, hogy furcsa), szavatart\u00f3 volt. Tartok t\u0151le, hogy a \u201emindenkivel j\u00f3ban lev\u0151&#8221; kinevezett \u00faj minisztereln\u00f6k nem er\u0151sen fogja a sz\u00edv\u00e9n viselni a magyarok \u00fcgy\u00e9t. Persze az sem lenne nagy baj, ha &#8211; az orsz\u00e1g magasabb t\u00e1vlati \u00e9rdekeit szem el\u0151tt tartva &#8211; csellel, smekker m\u00f3don vinn\u00e9 kereszt\u00fcl, csak h\u00e1t nem hiszem.<\/p>\n<p><strong>Ut\u00f3hang.<\/strong> M\u00e1r itthonr\u00f3l, a lak\u00e1somr\u00f3l, \u201etizenk\u00e9t naposan\u201d, b\u00fcszk\u00e9n buszozom be a k\u00f3rh\u00e1zba: kiv\u00e9tetni az utols\u00f3 sz\u00e1lakat. \u201eIsmeri az \u00faj miniszter\u00fcnket?\u201d &#8211; k\u00e9rdezi az egyik n\u0151v\u00e9r. Hogy m\u00e1rmint az eg\u00e9szs\u00e9g\u00fcgy-minisztert.<br \/>\nHogy ismerem-e? H\u00e1t egy \u00e9vvel ezel\u0151tt nem \u0151 \u00e9rdekl\u0151d\u00f6tt a hogyl\u00e9tem fel\u0151l? \u00c9s nem \u0151 mondta el nekem a gyomorfek\u00e9ly h\u00e1rom st\u00e1dium\u00e1t? (Az els\u0151: ideiglenesen begy\u00f3gy\u00edtj\u00e1k a sebet. A m\u00e1sodik: ha az ember nem vigy\u00e1zott, s ki\u00fajul, kiveszik. A harmadik: ha az ember ekkor sem vigy\u00e1zott, l\u00e1bbal el\u0151re kitolj\u00e1k.)<br \/>\nB\u00e1r\u00e1nyi Ferenc k\u00e9pvisel\u0151 \u00far, akivel A H\u00e9t r\u00e9v\u00e9n \u00e9s k\u00f6z\u00f6s bar\u00e1taink r\u00e9v\u00e9n sok mindenben egy h\u00faron pend\u00fcl\u00fcnk, 1995 szeptember\u00e9ben, s\u00f6r\u00f6z\u00e9s k\u00f6zben a k\u00f6vetkez\u0151ket \u00edrta dedik\u00e1ci\u00f3k\u00e9nt Mindenki h\u00e1ziorvosa c\u00edm\u0171 igen kiv\u00e1l\u00f3 k\u00f6nyve m\u00e1sodik kiad\u00e1s\u00e1nak nekem aj\u00e1nd\u00e9kozott p\u00e9ld\u00e1ny\u00e1ba: \u201eBoldog \u00e9s b\u00fcszke vagyok, hogy \u00c1goston Hug\u00f3nak dedik\u00e1lhatok. Ma szavaztunk a Parlamentben. Bar\u00e1ts\u00e1ggal: Dr. B\u00e1r\u00e1nyi Feri.\u201d (A szavaz\u00e1s annak sz\u00f3lt, hogy az RMDSZ szer\u00e9ny szem\u00e9lyemet javasolta az Orsz\u00e1gos Audiovizu\u00e1lis Tan\u00e1csba. Ebb\u0151l, mint tudjuk, nem lett semmi.)<br \/>\nMost azon der\u00fcl\u00f6k, milyen rossz rekl\u00e1m lenne, ha pont akkor krep\u00e1ln\u00e9k meg, amikor Rom\u00e1ni\u00e1nak magyar eg\u00e9szs\u00e9g\u00fcgyi minisztere van. Nem lenne sz\u00e9p t\u0151lem, sem vele, sem az RMDSZ-szel szemben. M\u00e9g akkor sem, ha egy\u00e1ltal\u00e1n nem irigylem. <strong>(1998. \u00e1prilis 16. \/ A H\u00e9t)<\/strong><\/p>\n<p><em>Forr\u00e1s: Bukaresti \u00e9let, k\u00e9pek. Scripta Kiad\u00f3, 2001<\/em><\/p>\n<p>Az eddigi fejezetek:&nbsp;<\/p>\n<p><strong><a href=\"https:\/\/ujkafe.website\/?p=58407\">Fekete bet\u0171kkel<\/a>&nbsp;\/&nbsp;<\/strong><strong><a href=\"https:\/\/ujkafe.website\/?p=58441\">A Parlamentben \u2013 K\u00f6nyvkaland<\/a>&nbsp;\/&nbsp;<\/strong><strong><a href=\"https:\/\/ujkafe.website\/?p=58474\">Jav\u00edtj\u00e1k az utc\u00e1t<\/a>&nbsp;\/&nbsp;<\/strong><a href=\"https:\/\/ujkafe.website\/?p=58523\"><strong>Divatbemutat\u00f3<\/strong><\/a><\/p>\n<p><strong><a href=\"https:\/\/ujkafe.website\/?p=58552\">A kutya v\u00f6r\u00f6s<\/a>&nbsp;\/&nbsp;<\/strong><strong><a href=\"https:\/\/ujkafe.website\/?p=58613\">H\u00fasz \u00e9ve m\u00e1r<\/a>&nbsp;\/&nbsp;<\/strong><strong><a href=\"https:\/\/ujkafe.website\/?p=58642\">&nbsp;K\u00f3rh\u00e1zi k\u00e9peslapok<\/a>&nbsp;\/ <a href=\"https:\/\/ujkafe.website\/?p=58692\">Tal\u00e1lkoztam Dumnyez\u00f3val<\/a> \/<\/strong><\/p>\n<p><strong><a href=\"https:\/\/ujkafe.website\/?p=58727\">Kis \u00e9ji zene<\/a> \/ <a href=\"https:\/\/ujkafe.website\/?p=58761\">A k\u00f6nyvv\u00e1s\u00e1ron<\/a>&nbsp;\/ <a href=\"https:\/\/ujkafe.website\/?p=58792\">L\u00e1gytoj\u00e1s, elk\u00e9sett l\u00e1tom\u00e1s<\/a> \/ <a href=\"https:\/\/ujkafe.website\/?p=58815\">Culianu a f\u0151v\u00e1rosban <\/a>\/&nbsp;<\/strong><\/p>\n<p><a href=\"https:\/\/ujkafe.website\/?p=58836\"><strong>Clinton<\/strong><\/a> \/&nbsp;<a href=\"https:\/\/ujkafe.website\/?p=58865\"><strong>Budaresti ecset sajt\u00f3lib\u00e1val<\/strong><\/a> \/ <a href=\"https:\/\/ujkafe.website\/?p=58886\"><strong>Koldus \u00e9s kir\u00e1lyfi<\/strong><\/a> \/ <a href=\"https:\/\/ujkafe.website\/?p=58922\"><strong>El\u00f6ssze<\/strong><\/a> \/ <a href=\"https:\/\/ujkafe.website\/?p=58952\"><strong>Baleset<\/strong><\/a> \/&nbsp;<\/p>\n<p><a href=\"https:\/\/ujkafe.website\/?p=58979\"><strong>F\u0151v\u00e1rosis\u00e1gom<\/strong><\/a> \/<strong><a href=\"https:\/\/ujkafe.website\/?p=59018\">&nbsp;H\u00e1rom szekus, k\u00e9t szekus, egy szekus, haj<\/a><\/strong>! \/ <a href=\"https:\/\/ujkafe.website\/?p=59052\"><strong>Szagl\u00f3 m\u0171vek<\/strong><\/a> \/<\/p>\n<p><strong><a href=\"https:\/\/ujkafe.website\/?p=59091\">Az \u00e1llom\u00e1si taxi paradoxona<\/a> \/<a href=\"https:\/\/ujkafe.website\/?p=59114\"> Fr\u00f6ccs<\/a> \/&nbsp;<a href=\"https:\/\/ujkafe.website\/?p=59138\">Doppelg\u00e4nger<\/a> \/&nbsp;<a href=\"https:\/\/ujkafe.website\/?p=59232\">A n\u0151 sz\u00edv\u00e9t ki ismeri?<\/a> \/<\/strong><\/p>\n<p><a href=\"https:\/\/ujkafe.website\/?p=59272\"><strong>T\u00e9v\u00e9vita<\/strong><\/a> \/ <a href=\"https:\/\/ujkafe.website\/?p=59332\"><strong>Voltam a boltban<\/strong><\/a> \/ <strong><a href=\"https:\/\/ujkafe.website\/?p=59359\">A b\u0151g\u00e9s zavara<\/a>&nbsp;\/ <a href=\"https:\/\/ujkafe.website\/?p=59387\">Baleset-hal\u00e1lok <\/a>\/ <a href=\"https:\/\/ujkafe.website\/?p=59420\">K\u00e9pek a m\u00faltb\u00f3l<\/a> \/<\/strong><\/p>\n<p><a href=\"https:\/\/ujkafe.website\/?p=59456\"><strong>Kaland beg\u00f3ni\u00e1val<\/strong><\/a> \/ <a href=\"https:\/\/ujkafe.website\/?p=59512\"><strong>Mez\u00edtl\u00e1b a h\u00f3ban<\/strong> <\/a>\/ <a href=\"https:\/\/ujkafe.website\/?p=59563\"><strong>L\u00e9t\u00e9rtelmi \u0171r<\/strong><\/a> \/&nbsp;<\/p>\n","protected":false},"excerpt":{"rendered":"<p>Tavaly m\u00e1rciusban gyomorv\u00e9rz\u00e9ssel besz\u00e1ll\u00edtottak a f\u0151v\u00e1rosi s\u00fcrg\u0151ss\u00e9gi k\u00f3rh\u00e1zba. Akkor meg\u00fasztam a m\u0171t\u00e9tet, igaz, szinte elv\u00e9reztem ut\u00e1na a Bukarest-Budapest gyorsvonaton. Id\u00e9n m\u00e1rciusban &#8211; kereken egy \u00e9vvel az el\u0151z\u0151 baleset ut\u00e1n &#8211; valami hirtelen ihlett\u0151l vez\u00e9relve ism\u00e9t kilyukadt a gyomrom.<\/p>\n","protected":false},"author":3,"featured_media":0,"comment_status":"open","ping_status":"open","sticky":false,"template":"","format":"standard","meta":{"_monsterinsights_skip_tracking":false,"_monsterinsights_sitenote_active":false,"_monsterinsights_sitenote_note":"","_monsterinsights_sitenote_category":0,"ngg_post_thumbnail":0,"footnotes":""},"categories":[120],"tags":[],"class_list":["post-59603","post","type-post","status-publish","format-standard","hentry","category-essze"],"_links":{"self":[{"href":"https:\/\/ujkafe.website\/index.php?rest_route=\/wp\/v2\/posts\/59603","targetHints":{"allow":["GET"]}}],"collection":[{"href":"https:\/\/ujkafe.website\/index.php?rest_route=\/wp\/v2\/posts"}],"about":[{"href":"https:\/\/ujkafe.website\/index.php?rest_route=\/wp\/v2\/types\/post"}],"author":[{"embeddable":true,"href":"https:\/\/ujkafe.website\/index.php?rest_route=\/wp\/v2\/users\/3"}],"replies":[{"embeddable":true,"href":"https:\/\/ujkafe.website\/index.php?rest_route=%2Fwp%2Fv2%2Fcomments&post=59603"}],"version-history":[{"count":0,"href":"https:\/\/ujkafe.website\/index.php?rest_route=\/wp\/v2\/posts\/59603\/revisions"}],"wp:attachment":[{"href":"https:\/\/ujkafe.website\/index.php?rest_route=%2Fwp%2Fv2%2Fmedia&parent=59603"}],"wp:term":[{"taxonomy":"category","embeddable":true,"href":"https:\/\/ujkafe.website\/index.php?rest_route=%2Fwp%2Fv2%2Fcategories&post=59603"},{"taxonomy":"post_tag","embeddable":true,"href":"https:\/\/ujkafe.website\/index.php?rest_route=%2Fwp%2Fv2%2Ftags&post=59603"}],"curies":[{"name":"wp","href":"https:\/\/api.w.org\/{rel}","templated":true}]}}