
{"id":59925,"date":"2017-03-12T07:32:31","date_gmt":"2017-03-12T07:32:31","guid":{"rendered":"https:\/\/ujkafe.website\/?p=59925"},"modified":"2017-03-12T07:32:31","modified_gmt":"2017-03-12T07:32:31","slug":"agoston-hugo-hibaigazitas-casus-belli","status":"publish","type":"post","link":"https:\/\/ujkafe.website\/?p=59925","title":{"rendered":"\u00c1goston Hug\u00f3: Hibaigaz\u00edt\u00e1s &#8211; casus belli"},"content":{"rendered":"<p>H\u0171s\u00e9ges olvas\u00f3im tal\u00e1n \u00e9szrevett\u00e9k, hogy bizony n\u00e9ha keverem a f\u0151v\u00e1rosokat. Kudelka \u00far szomor\u00fa t\u00f6rt\u00e9nete p\u00e9ld\u00e1ul nyilv\u00e1nval\u00f3an Budapesten jelent meg a magas irodalomban. A visszhangos rom\u00e1n- magyar focimeccs, amelyr\u0151l Casus belli? c\u00edmmel vez\u00e9rcikket \u00edrtam, szint\u00e9n Budapesten t\u00f6rt\u00e9nt.<!--more--> Ebben a cikkben elk\u00f6vettem &#8211; friss rekord! &#8211; szer\u00e9ny p\u00e1lyafut\u00e1som egyik kapit\u00e1lis t\u00e9ved\u00e9s\u00e9t.<br \/>\n\u00c9szrevettem: a megjelen\u00e9s el\u0151tti \u00e9jszak\u00e1n d\u00f6bbent bel\u00e9m, amikor m\u00e1r k\u00e9s\u0151 volt, r\u00e9szint fokozva \u00e1lmatlan \u0151rk\u00f6d\u00e9sem f\u00e1jdalm\u00e1t, r\u00e9szint elterelve r\u00f3la a figyelmemet. A N\u00e9pstadionban lezajlott m\u00e9rk\u0151z\u00e9sr\u0151l \u00edrva Kosztol\u00e1nyit id\u00e9ztem, holott a bizonytalanabb elmeberendez\u00e9s\u0171ek is tudj\u00e1k, hogy az \u00dcll\u0151i \u00faton a Fradi p\u00e1lya van. \u00c9n is tudom, m\u00e9gis le\u00edrtam, amit le\u00edrtam.<br \/>\nHogyan t\u00f6rt\u00e9nhetett meg? Hiszen nem ez az els\u0151 vez\u00e9rcikkem. Hiszen ismerem \u00e9s alkot\u00f3an alkalmazom a magyar nyelv \u00f6sszes helyes\u00edr\u00e1si hib\u00e1it. Hisz j\u00e1rtam mindk\u00e9t stadionban. Hogy tal\u00e1n az ut\u00e1np\u00f3tl\u00e1s-csapatok egy nappal kor\u00e1bbi m\u00e9rk\u0151z\u00e9s\u00e9re gondoltam, amely t\u00e9nyleg a Ferencv\u00e1ros p\u00e1ly\u00e1j\u00e1n volt? Hogy ahhoz k\u00e9pest, hogy Kosztol\u00e1nyi nem is passzolt oda, el\u00e9g helyesen id\u00e9ztem? Hogy Budapest nem Bukarest? K\u00e9rem, ne mentegessenek!<br \/>\nNincs ments\u00e9gem. M\u00e9g csak azt sem tehetem meg, hogy &#8211; b\u00e1r azt kellene &#8211; soha t\u00f6bb\u00e9 le ne \u00edrjak egy sz\u00f3t sem, hiszen cikkeimre az\u00e9rt, \u00fagy mondj\u00e1k, sz\u00fcks\u00e9ge van a lapnak. (K\u00e9sz szerencse, hogy nem kapok \u00e9rt\u00fck tiszteletd\u00edjat.)<br \/>\nTudj\u00e1k, \u00e9n \u00fagy \u00edrok, hogy k\u00f6zben szeretek az olvas\u00f3 szem\u00e9be n\u00e9zni. Ezek ut\u00e1n, hogy n\u00e9zek az olvas\u00f3 szem\u00e9be? Bar\u00e1taim szem\u00e9be, akik az\u00e9rt olvasnak, mert bar\u00e1taim, \u00e9s akik az\u00e9rt bar\u00e1taim, mert olvasnak. H\u00e1t azoknak a hazai olvas\u00f3knak, akik \u00e9szre sem vett\u00e9k a hib\u00e1t, amellyel f\u00e9lret\u00e1j\u00e9koztattam \u0151ket, hogy n\u00e9zek a szem\u00fckbe?<br \/>\n\u201eBezzeg a dr\u00e1gal\u00e1tos Bukarestj\u00e9t ismeri\u201d &#8211; gondolj\u00e1k biztosan pesti olvas\u00f3im (\u00e9s lehet, hogy a budaiak is). Ez ellen tiltakozom: \u00e9n &#8211; noha k\u00f6zel h\u00e1rom \u00e9vtizede itt lakom &#8211; Bukarestet nem ismerem. El sem tudj\u00e1k k\u00e9pzelni, mi mindennek a hely\u00e9t, a c\u00edm\u00e9t, a holl\u00e9t\u00e9t nem tudom Bukarestben! (<strong>1998. november 12. \/ A H\u00e9t)<\/strong><\/p>\n<p><em>Forr\u00e1s: Bukaresti \u00e9let, k\u00e9pek. Scripta Kiad\u00f3, 2001<\/em><\/p>\n<p>Az eddigi fejezetek:&nbsp;<\/p>\n<p><strong><a href=\"https:\/\/ujkafe.website\/?p=58407\">Fekete bet\u0171kkel<\/a>&nbsp;\/&nbsp;<\/strong><strong><a href=\"https:\/\/ujkafe.website\/?p=58441\">A Parlamentben \u2013 K\u00f6nyvkaland<\/a>&nbsp;\/&nbsp;<\/strong><strong><a href=\"https:\/\/ujkafe.website\/?p=58474\">Jav\u00edtj\u00e1k az utc\u00e1t<\/a>&nbsp;\/&nbsp;<\/strong><a href=\"https:\/\/ujkafe.website\/?p=58523\"><strong>Divatbemutat\u00f3<\/strong><\/a><\/p>\n<p><strong><a href=\"https:\/\/ujkafe.website\/?p=58552\">A kutya v\u00f6r\u00f6s<\/a>&nbsp;\/&nbsp;<\/strong><strong><a href=\"https:\/\/ujkafe.website\/?p=58613\">H\u00fasz \u00e9ve m\u00e1r<\/a>&nbsp;\/&nbsp;<\/strong><strong><a href=\"https:\/\/ujkafe.website\/?p=58642\">&nbsp;K\u00f3rh\u00e1zi k\u00e9peslapok<\/a>&nbsp;\/ <a href=\"https:\/\/ujkafe.website\/?p=58692\">Tal\u00e1lkoztam Dumnyez\u00f3val<\/a> \/<\/strong><\/p>\n<p><strong><a href=\"https:\/\/ujkafe.website\/?p=58727\">Kis \u00e9ji zene<\/a> \/ <a href=\"https:\/\/ujkafe.website\/?p=58761\">A k\u00f6nyvv\u00e1s\u00e1ron<\/a>&nbsp;\/ <a href=\"https:\/\/ujkafe.website\/?p=58792\">L\u00e1gytoj\u00e1s, elk\u00e9sett l\u00e1tom\u00e1s<\/a> \/ <a href=\"https:\/\/ujkafe.website\/?p=58815\">Culianu a f\u0151v\u00e1rosban <\/a>\/&nbsp;<\/strong><\/p>\n<p><a href=\"https:\/\/ujkafe.website\/?p=58836\"><strong>Clinton<\/strong><\/a> \/&nbsp;<a href=\"https:\/\/ujkafe.website\/?p=58865\"><strong>Budaresti ecset sajt\u00f3lib\u00e1val<\/strong><\/a> \/ <a href=\"https:\/\/ujkafe.website\/?p=58886\"><strong>Koldus \u00e9s kir\u00e1lyfi<\/strong><\/a> \/ <a href=\"https:\/\/ujkafe.website\/?p=58922\"><strong>El\u00f6ssze<\/strong><\/a> \/ <a href=\"https:\/\/ujkafe.website\/?p=58952\"><strong>Baleset<\/strong><\/a> \/&nbsp;<\/p>\n<p><a href=\"https:\/\/ujkafe.website\/?p=58979\"><strong>F\u0151v\u00e1rosis\u00e1gom<\/strong><\/a> \/<strong><a href=\"https:\/\/ujkafe.website\/?p=59018\">&nbsp;H\u00e1rom szekus, k\u00e9t szekus, egy szekus, haj<\/a><\/strong>! \/ <a href=\"https:\/\/ujkafe.website\/?p=59052\"><strong>Szagl\u00f3 m\u0171vek<\/strong><\/a> \/<\/p>\n<p><strong><a href=\"https:\/\/ujkafe.website\/?p=59091\">Az \u00e1llom\u00e1si taxi paradoxona<\/a> \/<a href=\"https:\/\/ujkafe.website\/?p=59114\"> Fr\u00f6ccs<\/a> \/&nbsp;<a href=\"https:\/\/ujkafe.website\/?p=59138\">Doppelg\u00e4nger<\/a> \/&nbsp;<a href=\"https:\/\/ujkafe.website\/?p=59232\">A n\u0151 sz\u00edv\u00e9t ki ismeri?<\/a> \/<\/strong><\/p>\n<p><a href=\"https:\/\/ujkafe.website\/?p=59272\"><strong>T\u00e9v\u00e9vita<\/strong><\/a> \/ <a href=\"https:\/\/ujkafe.website\/?p=59332\"><strong>Voltam a boltban<\/strong><\/a> \/ <strong><a href=\"https:\/\/ujkafe.website\/?p=59359\">A b\u0151g\u00e9s zavara<\/a>&nbsp;\/ <a href=\"https:\/\/ujkafe.website\/?p=59387\">Baleset-hal\u00e1lok <\/a>\/ <a href=\"https:\/\/ujkafe.website\/?p=59420\">K\u00e9pek a m\u00faltb\u00f3l<\/a> \/<\/strong><\/p>\n<p><a href=\"https:\/\/ujkafe.website\/?p=59456\"><strong>Kaland beg\u00f3ni\u00e1val<\/strong><\/a> \/ <a href=\"https:\/\/ujkafe.website\/?p=59512\"><strong>Mez\u00edtl\u00e1b a h\u00f3ban<\/strong> <\/a>\/ <a href=\"https:\/\/ujkafe.website\/?p=59563\"><strong>L\u00e9t\u00e9rtelmi \u0171r<\/strong><\/a> \/ <a href=\"https:\/\/ujkafe.website\/?p=59603\"><strong>\u00dajabb k\u00f3rh\u00e1zi k\u00e9peslapok<\/strong><\/a> \/&nbsp;<\/p>\n<p><a href=\"https:\/\/ujkafe.website\/?p=59675\"><strong>A hatodik (k\u00f6nyvv\u00e1s\u00e1ri felv\u00e9telek)<\/strong><\/a> \/ <a href=\"https:\/\/ujkafe.website\/?p=59729\"><strong>Korany\u00e1r<\/strong><\/a> \/<a href=\"https:\/\/ujkafe.website\/?p=59808\"><strong> Abszurdoid<\/strong> <\/a>\/<a href=\"https:\/\/ujkafe.website\/?p=59862\"><strong> Fesztiv\u00e1l<\/strong><\/a> \/&nbsp;<\/p>\n<p><a href=\"https:\/\/ujkafe.website\/?p=59895\"><strong>Kudelka j\u00f3 \u00fasz\u00f3?<\/strong><\/a> \/&nbsp;<\/p>\n<p>&nbsp;<\/p>\n","protected":false},"excerpt":{"rendered":"<p>H\u0171s\u00e9ges olvas\u00f3im tal\u00e1n \u00e9szrevett\u00e9k, hogy bizony n\u00e9ha keverem a f\u0151v\u00e1rosokat. Kudelka \u00far szomor\u00fa t\u00f6rt\u00e9nete p\u00e9ld\u00e1ul nyilv\u00e1nval\u00f3an Budapesten jelent meg a magas irodalomban. A visszhangos rom\u00e1n- magyar focimeccs, amelyr\u0151l Casus belli? c\u00edmmel vez\u00e9rcikket \u00edrtam, szint\u00e9n Budapesten t\u00f6rt\u00e9nt.<\/p>\n","protected":false},"author":3,"featured_media":0,"comment_status":"open","ping_status":"open","sticky":false,"template":"","format":"standard","meta":{"_monsterinsights_skip_tracking":false,"_monsterinsights_sitenote_active":false,"_monsterinsights_sitenote_note":"","_monsterinsights_sitenote_category":0,"ngg_post_thumbnail":0,"footnotes":""},"categories":[120],"tags":[],"class_list":["post-59925","post","type-post","status-publish","format-standard","hentry","category-essze"],"_links":{"self":[{"href":"https:\/\/ujkafe.website\/index.php?rest_route=\/wp\/v2\/posts\/59925","targetHints":{"allow":["GET"]}}],"collection":[{"href":"https:\/\/ujkafe.website\/index.php?rest_route=\/wp\/v2\/posts"}],"about":[{"href":"https:\/\/ujkafe.website\/index.php?rest_route=\/wp\/v2\/types\/post"}],"author":[{"embeddable":true,"href":"https:\/\/ujkafe.website\/index.php?rest_route=\/wp\/v2\/users\/3"}],"replies":[{"embeddable":true,"href":"https:\/\/ujkafe.website\/index.php?rest_route=%2Fwp%2Fv2%2Fcomments&post=59925"}],"version-history":[{"count":0,"href":"https:\/\/ujkafe.website\/index.php?rest_route=\/wp\/v2\/posts\/59925\/revisions"}],"wp:attachment":[{"href":"https:\/\/ujkafe.website\/index.php?rest_route=%2Fwp%2Fv2%2Fmedia&parent=59925"}],"wp:term":[{"taxonomy":"category","embeddable":true,"href":"https:\/\/ujkafe.website\/index.php?rest_route=%2Fwp%2Fv2%2Fcategories&post=59925"},{"taxonomy":"post_tag","embeddable":true,"href":"https:\/\/ujkafe.website\/index.php?rest_route=%2Fwp%2Fv2%2Ftags&post=59925"}],"curies":[{"name":"wp","href":"https:\/\/api.w.org\/{rel}","templated":true}]}}