
{"id":60169,"date":"2017-03-18T12:01:56","date_gmt":"2017-03-18T12:01:56","guid":{"rendered":"https:\/\/ujkafe.website\/?p=60169"},"modified":"2017-03-18T12:01:56","modified_gmt":"2017-03-18T12:01:56","slug":"agoston-hugo-kormanyepulet-kisertetoran","status":"publish","type":"post","link":"https:\/\/ujkafe.website\/?p=60169","title":{"rendered":"\u00c1goston Hug\u00f3: Korm\u00e1ny\u00e9p\u00fclet k\u00eds\u00e9rtet\u00f3r\u00e1n"},"content":{"rendered":"<p>Megt\u00f6rt\u00e9nt eset, ha csak a bukaresti napilap, amelyben r\u00e1leltem, ki nem tal\u00e1lta (kital\u00e1ci\u00f3inak am\u00fagy se szeri, se sz\u00e1ma). De ha nem t\u00f6rt\u00e9nt meg, akkor is jellemz\u0151.<br \/>\nF\u00e9lr\u00e9szeg ember, \u00e9jf\u00e9l ut\u00e1n, a korm\u00e1ny \u00e9p\u00fclete el\u0151tt. (Gy\u0151zelem palota az azonos nev\u0171 t\u00e9ren, aki nem tudn\u00e1, hol van: szemben a Soros-irod\u00e1val \u00e9s sr\u00e9gvizavi a rokonszenves Antipa M\u00fazeummal.)<!--more--> A negyven\u00f6t \u00e9v k\u00f6r\u00fcli f\u00e9rfi l\u00f3farkat visel (\u00fagy kell \u00e9rteni, hogy a haja hossz\u00fa, \u00e9s h\u00e1tul \u00f6ssze van fogva), \u00e9s als\u00f3nadr\u00e1gban tiltakozik.<br \/>\nRiporter: &#8211; Ily k\u00e9s\u0151 \u00e9jszaka mit keres kinn a korm\u00e1ny \u00e9p\u00fclete el\u0151tt? Ilie Dr\u0103ghici: &#8211; Tiltakozom a t\u00f6rv\u00e9ny ellen. &#8211; Melyik t\u00f6rv\u00e9ny ellen? &#8211; Ez ellen a szemtelen t\u00f6rv\u00e9ny ellen, amely mindny\u00e1junkat s\u00fajt, ennek az orsz\u00e1gnak a t\u00f6rv\u00e9nye ellen, amely m\u00e9g nincs, mert egy nagy k\u00e1oszban \u00e9l\u00fcnk, \u00e9s nem tudunk viselkedni. &#8211; \u00c9s mit akar el\u00e9rni? &#8211; V\u00e1rom, hogy j\u00f6jj\u00f6n ki a t\u00f6rv\u00e9ny valamelyik k\u00e9pvisel\u0151je, hogy elmondhassam neki, mi\u00e9rt szenvedek \u00e9n ebben az orsz\u00e1gban h\u00e9t \u00e9ve. &#8211; Mi a foglalkoz\u00e1sa? &#8211; \u00c9n N\u00e9metorsz\u00e1gban lakom, \u00e9s hazaj\u00f6ttem az \u00e9n orsz\u00e1gomba, hogy h\u00e1zakat \u00e9p\u00edtsek, hogy idehozzam Eur\u00f3p\u00e1t a B\u0103neas\u00e1ra, ahol lakom. &#8211; \u00c9s meddig akar itt \u00e1llni? &#8211; Am\u00edg a probl\u00e9m\u00e1m megold\u00f3dik. &#8211; Nem h\u0171l meg? November van. &#8211; Az ember hozzon \u00e1ldozatot, ha c\u00e9lkit\u0171z\u00e9sei vannak. &#8211; Konkr\u00e9tan v\u00e1r valakit? &#8211; Nem, j\u00f6het b\u00e1rki illet\u00e9kes. &#8211; \u00c9s ki az illet\u00e9kes? &#8211; Nem tudom, n\u00e1lunk m\u00e1r senki semmihez nem \u00e9rt. &#8211; \u00c9s mi\u00e9rt protest\u00e1l ilyen hi\u00e1nyos \u00f6lt\u00f6z\u00e9kben? &#8211; Mi\u00e9rt, hogyan k\u00e9ne? Nem vagyok meztelen, mert akkor nagyon sokan \u00f6sszegy\u0171ln\u00e9nek.<br \/>\nRend\u0151r: &#8211; K\u00e9rem az igazolv\u00e1ny\u00e1t! &#8211; Ilie vagyok B\u0103neas\u00e1r\u00f3l. Uram, \u00e9n Arkan mellett \u00e9ltem. Tudja maga, hogy kicsoda Arkan? Arkan a legnagyobb maffi\u00f3z\u00f3 Jugoszl\u00e1vi\u00e1ban, Dinunak, a futballedz\u0151nek a bar\u00e1tja. Maga nem tudja, kivel \u00e1ll szemben, ha tudn\u00e1, odafagyna. &#8211; Ilie \u00far, \u00e9n egyel\u0151re rend\u0151r vagyok, \u00e9s nem fagyok oda senki el\u0151tt. &#8211; \u00c9n mondom, hogy odafagy, mert tudod, mit \u00e9r az \u00e9n \u00e9letem? Huszon\u00f6t banit, annyit \u00e9r! Nincs semmi iratom, a fel\u00f6lt\u0151mben, ott a kocsiban van nem tudom h\u00e1ny milli\u00f3 lej. Ennyi.<br \/>\nRiporter: &#8211; Van csal\u00e1dja? &#8211; A l\u00e1nyaim itt laknak. A nagyobbik orvostanhallgat\u00f3, a kisebbik a n\u00e9met iskol\u00e1ban v\u00e9gzett. &#8211; S meddig akar itt \u00fclni? &#8211; Am\u00edg az esetemr\u0151l jegyz\u0151k\u00f6nyvet vesznek fel, \u00e9s alaposan tanulm\u00e1nyozz\u00e1k. &#8211; Milyen megold\u00e1sra sz\u00e1m\u00edt? &#8211; \u00c9n egy olyan helyen lakom, ahol hat \u00e9ve gy\u00f6t\u00f6rnek az aut\u00f3buszok. &#8211; Hogyan gy\u00f6trik? &#8211; Vonulnak vissza a v\u00e9g\u00e1llom\u00e1sra, este t\u00edz \u00f3r\u00e1t\u00f3l \u00e9jjel egy \u00f3r\u00e1ig. El\u00e1llj\u00e1k az utat, nem lehet t\u0151l\u00fck k\u00f6zlekedni, aludni kipufog\u00f3g\u00e1zuk megfullasztja az embert. Nem b\u00edrom.<\/p>\n<p>A b\u0103neasai n\u00e9met \u00e1llampolg\u00e1r viharvert idegzet\u00e9t teh\u00e1t aut\u00f3buszok zaja \u00e9s szaga nem hagyja nyugodni. Filozofikus alkat, k\u00e9ts\u00e9gtelen\u00fcl, b\u00e1r jogi ismeretei tal\u00e1n nem eg\u00e9szen impon\u00e1l\u00f3ak. A zaj, a zaj m\u00e1r a n\u00e9met klasszikus filoz\u00f3fusokat is foglalkoztatta, nyugtalan\u00edtotta. Herr Ilie (vagy ahogyan az azonos nev\u0171 valenciai csat\u00e1rt a nyugati sportkomment\u00e1torok ejtik: Ili) bizony\u00e1ra nem tud r\u00f3la, de egy Schopenhauer nev\u0171 volt \u00e1llampolg\u00e1rt\u00e1rsa szint\u00e9n \u0151r\u00fcletbe kerget\u0151d\u00f6tt a zajt\u00f3l. Felh\u00e1borodott essz\u00e9t szentelt tiltakoz\u00e1s\u00e1nak a zaj ellen, amit ablaka alatt a kik\u00f6vezett utc\u00e1n a b\u00e9rkocsik csaptak (L\u00e1rma \u00e9s zaj). Ha tudna r\u00f3la, Herr Ilie tal\u00e1n kev\u00e9sb\u00e9 l\u00e1tv\u00e1nyosan \u00e9s zajosan k\u00f6veteln\u00e9 a csendet. Vajon hol van most, vajon megnyugodott? <strong>(1998. november 19. \/ A H\u00e9t)<\/strong><\/p>\n<div id=\"post-60106\" class=\"post\">\n<div class=\"entry\">\n<div class=\"entry\">\n<p><em>Forr\u00e1s: Bukaresti \u00e9let, k\u00e9pek. Scripta Kiad\u00f3, 2001<\/em><\/p>\n<p>Az eddigi fejezetek:&nbsp;<\/p>\n<p><strong><a href=\"https:\/\/ujkafe.website\/?p=58407\">Fekete bet\u0171kkel<\/a>&nbsp;\/&nbsp;<\/strong><strong><a href=\"https:\/\/ujkafe.website\/?p=58441\">A Parlamentben \u2013 K\u00f6nyvkaland<\/a>&nbsp;\/&nbsp;<\/strong><strong><a href=\"https:\/\/ujkafe.website\/?p=58474\">Jav\u00edtj\u00e1k az utc\u00e1t<\/a>&nbsp;\/&nbsp;<\/strong><a href=\"https:\/\/ujkafe.website\/?p=58523\"><strong>Divatbemutat\u00f3<\/strong><\/a><\/p>\n<p><strong><a href=\"https:\/\/ujkafe.website\/?p=58552\">A kutya v\u00f6r\u00f6s<\/a>&nbsp;\/&nbsp;<\/strong><strong><a href=\"https:\/\/ujkafe.website\/?p=58613\">H\u00fasz \u00e9ve m\u00e1r<\/a>&nbsp;\/&nbsp;<\/strong><strong><a href=\"https:\/\/ujkafe.website\/?p=58642\">&nbsp;K\u00f3rh\u00e1zi k\u00e9peslapok<\/a>&nbsp;\/ <a href=\"https:\/\/ujkafe.website\/?p=58692\">Tal\u00e1lkoztam Dumnyez\u00f3val<\/a> \/<\/strong><\/p>\n<p><strong><a href=\"https:\/\/ujkafe.website\/?p=58727\">Kis \u00e9ji zene<\/a> \/ <a href=\"https:\/\/ujkafe.website\/?p=58761\">A k\u00f6nyvv\u00e1s\u00e1ron<\/a>&nbsp;\/ <a href=\"https:\/\/ujkafe.website\/?p=58792\">L\u00e1gytoj\u00e1s, elk\u00e9sett l\u00e1tom\u00e1s<\/a> \/ <a href=\"https:\/\/ujkafe.website\/?p=58815\">Culianu a f\u0151v\u00e1rosban <\/a>\/&nbsp;<\/strong><\/p>\n<p><a href=\"https:\/\/ujkafe.website\/?p=58836\"><strong>Clinton<\/strong><\/a> \/&nbsp;<a href=\"https:\/\/ujkafe.website\/?p=58865\"><strong>Budaresti ecset sajt\u00f3lib\u00e1val<\/strong><\/a> \/ <a href=\"https:\/\/ujkafe.website\/?p=58886\"><strong>Koldus \u00e9s kir\u00e1lyfi<\/strong><\/a> \/ <a href=\"https:\/\/ujkafe.website\/?p=58922\"><strong>El\u00f6ssze<\/strong><\/a> \/ <a href=\"https:\/\/ujkafe.website\/?p=58952\"><strong>Baleset<\/strong><\/a> \/&nbsp;<\/p>\n<p><a href=\"https:\/\/ujkafe.website\/?p=58979\"><strong>F\u0151v\u00e1rosis\u00e1gom<\/strong><\/a> \/<strong><a href=\"https:\/\/ujkafe.website\/?p=59018\">&nbsp;H\u00e1rom szekus, k\u00e9t szekus, egy szekus, haj<\/a><\/strong>! \/ <a href=\"https:\/\/ujkafe.website\/?p=59052\"><strong>Szagl\u00f3 m\u0171vek<\/strong><\/a> \/<\/p>\n<p><strong><a href=\"https:\/\/ujkafe.website\/?p=59091\">Az \u00e1llom\u00e1si taxi paradoxona<\/a> \/<a href=\"https:\/\/ujkafe.website\/?p=59114\"> Fr\u00f6ccs<\/a> \/&nbsp;<a href=\"https:\/\/ujkafe.website\/?p=59138\">Doppelg\u00e4nger<\/a> \/&nbsp;<a href=\"https:\/\/ujkafe.website\/?p=59232\">A n\u0151 sz\u00edv\u00e9t ki ismeri?<\/a> \/<\/strong><\/p>\n<p><a href=\"https:\/\/ujkafe.website\/?p=59272\"><strong>T\u00e9v\u00e9vita<\/strong><\/a> \/ <a href=\"https:\/\/ujkafe.website\/?p=59332\"><strong>Voltam a boltban<\/strong><\/a> \/ <strong><a href=\"https:\/\/ujkafe.website\/?p=59359\">A b\u0151g\u00e9s zavara<\/a>&nbsp;\/ <a href=\"https:\/\/ujkafe.website\/?p=59387\">Baleset-hal\u00e1lok <\/a>\/ <a href=\"https:\/\/ujkafe.website\/?p=59420\">K\u00e9pek a m\u00faltb\u00f3l<\/a> \/<\/strong><\/p>\n<p><a href=\"https:\/\/ujkafe.website\/?p=59456\"><strong>Kaland beg\u00f3ni\u00e1val<\/strong><\/a> \/ <a href=\"https:\/\/ujkafe.website\/?p=59512\"><strong>Mez\u00edtl\u00e1b a h\u00f3ban<\/strong> <\/a>\/ <a href=\"https:\/\/ujkafe.website\/?p=59563\"><strong>L\u00e9t\u00e9rtelmi \u0171r<\/strong><\/a> \/ <a href=\"https:\/\/ujkafe.website\/?p=59603\"><strong>\u00dajabb k\u00f3rh\u00e1zi k\u00e9peslapok<\/strong><\/a> \/&nbsp;<\/p>\n<p><a href=\"https:\/\/ujkafe.website\/?p=59675\"><strong>A hatodik (k\u00f6nyvv\u00e1s\u00e1ri felv\u00e9telek)<\/strong><\/a> \/ <a href=\"https:\/\/ujkafe.website\/?p=59729\"><strong>Korany\u00e1r<\/strong><\/a> \/<a href=\"https:\/\/ujkafe.website\/?p=59808\"><strong> Abszurdoid<\/strong> <\/a>\/<a href=\"https:\/\/ujkafe.website\/?p=59862\"><strong> Fesztiv\u00e1l<\/strong><\/a> \/&nbsp;<\/p>\n<p><a href=\"https:\/\/ujkafe.website\/?p=59895\"><strong>Kudelka j\u00f3 \u00fasz\u00f3?<\/strong><\/a> \/ <a href=\"https:\/\/ujkafe.website\/?p=59925\"><b><u>Hibaigaz\u00edt\u00e1s<\/u><\/b><strong>&nbsp;\u2013 casus belli<\/strong><\/a> \/ <a href=\"https:\/\/ujkafe.website\/?p=60036\"><strong>Pesszimista kom\u00e9dia<\/strong><\/a> \/&nbsp;<\/p>\n<p><a href=\"https:\/\/ujkafe.website\/?p=60106\"><strong>K\u00fcl\u00fcgy \u00e9s Alap\u00edtv\u00e1ny<\/strong> <\/a>\/&nbsp;<\/p>\n<\/div>\n<div class=\"meta\">\n<p>&nbsp;<\/p>\n<\/div>\n<\/div>\n<div class=\"meta\">&nbsp;<\/div>\n<\/div>\n<div id=\"respond\" class=\"post\">&nbsp;<\/div>\n","protected":false},"excerpt":{"rendered":"<p>Megt\u00f6rt\u00e9nt eset, ha csak a bukaresti napilap, amelyben r\u00e1leltem, ki nem tal\u00e1lta (kital\u00e1ci\u00f3inak am\u00fagy se szeri, se sz\u00e1ma). De ha nem t\u00f6rt\u00e9nt meg, akkor is jellemz\u0151. F\u00e9lr\u00e9szeg ember, \u00e9jf\u00e9l ut\u00e1n, a korm\u00e1ny \u00e9p\u00fclete el\u0151tt. (Gy\u0151zelem palota az azonos nev\u0171 t\u00e9ren, aki nem tudn\u00e1, hol van: szemben a Soros-irod\u00e1val \u00e9s sr\u00e9gvizavi a rokonszenves Antipa M\u00fazeummal.)<\/p>\n","protected":false},"author":3,"featured_media":0,"comment_status":"open","ping_status":"open","sticky":false,"template":"","format":"standard","meta":{"_monsterinsights_skip_tracking":false,"_monsterinsights_sitenote_active":false,"_monsterinsights_sitenote_note":"","_monsterinsights_sitenote_category":0,"ngg_post_thumbnail":0,"footnotes":""},"categories":[120],"tags":[],"class_list":["post-60169","post","type-post","status-publish","format-standard","hentry","category-essze"],"_links":{"self":[{"href":"https:\/\/ujkafe.website\/index.php?rest_route=\/wp\/v2\/posts\/60169","targetHints":{"allow":["GET"]}}],"collection":[{"href":"https:\/\/ujkafe.website\/index.php?rest_route=\/wp\/v2\/posts"}],"about":[{"href":"https:\/\/ujkafe.website\/index.php?rest_route=\/wp\/v2\/types\/post"}],"author":[{"embeddable":true,"href":"https:\/\/ujkafe.website\/index.php?rest_route=\/wp\/v2\/users\/3"}],"replies":[{"embeddable":true,"href":"https:\/\/ujkafe.website\/index.php?rest_route=%2Fwp%2Fv2%2Fcomments&post=60169"}],"version-history":[{"count":0,"href":"https:\/\/ujkafe.website\/index.php?rest_route=\/wp\/v2\/posts\/60169\/revisions"}],"wp:attachment":[{"href":"https:\/\/ujkafe.website\/index.php?rest_route=%2Fwp%2Fv2%2Fmedia&parent=60169"}],"wp:term":[{"taxonomy":"category","embeddable":true,"href":"https:\/\/ujkafe.website\/index.php?rest_route=%2Fwp%2Fv2%2Fcategories&post=60169"},{"taxonomy":"post_tag","embeddable":true,"href":"https:\/\/ujkafe.website\/index.php?rest_route=%2Fwp%2Fv2%2Ftags&post=60169"}],"curies":[{"name":"wp","href":"https:\/\/api.w.org\/{rel}","templated":true}]}}