
{"id":60218,"date":"2017-03-20T04:23:34","date_gmt":"2017-03-20T04:23:34","guid":{"rendered":"https:\/\/ujkafe.website\/?p=60218"},"modified":"2017-03-20T04:25:10","modified_gmt":"2017-03-20T04:25:10","slug":"agoston-hugo-egyetemistak","status":"publish","type":"post","link":"https:\/\/ujkafe.website\/?p=60218","title":{"rendered":"\u00c1goston Hug\u00f3: Egyetemist\u00e1k"},"content":{"rendered":"<p>Nosztalgi\u00e1val gondolok az Egyetem t\u00e9rre. 1990 kora nyar\u00e1n: az volt a Forradalom. \u00c9n ugyanis azoknak az \u00e1ll\u00e1spontj\u00e1t osztom, akik szerint \u201989 december\u00e9ben a n\u00e9pharag forradalomk\u00e9nt t\u00f6rt ki, de a volt kommunista m\u00e1sodik vonal elorozta, megakad\u00e1lyozta kiteljesed\u00e9s\u00e9t (bele\u00e9rtve, hogy \u201ekisebb\u201d v\u00e9ront\u00e1s \u00e1r\u00e1n elej\u00e9t vett\u00e9k a j\u00f3val nagyobb v\u00e9ront\u00e1snak, esetleg a polg\u00e1rh\u00e1bor\u00fanak). Az eszmev\u00e1lt\u00f3 megmozdul\u00e1s az Egyetem t\u00e9ri volt, itt \u00fajult (volna) ki a forradalom, itt t\u00f6rt ki mindaz, ami az \u201einterruptus\u201d miatt a di\u00e1ks\u00e1gban \u201ebenne maradt\u201d.<!--more--><br \/>\nElmentem n\u00e9h\u00e1nyszor t\u00fcntetni \u00e9n is, tiltakozni a dolgok rosszra fordul\u00e1sa ellen. Autentikus, autizmus-old\u00f3 pillanatok voltak, \u00e9lt\u00fck a t\u00f6rt\u00e9nelmet. Olykor d\u00e9lut\u00e1n a szerkeszt\u0151s\u00e9gb\u0151l rohantam a posztmodern forradalomba, a \u201ekommunizmusmentes \u00f6vezet nulladik kilom\u00e9terk\u00f6v\u00e9hez\u201d. De csak az elej\u00e9n, amikor m\u00e9g harsogva ki\u00e1ltottuk, hogy \u201eEur\u00f3pa!\u201d, amikor m\u00e9g nem jelentek meg a nacionalista felhangok, a di\u00e1kvez\u00e9r m\u00e9g nem vette m\u00e9lyrom\u00e1nra a figur\u00e1t, \u00e9s amikor az eg\u00e9szet m\u00e9g nem vonta k\u00f6r\u00fcl a t\u00f6bb\u00e9-kev\u00e9sb\u00e9 manipul\u00e1lt s\u00f6pred\u00e9k szennyes tajt\u00e9kgall\u00e9rja. Elmaradtam az\u00e9rt is, mert a sz\u00f3nokok n\u00e9melyike ortodox retorikai fordulattal mindegyre let\u00e9rdepeltette a t\u00e1rsas\u00e1got, nekem pedig nem volt magammal vihet\u0151 imazs\u00e1molyom.<br \/>\nAzt\u00e1n l\u00e1ttam a b\u00e1ny\u00e1szd\u00fal\u00e1st j\u00fanius k\u00f6zep\u00e9n; a Lipscani (a.m. Lipcsei) \u00faton szemtan\u00faja voltam, amint f\u00e9l-civil barb\u00e1rok agyonvertek egy cig\u00e1ny sr\u00e1cot\u2026 De h\u00e1t mintha mindezeket meg\u00edrtam m\u00e1r.<br \/>\nMost ism\u00e9t t\u00fcntetnek a bukaresti di\u00e1kok. Vid\u00e9ken kezdt\u00e9k, f\u0151k\u00e9pp a volt hatalmi (ma legf\u0151bb ellenz\u00e9ki) p\u00e1rt fels\u00e9gter\u00fclet\u00e9nek sz\u00e1m\u00edt\u00f3 keleti orsz\u00e1gr\u00e9szben, s a kezdeti k\u00f6vetel\u00e9sek k\u00f6z\u00f6tt voltak politikaiak is &#8211; bizony, a der\u00e9k moldvaiak er\u00e9lyesen k\u00f6vetelt\u00e9k, hogy ne legyen Pe t\u0151fi-Schiller egyetem. L\u00e9tre is hozt\u00e1k a Di\u00e1kliga ellenszervezet\u00e9t, amolyan bal-jobb programmal, de v\u00e9g\u00fcl az eg\u00e9sz felold\u00f3dott a tiszt\u00e1n szoci\u00e1lis jelleg\u0171 k\u00f6vetel\u00e9sekben. E sorok \u00edr\u00e1sakor m\u00e1r \u201eaz eg\u00e9sz orsz\u00e1g egyetemi di\u00e1ks\u00e1ga\u201d sztr\u00e1jkol, a legv\u00e1ltozatosabb form\u00e1kban. Nem a miniszt\u00e9riumukkal vagy a miniszter\u00fckkel ker\u00fcltek konfliktusba, nekik a korm\u00e1nnyal van bajuk. (Els\u0151 k\u00f6vetel\u00e9seik k\u00f6z\u00f6tt szerepelt az is, hogy a korm\u00e1ny sz\u00e1molja fel a korrupci\u00f3t &#8211; mert \u0151k addig nem mennek haza. Azt\u00e1n a h\u00e9tv\u00e9g\u00e9re m\u00e9gis hazamentek.)<br \/>\nA di\u00e1koknak igazuk van, amikor jobb \u00e9letk\u00f6r\u00fclm\u00e9nyeket k\u00f6vetelnek. Rom\u00e1ni\u00e1ban a lakoss\u00e1g kilencven sz\u00e1zal\u00e9ka jogosan k\u00f6vetelhet jobb \u00e9letk\u00f6r\u00fclm\u00e9nyeket. M\u00e9gis, valahogy az eg\u00e9sz k\u00e9t dolgot juttatott eszembe: 1. Hogy tal\u00e1n mag\u00e1b\u00f3l a miniszt\u00e9riumb\u00f3l indult a \u201ekezdem\u00e9nyez\u00e9s\u201d; min\u00e9l t\u00f6bbet el\u00e9rni most, amikor a j\u00f6v\u0151 \u00e9vi k\u00f6lts\u00e9gvet\u00e9s k\u00e9sz\u00fcl; erre vall, hogy kor\u00e1bban a miniszt\u00e9rium a tan\u00e1rok t\u00fcntet\u00e9s\u00e9vel is egyet\u00e9rtett, s a di\u00e1kok akkori szolidarit\u00e1s\u00e1t most \u201emegh\u00e1l\u00e1lt\u00e1k\u201d a tan\u00e1rok; 2. Chesterton mond\u00e1s\u00e1t a t\u00fcntet\u0151 g\u00e9p\u00edr\u00f3kisasszonyokr\u00f3l, akik nem hagyj\u00e1k, hogy a f\u00e9rfiak dikt\u00e1ljanak nekik.<br \/>\nKimentem megn\u00e9zni, mik\u00e9nt fest. Az Egyetem, a Bukaresti (Nagy) Egyetem k\u00f6r\u00fcl nem volt semmi k\u00fcl\u00f6n\u00f6s, ha csak a bej\u00e1rati l\u00e9pcs\u0151k\u00f6n kiter\u00edtett, alkalmasint legnagyobb eur\u00f3pai szabadt\u00e9ri antikv\u00e1rium szokottn\u00e1l tal\u00e1n nagyobb ny\u00fczsg\u00e9s\u00e9t nem sz\u00e1m\u00edtom. A Jogi Egyetem k\u00f6r\u00fcl (1980-ban itt tartott\u00e1k a Tudom\u00e1nyt\u00f6rt\u00e9neti Vil\u00e1gkongresszust, milyen j\u00f3l vizsg\u00e1zott A H\u00e9t ifj\u00fa riporter-k\u00fcl\u00f6n\u00edtm\u00e9nye!) m\u00e1r nagyobb volt a mozg\u00e1s &#8211; menet indult a Miniszt\u00e9rium fel\u00e9. A bukarestiek (a rom\u00e1nok? az egyetemist\u00e1k?) \u00e9rtenek, hozz\u00e1, hogy mindennek n\u00e9p\u00fcnnep\u00e9ly-jelleget k\u00f6lcs\u00f6n\u00f6zzenek. Az \u00e9p\u00fclet homlokzat\u00e1r\u00f3l a r\u00f3mai, a rom\u00e1n \u00e9s az egyetemes jogtudom\u00e1ny nagyjai szenvtelen\u00fcl n\u00e9zt\u00e9k a fiatal h\u00f3r\u00e1z\u00f3kat. Meg kell mondanom: a t\u00e1ncol\u00f3k j\u00f3l\u00f6lt\u00f6z\u00f6ttek voltak, k\u00fcl\u00f6n\u00f6sen n\u00e9h\u00e1ny (p\u00e1r) pr\u00edma cip\u0151 ragadta meg a figyelmemet.<br \/>\nEszembe jut a harminc \u00e9vvel ezel\u0151tti p\u00e1rizsi di\u00e1kl\u00e1zad\u00e1s; akkor voltam egyetemista. Ha j\u00f3l eml\u00e9kszem, a nonkonformizmushoz val\u00f3 jogot (is) k\u00f6vetelt\u00e9k maguknak akkor a di\u00e1kok. A Le Monde teljes c\u00edmlapj\u00e1r\u00f3l Einstein k\u00e9pe tekintett az olvas\u00f3ra, az al\u00e1\u00edr\u00e1ssal: \u201eNeki is hossz\u00fa haja volt\u201d. Pr\u00f3b\u00e1ltunk volna mi l\u00e1zadozni akkor!<br \/>\nNem tudhatom, merre tart, mi lesz a v\u00e9gkifejlete a mostani, novemberi di\u00e1kmegmozdul\u00e1soknak. Ahogy David Hume \u00edrja A polg\u00e1ri szabads\u00e1gr\u00f3l c\u00edm\u0171 essz\u00e9j\u00e9ben: \u201eNem tudjuk pontosan, hogy az emberi term\u00e9szet mire k\u00e9pes ak\u00e1r az er\u00e9ny, ak\u00e1r a b\u0171n ter\u00e9n; s azt sem, hogy a m\u0171velts\u00e9g, a szok\u00e1sok vagy az \u00e9rzelmek forradalmi v\u00e1ltoz\u00e1saib\u00f3l k\u00f6vetkez\u0151en mit v\u00e1rhatunk az emberi nemt\u0151l\u201d. <strong>(1998. november 19. \/ A H\u00e9t)<\/strong><\/p>\n<p><em>Forr\u00e1s: Bukaresti \u00e9let, k\u00e9pek. Scripta Kiad\u00f3, 2001<\/em><\/p>\n<p>Az eddigi fejezetek:&nbsp;<\/p>\n<p><strong><a href=\"https:\/\/ujkafe.website\/?p=58407\">Fekete bet\u0171kkel<\/a>&nbsp;\/&nbsp;<\/strong><strong><a href=\"https:\/\/ujkafe.website\/?p=58441\">A Parlamentben \u2013 K\u00f6nyvkaland<\/a>&nbsp;\/&nbsp;<\/strong><strong><a href=\"https:\/\/ujkafe.website\/?p=58474\">Jav\u00edtj\u00e1k az utc\u00e1t<\/a>&nbsp;\/&nbsp;<\/strong><a href=\"https:\/\/ujkafe.website\/?p=58523\"><strong>Divatbemutat\u00f3<\/strong><\/a><\/p>\n<p><strong><a href=\"https:\/\/ujkafe.website\/?p=58552\">A kutya v\u00f6r\u00f6s<\/a>&nbsp;\/&nbsp;<\/strong><strong><a href=\"https:\/\/ujkafe.website\/?p=58613\">H\u00fasz \u00e9ve m\u00e1r<\/a>&nbsp;\/&nbsp;<\/strong><strong><a href=\"https:\/\/ujkafe.website\/?p=58642\">&nbsp;K\u00f3rh\u00e1zi k\u00e9peslapok<\/a>&nbsp;\/ <a href=\"https:\/\/ujkafe.website\/?p=58692\">Tal\u00e1lkoztam Dumnyez\u00f3val<\/a> \/<\/strong><\/p>\n<p><strong><a href=\"https:\/\/ujkafe.website\/?p=58727\">Kis \u00e9ji zene<\/a> \/ <a href=\"https:\/\/ujkafe.website\/?p=58761\">A k\u00f6nyvv\u00e1s\u00e1ron<\/a>&nbsp;\/ <a href=\"https:\/\/ujkafe.website\/?p=58792\">L\u00e1gytoj\u00e1s, elk\u00e9sett l\u00e1tom\u00e1s<\/a> \/ <a href=\"https:\/\/ujkafe.website\/?p=58815\">Culianu a f\u0151v\u00e1rosban <\/a>\/&nbsp;<\/strong><\/p>\n<p><a href=\"https:\/\/ujkafe.website\/?p=58836\"><strong>Clinton<\/strong><\/a> \/&nbsp;<a href=\"https:\/\/ujkafe.website\/?p=58865\"><strong>Budaresti ecset sajt\u00f3lib\u00e1val<\/strong><\/a> \/ <a href=\"https:\/\/ujkafe.website\/?p=58886\"><strong>Koldus \u00e9s kir\u00e1lyfi<\/strong><\/a> \/ <a href=\"https:\/\/ujkafe.website\/?p=58922\"><strong>El\u00f6ssze<\/strong><\/a> \/ <a href=\"https:\/\/ujkafe.website\/?p=58952\"><strong>Baleset<\/strong><\/a> \/&nbsp;<\/p>\n<p><a href=\"https:\/\/ujkafe.website\/?p=58979\"><strong>F\u0151v\u00e1rosis\u00e1gom<\/strong><\/a> \/<strong><a href=\"https:\/\/ujkafe.website\/?p=59018\">&nbsp;H\u00e1rom szekus, k\u00e9t szekus, egy szekus, haj<\/a><\/strong>! \/ <a href=\"https:\/\/ujkafe.website\/?p=59052\"><strong>Szagl\u00f3 m\u0171vek<\/strong><\/a> \/<\/p>\n<p><strong><a href=\"https:\/\/ujkafe.website\/?p=59091\">Az \u00e1llom\u00e1si taxi paradoxona<\/a> \/<a href=\"https:\/\/ujkafe.website\/?p=59114\"> Fr\u00f6ccs<\/a> \/&nbsp;<a href=\"https:\/\/ujkafe.website\/?p=59138\">Doppelg\u00e4nger<\/a> \/&nbsp;<a href=\"https:\/\/ujkafe.website\/?p=59232\">A n\u0151 sz\u00edv\u00e9t ki ismeri?<\/a> \/<\/strong><\/p>\n<p><a href=\"https:\/\/ujkafe.website\/?p=59272\"><strong>T\u00e9v\u00e9vita<\/strong><\/a> \/ <a href=\"https:\/\/ujkafe.website\/?p=59332\"><strong>Voltam a boltban<\/strong><\/a> \/ <strong><a href=\"https:\/\/ujkafe.website\/?p=59359\">A b\u0151g\u00e9s zavara<\/a>&nbsp;\/ <a href=\"https:\/\/ujkafe.website\/?p=59387\">Baleset-hal\u00e1lok <\/a>\/ <a href=\"https:\/\/ujkafe.website\/?p=59420\">K\u00e9pek a m\u00faltb\u00f3l<\/a> \/<\/strong><\/p>\n<p><a href=\"https:\/\/ujkafe.website\/?p=59456\"><strong>Kaland beg\u00f3ni\u00e1val<\/strong><\/a> \/ <a href=\"https:\/\/ujkafe.website\/?p=59512\"><strong>Mez\u00edtl\u00e1b a h\u00f3ban<\/strong> <\/a>\/ <a href=\"https:\/\/ujkafe.website\/?p=59563\"><strong>L\u00e9t\u00e9rtelmi \u0171r<\/strong><\/a> \/ <a href=\"https:\/\/ujkafe.website\/?p=59603\"><strong>\u00dajabb k\u00f3rh\u00e1zi k\u00e9peslapok<\/strong><\/a> \/&nbsp;<\/p>\n<p><a href=\"https:\/\/ujkafe.website\/?p=59675\"><strong>A hatodik (k\u00f6nyvv\u00e1s\u00e1ri felv\u00e9telek)<\/strong><\/a> \/ <a href=\"https:\/\/ujkafe.website\/?p=59729\"><strong>Korany\u00e1r<\/strong><\/a> \/<a href=\"https:\/\/ujkafe.website\/?p=59808\"><strong> Abszurdoid<\/strong> <\/a>\/<a href=\"https:\/\/ujkafe.website\/?p=59862\"><strong> Fesztiv\u00e1l<\/strong><\/a> \/&nbsp;<\/p>\n<p><a href=\"https:\/\/ujkafe.website\/?p=59895\"><strong>Kudelka j\u00f3 \u00fasz\u00f3?<\/strong><\/a> \/ <a href=\"https:\/\/ujkafe.website\/?p=59925\"><b><u>Hibaigaz\u00edt\u00e1s<\/u><\/b><strong>&nbsp;\u2013 casus belli<\/strong><\/a> \/ <a href=\"https:\/\/ujkafe.website\/?p=60036\"><strong>Pesszimista kom\u00e9dia<\/strong><\/a> \/&nbsp;<\/p>\n<p><a href=\"https:\/\/ujkafe.website\/?p=60106\"><strong>K\u00fcl\u00fcgy \u00e9s Alap\u00edtv\u00e1ny<\/strong> <\/a>\/ <a href=\"https:\/\/ujkafe.website\/?p=60169\"><strong>Korm\u00e1ny\u00e9p\u00fclet&nbsp;<\/strong><b>k\u00eds\u00e9rtet\u00f3r\u00e1n<\/b><\/a>&nbsp;\/&nbsp;<\/p>\n","protected":false},"excerpt":{"rendered":"<p>Nosztalgi\u00e1val gondolok az Egyetem t\u00e9rre. 1990 kora nyar\u00e1n: az volt a Forradalom. \u00c9n ugyanis azoknak az \u00e1ll\u00e1spontj\u00e1t osztom, akik szerint \u201989 december\u00e9ben a n\u00e9pharag forradalomk\u00e9nt t\u00f6rt ki, de a volt kommunista m\u00e1sodik vonal elorozta, megakad\u00e1lyozta kiteljesed\u00e9s\u00e9t (bele\u00e9rtve, hogy \u201ekisebb\u201d v\u00e9ront\u00e1s \u00e1r\u00e1n elej\u00e9t vett\u00e9k a j\u00f3val nagyobb v\u00e9ront\u00e1snak, esetleg a polg\u00e1rh\u00e1bor\u00fanak). Az eszmev\u00e1lt\u00f3 megmozdul\u00e1s az Egyetem [&hellip;]<\/p>\n","protected":false},"author":3,"featured_media":0,"comment_status":"open","ping_status":"open","sticky":false,"template":"","format":"standard","meta":{"_monsterinsights_skip_tracking":false,"_monsterinsights_sitenote_active":false,"_monsterinsights_sitenote_note":"","_monsterinsights_sitenote_category":0,"ngg_post_thumbnail":0,"footnotes":""},"categories":[120],"tags":[],"class_list":["post-60218","post","type-post","status-publish","format-standard","hentry","category-essze"],"_links":{"self":[{"href":"https:\/\/ujkafe.website\/index.php?rest_route=\/wp\/v2\/posts\/60218","targetHints":{"allow":["GET"]}}],"collection":[{"href":"https:\/\/ujkafe.website\/index.php?rest_route=\/wp\/v2\/posts"}],"about":[{"href":"https:\/\/ujkafe.website\/index.php?rest_route=\/wp\/v2\/types\/post"}],"author":[{"embeddable":true,"href":"https:\/\/ujkafe.website\/index.php?rest_route=\/wp\/v2\/users\/3"}],"replies":[{"embeddable":true,"href":"https:\/\/ujkafe.website\/index.php?rest_route=%2Fwp%2Fv2%2Fcomments&post=60218"}],"version-history":[{"count":0,"href":"https:\/\/ujkafe.website\/index.php?rest_route=\/wp\/v2\/posts\/60218\/revisions"}],"wp:attachment":[{"href":"https:\/\/ujkafe.website\/index.php?rest_route=%2Fwp%2Fv2%2Fmedia&parent=60218"}],"wp:term":[{"taxonomy":"category","embeddable":true,"href":"https:\/\/ujkafe.website\/index.php?rest_route=%2Fwp%2Fv2%2Fcategories&post=60218"},{"taxonomy":"post_tag","embeddable":true,"href":"https:\/\/ujkafe.website\/index.php?rest_route=%2Fwp%2Fv2%2Ftags&post=60218"}],"curies":[{"name":"wp","href":"https:\/\/api.w.org\/{rel}","templated":true}]}}