
{"id":60247,"date":"2017-03-21T06:33:08","date_gmt":"2017-03-21T06:33:08","guid":{"rendered":"https:\/\/ujkafe.website\/?p=60247"},"modified":"2017-03-21T06:33:08","modified_gmt":"2017-03-21T06:33:08","slug":"agoston-hugo-ars-boemica","status":"publish","type":"post","link":"https:\/\/ujkafe.website\/?p=60247","title":{"rendered":"\u00c1goston Hug\u00f3: Ars boemica?"},"content":{"rendered":"<p>H\u00e1t mi? Mi nem tiltakozunk? (K\u00e9retik \u00e9szrevenni a fels\u00e9gt\u00f6bbest!) Nek\u00fcnk nincsenek panaszaink? Felh\u00e1borod\u00e1saink? Sir\u00e1maink? K\u00fcl\u00f6nbej\u00e1rat\u00fa protestsongjainkat mikor\/nem fogjuk elzengeni? Nek\u00fcnk nem f\u00e1j az \u00e9g\u0151 \u00e9let? Sosem veszik el nek\u00fcnk a melegvizet? Nem k\u00f6ltenek bele telefonsz\u00e1ml\u00e1inkba? Mi nem vacogunk a csillagok\/a takar\u00f3nk alatt? Nincsenek reg\u00e9nybe ill\u0151 kalandjaink, kisreg\u00e9nybe keserveink, szonettbe szerelmeink, szenved\u00e9lyeink \u00e9s szenved\u00e9seink, epigramm\u00e1ba gondolataink, haikuba rezzen\u00e9seink?<!--more--><br \/>\nK\u00f6nny\u0171 olyan v\u00e1rosban \u00e9lni, amelyet az ember nem szeret. Azt hiszem, \u00e9rtik, amit mondani akarok: nincs felel\u0151ss\u00e9ge. Nem az eny\u00e9m, nem az \u00e9n dolgom, nem \u00e9rdekel, vihetik. M\u00e1sfel\u0151l frusztr\u00e1l\u00f3 is a felel\u0151ss\u00e9g-n\u00e9lk\u00fclis\u00e9g, az oda-nem-tartoz\u00e1s \u00e9rz\u00e9se torz\u00edtja az ingereket, a l\u00e1t\u00e1sm\u00f3dot. K\u00fcl\u00f6n\u00f6sen rossz ez az \u00e9rz\u00e9s, ha az ember valamikor szerette, tisztelte ezt a v\u00e1rost. Mert megnyerte a felszarvazottak rezign\u00e1lt b\u00f6lcsess\u00e9g\u00e9t, \u00e1m elvesz\u00edtette az \u00f6nfeledt \u00e1tad\u00e1s k\u00e9pess\u00e9g\u00e9t. Tudjuk mi, persze, a torz l\u00e1t\u00e1sm\u00f3d el\u0151nyeit; manaps\u00e1g csak az az \u00e9leth\u0171, ami &#8211; m\u0171v\u00e9szien vagy durv\u00e1n, szublim\u00e1ltan vagy visszautas\u00edt\u00f3an &#8211; el van torz\u00edtva.<\/p>\n<p>\u00c9leth\u0171, h\u0171 \u00e9let. Boldog \u00e9let. Azt mondja Szent \u00c1goston A boldog \u00e9letr\u0151l \u00e9s a szabad akaratr\u00f3l \u00e9rtekezve: \u201eMinden l\u00e9ny, amely tud kev\u00e9sb\u00e9 j\u00f3 is lenni, j\u00f3; \u00e9s minden l\u00e9ny rosszabb\u00e1 v\u00e1lik, ha megrontj\u00e1k. Mert vagy nem \u00e1rt neki a megront\u00e1s, \u00e9s akkor nem v\u00e1lik megrontott\u00e1; vagy ha megrontott\u00e1k, akkor a megront\u00e1s \u00e1rt neki, s ha \u00e1rt, akkor valamit elvett a j\u00f3s\u00e1g\u00e1b\u00f3l, \u00e9s kev\u00e9sb\u00e9 j\u00f3v\u00e1 tette. De ha teljesen megrabolja minden j\u00f3t\u00f3l, akkor az, ami megmaradt benne, m\u00e1r nem ronthat\u00f3 meg\u2026\u201d \u00c9s j\u00f6jj\u00f6n v\u00e9g\u00fcl, de els\u0151sorban kedvenc gondolkod\u00f3nk, a vil\u00e1gos \u00e9sz \u00e9s a bele\u00e9rz\u00e9kenys\u00e9g minden korokon \u00e1t legnagyobb mestereinek egyike, Marcus Aurelius: \u201eM\u00f3dodban \u00e1ll, hogy egyes dolgokr\u00f3l egy\u00e1ltal\u00e1n ne alkoss \u00edt\u00e9letet, \u00e9s \u00edgy lelked nyugalm\u00e1t meg\u0151rizheted\u201d.<br \/>\nM\u00e9g ha nem t\u00e9vesztj\u00fck is \u00f6ssze a zs\u00f6manfisizmussal, ez lenne a lelkinyugalom titka? Amit &#8211; kis j\u00f3t\u00e9kony cs\u00fasztat\u00e1ssal &#8211; napjainkban a boh\u00e9ms\u00e1g jelent? Legy\u00fcnk boh\u00e9mek: m\u00e9lab\u00fasan ked\u00e9lyesek \u00e9s \u00f6nzetlen\u00fcl k\u00f6nnyelm\u0171ek? Csak semmi gr\u00e1vs\u00e1g? Sz\u00f3rakozottan meg\u00e9rt\u0151ek \u00e9s boldogan vesz\u00edteni tud\u00f3k? Panaszainkat, a ki nem mondottakat majd \u00fagyis meghallgatja a mennyei s\u00f3hivatal?<br \/>\n\u0150rizz\u00fck-e meg lelk\u00fcnk nyugalm\u00e1t, vagy pedig bonyol\u00f3djunk bele az igazs\u00e1g keres\u00e9s\u00e9nek, hirdet\u00e9s\u00e9nek \u00e9s \u00e9rv\u00e9nyre juttat\u00e1s\u00e1nak em\u00e9szt\u0151 r\u00e9sz\u00ad v\u00e9telt k\u00edv\u00e1n\u00f3 bonyolult m\u0171velet\u00e9be? Ez itt a k\u00e9rd\u00e9s.<br \/>\nAz esetlegess\u00e9g egyik divatos filoz\u00f3fusa, a liberalizmus kort\u00e1rs apos\u00ad tola, Richard Rorty mondja: \u201eEllen kell \u00e1llnunk a k\u00eds\u00e9rt\u00e9snek, hogy keress\u00fck a menek\u00fcl\u00e9st az id\u0151b\u0151l \u00e9s a v\u00e9letlenekb\u0151l&#8221;. Meg kell tanulnunk egy\u00fctt \u00e9lni a bizonytalans\u00e1ggal. A bizonytalans\u00e1gt\u00f3l val\u00f3 f\u00e9lelem az emberekben azt a rem\u00e9nyt \u00fcltette el, hogy van v\u00e9gs\u0151 igazs\u00e1g. Nos, nincs. Richard Rorty alapt\u00e9tele: \u201eAz Igazs\u00e1got mint a gondolkod\u00e1s \u00e9s a t\u00e1rsadalmi halad\u00e1s c\u00e9lj\u00e1t a Szabads\u00e1ggal kell helyettes\u00edten\u00fcnk\u201d. Az igazs\u00e1got sokkal ink\u00e1bb \u201ecsin\u00e1lni&#8221; lehet, mint megtal\u00e1lni &#8211; el kell fogadnunk, hogy az igazs\u00e1g \u201enincs adva ott kint\u201d, \u00e9s \u201eahol nincsenek mondatok, ott nincs igazs\u00e1g\u201d. A magunk igazs\u00e1g\u00e1t teh\u00e1t nek\u00fcnk magunknak kell megteremten\u00fcnk &#8211; s ez csak a nyelv r\u00e9v\u00e9n siker\u00fclhet: az\u00e1ltal, hogy sz\u00fcntelen\u00fcl \u00faj narrat\u00edv\u00e1kat, gondolatmeneteket, sz\u00f3t\u00e1rakat dolgozunk ki. Persze, nagy k\u00e9rd\u00e9s &#8211; veti fel Rorty nyom\u00e1n Hankiss Elem\u00e9r -, hogy az \u00faj eszmeh\u00e1l\u00f3k, a nyelv \u00e9s a nyelvi j\u00e1t\u00e9kok k\u00e9pesek lesznek-e helyettes\u00edteni azt a m\u00edtoszt, erk\u00f6lcsi rendszert \u00e9s egyetemes racionalit\u00e1st, amellyel az ember hagyom\u00e1nyosan k\u00f6r\u00fclvette mag\u00e1t, hogy v\u00e9dekezz\u00e9k a vil\u00e1g okozta szorong\u00e1ssal \u00e9s f\u00e9lelemmel szemben. Ezeket &#8211; valljuk lelkesen Rortyval &#8211; az \u00f6nir\u00f3nia \u00e9s a sztoikus magatart\u00e1s p\u00f3tolhatja. Figyelemmel \u00e9s der\u0171vel kell szeml\u00e9ln\u00fcnk helyzet\u00fcnket a vil\u00e1gban. Az egyetlen biztos pont pedig a bizonytalans\u00e1gok univerzum\u00e1ban: a szolidarit\u00e1s a szenved\u0151 emberrel. <strong>(1998. november 19. \/ A H\u00e9t)<\/strong><\/p>\n<p><em>Forr\u00e1s: Bukaresti \u00e9let, k\u00e9pek. Scripta Kiad\u00f3, 2001<\/em><\/p>\n<p>Az eddigi fejezetek:&nbsp;<\/p>\n<p><strong><a href=\"https:\/\/ujkafe.website\/?p=58407\">Fekete bet\u0171kkel<\/a>&nbsp;\/&nbsp;<\/strong><strong><a href=\"https:\/\/ujkafe.website\/?p=58441\">A Parlamentben \u2013 K\u00f6nyvkaland<\/a>&nbsp;\/&nbsp;<\/strong><strong><a href=\"https:\/\/ujkafe.website\/?p=58474\">Jav\u00edtj\u00e1k az utc\u00e1t<\/a>&nbsp;\/&nbsp;<\/strong><a href=\"https:\/\/ujkafe.website\/?p=58523\"><strong>Divatbemutat\u00f3<\/strong><\/a><\/p>\n<p><strong><a href=\"https:\/\/ujkafe.website\/?p=58552\">A kutya v\u00f6r\u00f6s<\/a>&nbsp;\/&nbsp;<\/strong><strong><a href=\"https:\/\/ujkafe.website\/?p=58613\">H\u00fasz \u00e9ve m\u00e1r<\/a>&nbsp;\/&nbsp;<\/strong><strong><a href=\"https:\/\/ujkafe.website\/?p=58642\">&nbsp;K\u00f3rh\u00e1zi k\u00e9peslapok<\/a>&nbsp;\/ <a href=\"https:\/\/ujkafe.website\/?p=58692\">Tal\u00e1lkoztam Dumnyez\u00f3val<\/a> \/<\/strong><\/p>\n<p><strong><a href=\"https:\/\/ujkafe.website\/?p=58727\">Kis \u00e9ji zene<\/a> \/ <a href=\"https:\/\/ujkafe.website\/?p=58761\">A k\u00f6nyvv\u00e1s\u00e1ron<\/a>&nbsp;\/ <a href=\"https:\/\/ujkafe.website\/?p=58792\">L\u00e1gytoj\u00e1s, elk\u00e9sett l\u00e1tom\u00e1s<\/a> \/ <a href=\"https:\/\/ujkafe.website\/?p=58815\">Culianu a f\u0151v\u00e1rosban <\/a>\/&nbsp;<\/strong><\/p>\n<p><a href=\"https:\/\/ujkafe.website\/?p=58836\"><strong>Clinton<\/strong><\/a> \/&nbsp;<a href=\"https:\/\/ujkafe.website\/?p=58865\"><strong>Budaresti ecset sajt\u00f3lib\u00e1val<\/strong><\/a> \/ <a href=\"https:\/\/ujkafe.website\/?p=58886\"><strong>Koldus \u00e9s kir\u00e1lyfi<\/strong><\/a> \/ <a href=\"https:\/\/ujkafe.website\/?p=58922\"><strong>El\u00f6ssze<\/strong><\/a> \/ <a href=\"https:\/\/ujkafe.website\/?p=58952\"><strong>Baleset<\/strong><\/a> \/&nbsp;<\/p>\n<p><a href=\"https:\/\/ujkafe.website\/?p=58979\"><strong>F\u0151v\u00e1rosis\u00e1gom<\/strong><\/a> \/<strong><a href=\"https:\/\/ujkafe.website\/?p=59018\">&nbsp;H\u00e1rom szekus, k\u00e9t szekus, egy szekus, haj<\/a><\/strong>! \/ <a href=\"https:\/\/ujkafe.website\/?p=59052\"><strong>Szagl\u00f3 m\u0171vek<\/strong><\/a> \/<\/p>\n<p><strong><a href=\"https:\/\/ujkafe.website\/?p=59091\">Az \u00e1llom\u00e1si taxi paradoxona<\/a> \/<a href=\"https:\/\/ujkafe.website\/?p=59114\"> Fr\u00f6ccs<\/a> \/&nbsp;<a href=\"https:\/\/ujkafe.website\/?p=59138\">Doppelg\u00e4nger<\/a> \/&nbsp;<a href=\"https:\/\/ujkafe.website\/?p=59232\">A n\u0151 sz\u00edv\u00e9t ki ismeri?<\/a> \/<\/strong><\/p>\n<p><a href=\"https:\/\/ujkafe.website\/?p=59272\"><strong>T\u00e9v\u00e9vita<\/strong><\/a> \/ <a href=\"https:\/\/ujkafe.website\/?p=59332\"><strong>Voltam a boltban<\/strong><\/a> \/ <strong><a href=\"https:\/\/ujkafe.website\/?p=59359\">A b\u0151g\u00e9s zavara<\/a>&nbsp;\/ <a href=\"https:\/\/ujkafe.website\/?p=59387\">Baleset-hal\u00e1lok <\/a>\/ <a href=\"https:\/\/ujkafe.website\/?p=59420\">K\u00e9pek a m\u00faltb\u00f3l<\/a> \/<\/strong><\/p>\n<p><a href=\"https:\/\/ujkafe.website\/?p=59456\"><strong>Kaland beg\u00f3ni\u00e1val<\/strong><\/a> \/ <a href=\"https:\/\/ujkafe.website\/?p=59512\"><strong>Mez\u00edtl\u00e1b a h\u00f3ban<\/strong> <\/a>\/ <a href=\"https:\/\/ujkafe.website\/?p=59563\"><strong>L\u00e9t\u00e9rtelmi \u0171r<\/strong><\/a> \/ <a href=\"https:\/\/ujkafe.website\/?p=59603\"><strong>\u00dajabb k\u00f3rh\u00e1zi k\u00e9peslapok<\/strong><\/a> \/&nbsp;<\/p>\n<p><a href=\"https:\/\/ujkafe.website\/?p=59675\"><strong>A hatodik (k\u00f6nyvv\u00e1s\u00e1ri felv\u00e9telek)<\/strong><\/a> \/ <a href=\"https:\/\/ujkafe.website\/?p=59729\"><strong>Korany\u00e1r<\/strong><\/a> \/<a href=\"https:\/\/ujkafe.website\/?p=59808\"><strong> Abszurdoid<\/strong> <\/a>\/<a href=\"https:\/\/ujkafe.website\/?p=59862\"><strong> Fesztiv\u00e1l<\/strong><\/a> \/&nbsp;<\/p>\n<p><a href=\"https:\/\/ujkafe.website\/?p=59895\"><strong>Kudelka j\u00f3 \u00fasz\u00f3?<\/strong><\/a> \/ <a href=\"https:\/\/ujkafe.website\/?p=59925\"><b><u>Hibaigaz\u00edt\u00e1s<\/u><\/b><strong>&nbsp;\u2013 casus belli<\/strong><\/a> \/ <a href=\"https:\/\/ujkafe.website\/?p=60036\"><strong>Pesszimista kom\u00e9dia<\/strong><\/a> \/&nbsp;<\/p>\n<p><a href=\"https:\/\/ujkafe.website\/?p=60106\"><strong>K\u00fcl\u00fcgy \u00e9s Alap\u00edtv\u00e1ny<\/strong> <\/a>\/ <a href=\"https:\/\/ujkafe.website\/?p=60169\"><strong>Korm\u00e1ny\u00e9p\u00fclet&nbsp;<\/strong><b>k\u00eds\u00e9rtet\u00f3r\u00e1n<\/b><\/a>&nbsp;\/ <a href=\"https:\/\/ujkafe.website\/?p=60218\"><strong>Egyetemist\u00e1k<\/strong><\/a> \/&nbsp;<\/p>\n","protected":false},"excerpt":{"rendered":"<p>H\u00e1t mi? Mi nem tiltakozunk? (K\u00e9retik \u00e9szrevenni a fels\u00e9gt\u00f6bbest!) Nek\u00fcnk nincsenek panaszaink? Felh\u00e1borod\u00e1saink? Sir\u00e1maink? K\u00fcl\u00f6nbej\u00e1rat\u00fa protestsongjainkat mikor\/nem fogjuk elzengeni? Nek\u00fcnk nem f\u00e1j az \u00e9g\u0151 \u00e9let? Sosem veszik el nek\u00fcnk a melegvizet? Nem k\u00f6ltenek bele telefonsz\u00e1ml\u00e1inkba? Mi nem vacogunk a csillagok\/a takar\u00f3nk alatt? Nincsenek reg\u00e9nybe ill\u0151 kalandjaink, kisreg\u00e9nybe keserveink, szonettbe szerelmeink, szenved\u00e9lyeink \u00e9s szenved\u00e9seink, epigramm\u00e1ba gondolataink, [&hellip;]<\/p>\n","protected":false},"author":3,"featured_media":0,"comment_status":"open","ping_status":"open","sticky":false,"template":"","format":"standard","meta":{"_monsterinsights_skip_tracking":false,"_monsterinsights_sitenote_active":false,"_monsterinsights_sitenote_note":"","_monsterinsights_sitenote_category":0,"ngg_post_thumbnail":0,"footnotes":""},"categories":[120],"tags":[],"class_list":["post-60247","post","type-post","status-publish","format-standard","hentry","category-essze"],"_links":{"self":[{"href":"https:\/\/ujkafe.website\/index.php?rest_route=\/wp\/v2\/posts\/60247","targetHints":{"allow":["GET"]}}],"collection":[{"href":"https:\/\/ujkafe.website\/index.php?rest_route=\/wp\/v2\/posts"}],"about":[{"href":"https:\/\/ujkafe.website\/index.php?rest_route=\/wp\/v2\/types\/post"}],"author":[{"embeddable":true,"href":"https:\/\/ujkafe.website\/index.php?rest_route=\/wp\/v2\/users\/3"}],"replies":[{"embeddable":true,"href":"https:\/\/ujkafe.website\/index.php?rest_route=%2Fwp%2Fv2%2Fcomments&post=60247"}],"version-history":[{"count":0,"href":"https:\/\/ujkafe.website\/index.php?rest_route=\/wp\/v2\/posts\/60247\/revisions"}],"wp:attachment":[{"href":"https:\/\/ujkafe.website\/index.php?rest_route=%2Fwp%2Fv2%2Fmedia&parent=60247"}],"wp:term":[{"taxonomy":"category","embeddable":true,"href":"https:\/\/ujkafe.website\/index.php?rest_route=%2Fwp%2Fv2%2Fcategories&post=60247"},{"taxonomy":"post_tag","embeddable":true,"href":"https:\/\/ujkafe.website\/index.php?rest_route=%2Fwp%2Fv2%2Ftags&post=60247"}],"curies":[{"name":"wp","href":"https:\/\/api.w.org\/{rel}","templated":true}]}}