
{"id":61977,"date":"2017-05-12T05:31:06","date_gmt":"2017-05-12T05:31:06","guid":{"rendered":"https:\/\/ujkafe.website\/?p=61977"},"modified":"2017-05-12T05:37:53","modified_gmt":"2017-05-12T05:37:53","slug":"szaz-ev-nagy-haboru-morvay-zoltan","status":"publish","type":"post","link":"https:\/\/ujkafe.website\/?p=61977","title":{"rendered":"Sz\u00e1z \u00e9v &#8211; nagy h\u00e1bor\u00fa: Morvay Zolt\u00e1n"},"content":{"rendered":"<h2><strong>Pap\u00edr-vil\u00e1g<\/strong><\/h2>\n<p><em>(A h\u00e1bor\u00fa v\u00e9ge fel\u00e9 m\u00e1r minden pap\u00edrb\u00f3l volt: a ruha, a cip\u0151talp, a p\u00e9nz, az inggall\u00e9r, a sp\u00e1rga \u00e9s a diplomat\u00e1k fej\u00e9ben az agyvel\u0151 is &#8211; Ez k\u00fcl\u00f6nben a h\u00e1bor\u00fa elej\u00e9n is abb\u00f3l volt. &#8211; E feledhetetlen b\u00e1jos korr\u00f3l sz\u00f3l az al\u00e1bbi b\u00e1jos dal).<\/em><\/p>\n<p>Pap\u00edrb\u00f3l van a kab\u00e1tom<br \/>\nS nagyon csinos, amint l\u00e1tom.<br \/>\nPap\u00edr a cip\u0151mnek talpa,<br \/>\nAz\u00e9rt vagyok olyan nyalka.<!--more--><br \/>\nEz k\u00e9rem eddig \u00edgy j\u00f3l van.<br \/>\nA kr\u00e1gl\u00edm is pap\u00edrb\u00f3l van.<br \/>\nPap\u00edr a k\u00e9zel\u0151m n\u00e9kem,<br \/>\nPap\u00edr a zsebkend\u0151m k\u00e9rem,<br \/>\nPap\u00edr-sapka a kalapom<br \/>\nAz\u00e9rt szeret a galambom.<br \/>\nA trafikban mikor lehet<br \/>\nPap\u00edrdobozokat veszek,<br \/>\nA dobozban cig\u00e1r\u00f3 van,<br \/>\nA cig\u00e1r\u00f3 pap\u00edrb\u00f3l van.<br \/>\nEz \u00edgy teh\u00e1t rendben lenne,<br \/>\nDe a doh\u00e1ny \u2013 pap\u00edr benne&#8230;<br \/>\nEhhez papir szipk\u00e1t veszek<br \/>\nS nagyon el\u0151kel\u0151 leszek.<br \/>\n\u00c9s mivel lak\u00e1som nincsen<br \/>\n\u2013 (Nem kaphatv\u00e1n semmi kincsen)<br \/>\nA keblem nagyon fell\u00e1zadt<br \/>\nS csin\u00e1ltam egy \u2013 pap\u00edrh\u00e1zat.<br \/>\n\u00c9s most k\u00e9rem ottan lakom.<br \/>\nDe mivel az \u00fcveg dr\u00e1ga:<br \/>\nPap\u00edrb\u00f3l van az ablakom.<br \/>\nE sz\u00e9p pap\u00edrablakokb\u00f3l<br \/>\nN\u00e9zem a gonosz vil\u00e1got<br \/>\n\u00c9s az ablakokba ny\u00edl\u00f3<br \/>\nSok pomp\u00e1s pap\u00edrv\u00edr\u00e1got.<br \/>\nE gy\u00f6ny\u00f6r\u0171 pap\u00edrlakban<br \/>\nEg\u00e9sz k\u00e9nyelmes az \u00e9let,<br \/>\nNapr\u00f3l-napra, h\u00e9tr\u0151l-h\u00e9tre<br \/>\nPapirgalusk\u00e1val \u00e9lek&#8230;<br \/>\nCsak az b\u00e1nt, hogy m\u00e1r \u00f6regszem<br \/>\nS m\u00e1r nem szeretnek a l\u00e1nyok,<br \/>\nMert elfogytak a zsebemb\u0151l<br \/>\nAzok a pap\u00edrra nyomott<br \/>\nOsztr\u00e1k-magyar utalv\u00e1nyok!<br \/>\n\u00c9pp az\u00e9rt, ha ezut\u00e1n is<br \/>\nMindennek csak n\u0151 az \u00e1ra,<br \/>\nFelakasztom magam k\u00e9rem<br \/>\nEgy vastag papirsp\u00e1rg\u00e1ra!<\/p>\n<p><em>1918<\/em><\/p>\n<p><strong>Forr\u00e1s: Morvay Zolt\u00e1n: Dar\u00e1zs-z\u00fcmm\u00f6g\u00e9s. R\u00e9mesen r\u00edmes el\u00e9g i-\u00e1k. Kiadja R\u00e9v\u00e9sz B\u00e9la k\u00f6nyvkeresked\u00e9se. Marosv\u00e1s\u00e1rhely, 1935.<\/strong><\/p>\n<p><em>A szerz\u0151 (1875-1945) debreceni sz\u00fclet\u00e9s\u0171 nyomd\u00e1sz\u00edr\u00f3, aki 1897-ben egy seg\u00e9dt\u00e1rs\u00e1val gyalogosan bej\u00e1rta Eur\u00f3p\u00e1t, majd a huszadik sz\u00e1zad t\u00edzes \u00e9veiben Marosv\u00e1s\u00e1rhelyen telepedik meg, ott lesz \u00fajs\u00e1g\u00edr\u00f3, szerkeszt\u0151 \u00e9s lapkiad\u00f3. Nev\u00e9hez f\u0171z\u0151dik az Erd\u00e9lyi K\u00f6nyvbar\u00e1tok T\u00e1rsas\u00e1ga kiad\u00f3i v\u00e1llalat megalap\u00edt\u00e1sa. A Ma c\u00edmen napilapot alap\u00edtott (1925-33). T\u00f6bb reg\u00e9nye, pr\u00f3zak\u00f6tete jelent meg. Kupl\u00e9st\u00edlusban sz\u00fcletett vid\u00e1m, szatirikus versei 60. sz\u00fclet\u00e9snapj\u00e1ra jelentek meg k\u00f6tetben.<\/em><\/p>\n","protected":false},"excerpt":{"rendered":"<p>Pap\u00edr-vil\u00e1g (A h\u00e1bor\u00fa v\u00e9ge fel\u00e9 m\u00e1r minden pap\u00edrb\u00f3l volt: a ruha, a cip\u0151talp, a p\u00e9nz, az inggall\u00e9r, a sp\u00e1rga \u00e9s a diplomat\u00e1k fej\u00e9ben az agyvel\u0151 is &#8211; Ez k\u00fcl\u00f6nben a h\u00e1bor\u00fa elej\u00e9n is abb\u00f3l volt. &#8211; E feledhetetlen b\u00e1jos korr\u00f3l sz\u00f3l az al\u00e1bbi b\u00e1jos dal). Pap\u00edrb\u00f3l van a kab\u00e1tom S nagyon csinos, amint l\u00e1tom. Pap\u00edr [&hellip;]<\/p>\n","protected":false},"author":3,"featured_media":0,"comment_status":"open","ping_status":"open","sticky":false,"template":"","format":"standard","meta":{"_monsterinsights_skip_tracking":false,"_monsterinsights_sitenote_active":false,"_monsterinsights_sitenote_note":"","_monsterinsights_sitenote_category":0,"ngg_post_thumbnail":0,"footnotes":""},"categories":[137,4],"tags":[],"class_list":["post-61977","post","type-post","status-publish","format-standard","hentry","category-szaz-ev-nagy-haboru","category-vers"],"_links":{"self":[{"href":"https:\/\/ujkafe.website\/index.php?rest_route=\/wp\/v2\/posts\/61977","targetHints":{"allow":["GET"]}}],"collection":[{"href":"https:\/\/ujkafe.website\/index.php?rest_route=\/wp\/v2\/posts"}],"about":[{"href":"https:\/\/ujkafe.website\/index.php?rest_route=\/wp\/v2\/types\/post"}],"author":[{"embeddable":true,"href":"https:\/\/ujkafe.website\/index.php?rest_route=\/wp\/v2\/users\/3"}],"replies":[{"embeddable":true,"href":"https:\/\/ujkafe.website\/index.php?rest_route=%2Fwp%2Fv2%2Fcomments&post=61977"}],"version-history":[{"count":0,"href":"https:\/\/ujkafe.website\/index.php?rest_route=\/wp\/v2\/posts\/61977\/revisions"}],"wp:attachment":[{"href":"https:\/\/ujkafe.website\/index.php?rest_route=%2Fwp%2Fv2%2Fmedia&parent=61977"}],"wp:term":[{"taxonomy":"category","embeddable":true,"href":"https:\/\/ujkafe.website\/index.php?rest_route=%2Fwp%2Fv2%2Fcategories&post=61977"},{"taxonomy":"post_tag","embeddable":true,"href":"https:\/\/ujkafe.website\/index.php?rest_route=%2Fwp%2Fv2%2Ftags&post=61977"}],"curies":[{"name":"wp","href":"https:\/\/api.w.org\/{rel}","templated":true}]}}