
{"id":6299,"date":"2010-11-30T14:37:52","date_gmt":"2010-11-30T14:37:52","guid":{"rendered":"https:\/\/ujkafe.website\/?p=6299"},"modified":"2010-11-30T14:37:52","modified_gmt":"2010-11-30T14:37:52","slug":"dancs-artur-alkony-a-vilag-tetejen","status":"publish","type":"post","link":"https:\/\/ujkafe.website\/?p=6299","title":{"rendered":"Dancs Artur: Alkony a vil\u00e1g tetej\u00e9n"},"content":{"rendered":"<p><a href=\"https:\/\/ujkafe.website\/wp-content\/uploads\/2010\/11\/alkony.jpg\"><img loading=\"lazy\" decoding=\"async\" class=\"alignnone size-full wp-image-6300\" title=\"alkony\" src=\"https:\/\/ujkafe.website\/wp-content\/uploads\/2010\/11\/alkony.jpg\" alt=\"\" width=\"633\" height=\"475\" srcset=\"https:\/\/ujkafe.website\/wp-content\/uploads\/2010\/11\/alkony.jpg 904w, https:\/\/ujkafe.website\/wp-content\/uploads\/2010\/11\/alkony-300x225.jpg 300w\" sizes=\"auto, (max-width: 633px) 100vw, 633px\" \/><\/a><\/p>\n<p>Pontosan tizenk\u00e9t \u00e9vi ismerets\u00e9g\u00fcnk sem t\u00f6lt\u00f6tt el rend\u00edthetetlen \u00f6nbizalommal, de legal\u00e1bbis elegend\u0151vel ahhoz, hogy b\u00e1rmelyik New York-i magaslatra felkaptassak. A World Trade Centert \u00fagy rombolt\u00e1k le, hogy sohasem jutottam a tetej\u00e9re &#8211; \u0151szint\u00e9n nem is v\u00e1gytam, s csak a sorban\u00e1ll\u00e1sig jutottam el, \u00e9s v\u00e9g\u00fcl megfutamodtam. <!--more-->Az Empire State Building-be bej\u00e1rtam, amikor a TAROM ottans\u00e1g sz\u00e9kelt sok \u00e9vvel ezel\u0151tt, de sohasem \u00e9reztem visszafoghatatlan v\u00e1gyat  arra, hogy a liftben a 105. emelet gombj\u00e1t nyomjam meg. Most azonban nem volt vissza\u00fat, mert j\u00f3any\u00e1mnak meg\u00edg\u00e9rtem a r\u00e1tekint\u00e9st New Yorkra. \u00c9s hi\u00e1ba pr\u00f3b\u00e1ltam ellens\u00falyozni New York-b\u00f3l val\u00f3 ki- s berep\u00fcl\u00e9sekkel, anyu kitartott eredeti (elhamarkodott) \u00edg\u00e9retem mellett, hogy menj\u00fcnk fel a Rockefeller tetej\u00e9re. \u00c9s k\u00fcl\u00f6nben is, hogy lehets\u00e9ges, hogy rep\u00fcl\u0151ben nem f\u00e9lek, csak egyeb\u00fctt nem b\u00edrok megbirk\u00f3zni a betegesen elhatalmasodott t\u00e9riszonyommal? &#8230; Sosem tudtam ezt megv\u00e1laszolni. Ma sem. S ment\u00fcnk fel a soktucat emeleten kereszt\u00fcl az expresszlifttel s p\u00e1r jap\u00e1n, brit, francia \u00e9s kanadai t\u00farist\u00e1val, \u00e9n meg egykedv\u0171en hallgattam az idegenvezet\u0151 szellemesked\u00e9seit, hogy aki hamarabb le szeretne majd j\u00f6nni, k\u00e9szs\u00e9gesen rendelkez\u00e9s\u00e9re bocs\u00e1tanak ingyenes ejt\u0151erny\u0151ket&#8230;<br \/>\nSumma summarum, nem mondom, hogy p\u00e1nikmentes volt az est\u00e9m odafenn a tet\u0151n, a Top of the Rock-on, azt viszont igen, hogy meg\u00e9rte a l\u00e1tv\u00e1ny a kis sz\u00edvdobog\u00e1st.<br \/>\nMa csak egy pillanatot mutatok meg a sokb\u00f3l. K\u00f6zvetlen\u00fcl napnyugta ut\u00e1nit. A k\u00e9pen az Empire State Building, s a Hudson \u00e1ltal hat\u00e1rolt manhattani West Side, s a t\u00e1volban, az \u00f6b\u00f6lben a Szabads\u00e1g-szobor.<\/p>\n<p>A k\u00e9p c\u00edme pedig legyen: Alkony a vil\u00e1g tetej\u00e9n<br \/>\nHelysz\u00edn: Rockefeller Center<br \/>\nId\u0151pont: 2010 november 29.<\/p>\n","protected":false},"excerpt":{"rendered":"<p>Pontosan tizenk\u00e9t \u00e9vi ismerets\u00e9g\u00fcnk sem t\u00f6lt\u00f6tt el rend\u00edthetetlen \u00f6nbizalommal, de legal\u00e1bbis elegend\u0151vel ahhoz, hogy b\u00e1rmelyik New York-i magaslatra felkaptassak. A World Trade Centert \u00fagy rombolt\u00e1k le, hogy sohasem jutottam a tetej\u00e9re &#8211; \u0151szint\u00e9n nem is v\u00e1gytam, s csak a sorban\u00e1ll\u00e1sig jutottam el, \u00e9s v\u00e9g\u00fcl megfutamodtam.<\/p>\n","protected":false},"author":3,"featured_media":0,"comment_status":"open","ping_status":"open","sticky":false,"template":"","format":"standard","meta":{"_monsterinsights_skip_tracking":false,"_monsterinsights_sitenote_active":false,"_monsterinsights_sitenote_note":"","_monsterinsights_sitenote_category":0,"ngg_post_thumbnail":0,"footnotes":""},"categories":[5,10],"tags":[],"class_list":["post-6299","post","type-post","status-publish","format-standard","hentry","category-foto","category-kalandozok"],"_links":{"self":[{"href":"https:\/\/ujkafe.website\/index.php?rest_route=\/wp\/v2\/posts\/6299","targetHints":{"allow":["GET"]}}],"collection":[{"href":"https:\/\/ujkafe.website\/index.php?rest_route=\/wp\/v2\/posts"}],"about":[{"href":"https:\/\/ujkafe.website\/index.php?rest_route=\/wp\/v2\/types\/post"}],"author":[{"embeddable":true,"href":"https:\/\/ujkafe.website\/index.php?rest_route=\/wp\/v2\/users\/3"}],"replies":[{"embeddable":true,"href":"https:\/\/ujkafe.website\/index.php?rest_route=%2Fwp%2Fv2%2Fcomments&post=6299"}],"version-history":[{"count":0,"href":"https:\/\/ujkafe.website\/index.php?rest_route=\/wp\/v2\/posts\/6299\/revisions"}],"wp:attachment":[{"href":"https:\/\/ujkafe.website\/index.php?rest_route=%2Fwp%2Fv2%2Fmedia&parent=6299"}],"wp:term":[{"taxonomy":"category","embeddable":true,"href":"https:\/\/ujkafe.website\/index.php?rest_route=%2Fwp%2Fv2%2Fcategories&post=6299"},{"taxonomy":"post_tag","embeddable":true,"href":"https:\/\/ujkafe.website\/index.php?rest_route=%2Fwp%2Fv2%2Ftags&post=6299"}],"curies":[{"name":"wp","href":"https:\/\/api.w.org\/{rel}","templated":true}]}}