
{"id":69804,"date":"2017-12-26T02:57:43","date_gmt":"2017-12-26T02:57:43","guid":{"rendered":"https:\/\/ujkafe.website\/?p=69804"},"modified":"2017-12-26T09:17:56","modified_gmt":"2017-12-26T09:17:56","slug":"garaboncias-wandering-magicians-nekem-hianyzik","status":"publish","type":"post","link":"https:\/\/ujkafe.website\/?p=69804","title":{"rendered":"Garabonci\u00e1s \u2013 Wandering Magicians: Nekem hi\u00e1nyzik"},"content":{"rendered":"<!--[if lt IE 9]><script>document.createElement('audio');<\/script><![endif]-->\n<audio class=\"wp-audio-shortcode\" id=\"audio-69804-1\" preload=\"none\" style=\"width: 100%;\" controls=\"controls\"><source type=\"audio\/mpeg\" src=\"https:\/\/ujkafe.website\/wp-content\/uploads\/2017\/12\/Nekem-hianyzik-44kHz128kbps.mp3?_=1\" \/><a href=\"https:\/\/ujkafe.website\/wp-content\/uploads\/2017\/12\/Nekem-hianyzik-44kHz128kbps.mp3\">https:\/\/ujkafe.website\/wp-content\/uploads\/2017\/12\/Nekem-hianyzik-44kHz128kbps.mp3<\/a><\/audio>\n<p>Zene: Csutak Istv\u00e1n, sz\u00f6veg: Kinde Annam\u00e1ria. El\u0151adj\u00e1k:&nbsp;Ioni Renata, Bod\u00f3 Istv\u00e1n, Csutak Istv\u00e1n, Sz\u00e9kely Csaba<\/p>\n<p><a href=\"https:\/\/ujkafe.website\/wp-content\/uploads\/2017\/12\/GWM-banner-Color-Magyaradas-kicsi-1.jpg\"><img loading=\"lazy\" decoding=\"async\" class=\"alignnone wp-image-69830\" src=\"https:\/\/ujkafe.website\/wp-content\/uploads\/2017\/12\/GWM-banner-Color-Magyaradas-kicsi-1.jpg\" alt=\"\" width=\"276\" height=\"183\" srcset=\"https:\/\/ujkafe.website\/wp-content\/uploads\/2017\/12\/GWM-banner-Color-Magyaradas-kicsi-1.jpg 494w, https:\/\/ujkafe.website\/wp-content\/uploads\/2017\/12\/GWM-banner-Color-Magyaradas-kicsi-1-300x199.jpg 300w\" sizes=\"auto, (max-width: 276px) 100vw, 276px\" \/><\/a><\/p>\n<hr>\n<h2><strong>Kinde Annam\u00e1ria: Nekem hi\u00e1nyzik n\u00e9ha az \u00fat<\/strong><\/h2>\n<p style=\"padding-left: 60px;\"><em>Elekes Csaba \u00e9s R\u00e1duly B\u00e9la eml\u00e9k\u00e9re*<\/em><\/p>\n<p>Nekem hi\u00e1nyzik n\u00e9ha az \u00fat,<br \/>\nsz\u00fcrke szalagja, mely futva fut.<br \/>\nAz \u00fatr\u00f3l hi\u00e1nyzom n\u00e9ha \u00e9n,<br \/>\nh\u00edv\u00e1s\u00e1t hozza a sz\u00e9l fel\u00e9m.<br \/>\nh\u00edv\u00e1s\u00e1t hozza a sz\u00e9l fel\u00e9m.<!--more--><\/p>\n<p>Nekem hi\u00e1nyzik n\u00e9ha a f\u00e9ny,<br \/>\nmikor felh\u0151k \u00fasznak fel\u00e9m.<br \/>\nA f\u00e9nyb\u0151l hi\u00e1nyzom n\u00e9ha \u00e9n,<br \/>\nmikor az \u00e1rny\u00e9k t\u00fal kem\u00e9ny.<br \/>\nn\u00e9ha felh\u0151k \u00fasznak fel\u00e9m \u00e9s<br \/>\naz \u00e1rny\u00e9k t\u00fal kem\u00e9ny,<br \/>\noh, az \u00e1rny\u00e9k t\u00fal kem\u00e9ny.<\/p>\n<p>Nekem hi\u00e1nyzik n\u00e9ha a dal,<br \/>\nmikor sz\u00edvem \u00e9nekelni akar.<br \/>\nA dalb\u00f3l hi\u00e1nyzom n\u00e9ha \u00e9n,<br \/>\n\u00cdgy van. Minek is sz\u00e9p\u00edtgetn\u00e9m?<br \/>\n\u00cdgy van.<br \/>\nOh, Igen. \u00cdgy van.<br \/>\n\u00cdgy van. Minek is sz\u00e9p\u00edtgetn\u00e9m?<\/p>\n<p><em><strong>*Elekes Csaba \u00e9s R\u00e1duly B\u00e9la &#8211; Vir\u00e1nyi Attil\u00e1val egy\u00fctt &#8211; a legend\u00e1s nagyv\u00e1radi Metropol Group&nbsp; 1986-ban, illetve 1994-ben elhunyt tagjai voltak. A banda 1972-ben H\u00e1rom fi\u00fa c. dal\u00e1val megnyerte a sz\u00e9kelyudvarhelyi Siculus-fesztiv\u00e1l nagyd\u00edj\u00e1t.<\/strong><\/em><\/p>\n<p><iframe loading=\"lazy\" title=\"Metropol Group H\u00e1rom fi\u00fa\" width=\"500\" height=\"375\" src=\"https:\/\/www.youtube.com\/embed\/_SVCaK0Jvs8?feature=oembed\" frameborder=\"0\" allow=\"accelerometer; autoplay; clipboard-write; encrypted-media; gyroscope; picture-in-picture; web-share\" referrerpolicy=\"strict-origin-when-cross-origin\" allowfullscreen><\/iframe><\/p>\n<p><em><strong>Metropol Group: H\u00e1rom fi\u00fa<\/strong><\/em><\/p>\n","protected":false},"excerpt":{"rendered":"<p>Zene: Csutak Istv\u00e1n, sz\u00f6veg: Kinde Annam\u00e1ria. El\u0151adj\u00e1k:&nbsp;Ioni Renata, Bod\u00f3 Istv\u00e1n, Csutak Istv\u00e1n, Sz\u00e9kely Csaba Kinde Annam\u00e1ria: Nekem hi\u00e1nyzik n\u00e9ha az \u00fat Elekes Csaba \u00e9s R\u00e1duly B\u00e9la eml\u00e9k\u00e9re* Nekem hi\u00e1nyzik n\u00e9ha az \u00fat, sz\u00fcrke szalagja, mely futva fut. Az \u00fatr\u00f3l hi\u00e1nyzom n\u00e9ha \u00e9n, h\u00edv\u00e1s\u00e1t hozza a sz\u00e9l fel\u00e9m. h\u00edv\u00e1s\u00e1t hozza a sz\u00e9l fel\u00e9m.<\/p>\n","protected":false},"author":3,"featured_media":0,"comment_status":"open","ping_status":"open","sticky":false,"template":"","format":"standard","meta":{"_monsterinsights_skip_tracking":false,"_monsterinsights_sitenote_active":false,"_monsterinsights_sitenote_note":"","_monsterinsights_sitenote_category":0,"ngg_post_thumbnail":0,"footnotes":""},"categories":[28,4],"tags":[],"class_list":["post-69804","post","type-post","status-publish","format-standard","hentry","category-dal","category-vers"],"_links":{"self":[{"href":"https:\/\/ujkafe.website\/index.php?rest_route=\/wp\/v2\/posts\/69804","targetHints":{"allow":["GET"]}}],"collection":[{"href":"https:\/\/ujkafe.website\/index.php?rest_route=\/wp\/v2\/posts"}],"about":[{"href":"https:\/\/ujkafe.website\/index.php?rest_route=\/wp\/v2\/types\/post"}],"author":[{"embeddable":true,"href":"https:\/\/ujkafe.website\/index.php?rest_route=\/wp\/v2\/users\/3"}],"replies":[{"embeddable":true,"href":"https:\/\/ujkafe.website\/index.php?rest_route=%2Fwp%2Fv2%2Fcomments&post=69804"}],"version-history":[{"count":0,"href":"https:\/\/ujkafe.website\/index.php?rest_route=\/wp\/v2\/posts\/69804\/revisions"}],"wp:attachment":[{"href":"https:\/\/ujkafe.website\/index.php?rest_route=%2Fwp%2Fv2%2Fmedia&parent=69804"}],"wp:term":[{"taxonomy":"category","embeddable":true,"href":"https:\/\/ujkafe.website\/index.php?rest_route=%2Fwp%2Fv2%2Fcategories&post=69804"},{"taxonomy":"post_tag","embeddable":true,"href":"https:\/\/ujkafe.website\/index.php?rest_route=%2Fwp%2Fv2%2Ftags&post=69804"}],"curies":[{"name":"wp","href":"https:\/\/api.w.org\/{rel}","templated":true}]}}