
{"id":70806,"date":"2018-01-23T03:01:07","date_gmt":"2018-01-23T03:01:07","guid":{"rendered":"https:\/\/ujkafe.website\/?p=70806"},"modified":"2018-01-23T06:02:01","modified_gmt":"2018-01-23T06:02:01","slug":"elo-irok-tarsasaga-az-orkeny-szinhaz-uj-sorozata","status":"publish","type":"post","link":"https:\/\/ujkafe.website\/?p=70806","title":{"rendered":"\u00c9l\u0151 \u00edr\u00f3k t\u00e1rsas\u00e1ga \u2013 az \u00d6rk\u00e9ny Sz\u00ednh\u00e1z \u00faj sorozata"},"content":{"rendered":"<p>Az elm\u00falt h\u00e9ten M\u00e1csai P\u00e1l, az \u00d6rk\u00e9ny Sz\u00edmh\u00e1z igazgat\u00f3ja bejelentette, hogy a tavalyi \u00c9l\u0151 k\u00f6lt\u0151k t\u00e1rsas\u00e1g\u00e1hoz hasonl\u00f3an, az id\u00e9n&nbsp; magyar pr\u00f3za\u00edr\u00f3kat k\u00e9rtek fel, \u00edrjanak a sz\u00ednh\u00e1z el\u0151ad\u00f3i sz\u00e1m\u00e1ra egyperceseket, amiket a sz\u00edn\u00e9szek az idei Magyar Kult\u00fara Napj\u00e1t\u00f3l kezdve el\u0151adnak a k\u00f6z\u00f6ss\u00e9gi m\u00e9di\u00e1ban. Az el\u0151adott sz\u00f6vegeket a youtube alapj\u00e1n osztjuk meg olvas\u00f3inkkal.<!--more--><\/p>\n<h2><strong>\u00c9l\u0151 \u00edr\u00f3k t\u00e1rsas\u00e1ga: Z\u00e1vada P\u00e1l &#8211; Polg\u00e1r Csaba<\/strong><\/h2>\n<p><iframe loading=\"lazy\" title=\"\u00c9l\u0151 \u00edr\u00f3k t\u00e1rsas\u00e1ga: Z\u00e1vada P\u00e1l - Polg\u00e1r Csaba\" width=\"500\" height=\"281\" src=\"https:\/\/www.youtube.com\/embed\/ZasLgfrO1UQ?feature=oembed\" frameborder=\"0\" allow=\"accelerometer; autoplay; clipboard-write; encrypted-media; gyroscope; picture-in-picture; web-share\" referrerpolicy=\"strict-origin-when-cross-origin\" allowfullscreen><\/iframe><\/p>\n<p>&nbsp;<\/p>\n","protected":false},"excerpt":{"rendered":"<p>Az elm\u00falt h\u00e9ten M\u00e1csai P\u00e1l, az \u00d6rk\u00e9ny Sz\u00edmh\u00e1z igazgat\u00f3ja bejelentette, hogy a tavalyi \u00c9l\u0151 k\u00f6lt\u0151k t\u00e1rsas\u00e1g\u00e1hoz hasonl\u00f3an, az id\u00e9n&nbsp; magyar pr\u00f3za\u00edr\u00f3kat k\u00e9rtek fel, \u00edrjanak a sz\u00ednh\u00e1z el\u0151ad\u00f3i sz\u00e1m\u00e1ra egyperceseket, amiket a sz\u00edn\u00e9szek az idei Magyar Kult\u00fara Napj\u00e1t\u00f3l kezdve el\u0151adnak a k\u00f6z\u00f6ss\u00e9gi m\u00e9di\u00e1ban. Az el\u0151adott sz\u00f6vegeket a youtube alapj\u00e1n osztjuk meg olvas\u00f3inkkal.<\/p>\n","protected":false},"author":3,"featured_media":0,"comment_status":"open","ping_status":"open","sticky":false,"template":"","format":"standard","meta":{"_monsterinsights_skip_tracking":false,"_monsterinsights_sitenote_active":false,"_monsterinsights_sitenote_note":"","_monsterinsights_sitenote_category":0,"ngg_post_thumbnail":0,"footnotes":""},"categories":[136,23],"tags":[],"class_list":["post-70806","post","type-post","status-publish","format-standard","hentry","category-hangoskonyv","category-rovidproza"],"_links":{"self":[{"href":"https:\/\/ujkafe.website\/index.php?rest_route=\/wp\/v2\/posts\/70806","targetHints":{"allow":["GET"]}}],"collection":[{"href":"https:\/\/ujkafe.website\/index.php?rest_route=\/wp\/v2\/posts"}],"about":[{"href":"https:\/\/ujkafe.website\/index.php?rest_route=\/wp\/v2\/types\/post"}],"author":[{"embeddable":true,"href":"https:\/\/ujkafe.website\/index.php?rest_route=\/wp\/v2\/users\/3"}],"replies":[{"embeddable":true,"href":"https:\/\/ujkafe.website\/index.php?rest_route=%2Fwp%2Fv2%2Fcomments&post=70806"}],"version-history":[{"count":0,"href":"https:\/\/ujkafe.website\/index.php?rest_route=\/wp\/v2\/posts\/70806\/revisions"}],"wp:attachment":[{"href":"https:\/\/ujkafe.website\/index.php?rest_route=%2Fwp%2Fv2%2Fmedia&parent=70806"}],"wp:term":[{"taxonomy":"category","embeddable":true,"href":"https:\/\/ujkafe.website\/index.php?rest_route=%2Fwp%2Fv2%2Fcategories&post=70806"},{"taxonomy":"post_tag","embeddable":true,"href":"https:\/\/ujkafe.website\/index.php?rest_route=%2Fwp%2Fv2%2Ftags&post=70806"}],"curies":[{"name":"wp","href":"https:\/\/api.w.org\/{rel}","templated":true}]}}