
{"id":77011,"date":"2018-08-11T02:59:19","date_gmt":"2018-08-11T02:59:19","guid":{"rendered":"https:\/\/ujkafe.website\/?p=77011"},"modified":"2018-08-11T03:52:10","modified_gmt":"2018-08-11T03:52:10","slug":"faludy-gyorgy-es-az-esoerdo-11","status":"publish","type":"post","link":"https:\/\/ujkafe.website\/?p=77011","title":{"rendered":"Faludy Gy\u00f6rgy \u00e9s az es\u0151erd\u0151 (11)"},"content":{"rendered":"<h2><strong>1987. j\u00fanius 6. (II)<\/strong><\/h2>\n<p>Nem \u00e9n vagyok az egyetlen, aki m\u00e9g ismerte a r\u00e9gi amerik\u00e1sok vil\u00e1g\u00e1t, de Zilahy Lajos hal\u00e1la \u00f3ta alighanem az egyetlen, aki \u00edrni tud r\u00f3luk. 1941 szeptember\u00e9t\u0151l 1946 m\u00e1rcius\u00e1ig laktam, ha nem voltam m\u00e1sutt a hadsereggel, New Yorkban, akkoriban 100.000 magyarj\u00e1val a m\u00e1sodik magyar v\u00e1rosban. Id\u0151sebb bar\u00e1taimmal, F\u00e9nyessel, J\u00e1szival, V\u00e1mb\u00e9ryvel megj\u00e1rtam az \u00c1llamok nagyobb magyar telep\u00fcl\u00e9seit, el\u0151ad\u00e1st tartani, k\u00f6r\u00fcln\u00e9zni, ismerkedni. A legt\u00f6bbet az amerikai magyars\u00e1gr\u00f3l akkor tudtam meg, amikor 1942 derek\u00e1n, miel\u0151tt katonai szolg\u00e1latra beh\u00edvtak, n\u00e9h\u00e1ny h\u00f3napra Detroit d\u00e9li, magyarlakta v\u00e1rosnegyed\u00e9be, Delraybe k\u00f6lt\u00f6ztem.<!--more--><\/p>\n<p>New Yorkban nem tal\u00e1ltam meg\u00e9lhet\u00e9st, de a Detroiti Magyars\u00e1g tulajdonosa leszerz\u0151dtetett szerkeszt\u0151nek hetilapj\u00e1hoz. A leped\u0151 nagys\u00e1g\u00fa \u00fajs\u00e1got magam \u00edrtam tele; szerencs\u00e9re sok volt a f\u00e9loldalas, \u00e1llami hirdet\u00e9s, \u00e9s az 34egy\u00e9b rekl\u00e1m is. Heti 15 doll\u00e1r fizet\u00e9st kaptam, ami\u00e9rt feles\u00e9gemet nem tudtam \u00e1thozni New Yorkb\u00f3l. Magyar nyomd\u00e1szn\u00e1l laktam, kinek k\u00e9t kiad\u00f3 padl\u00e1sszob\u00e1ja volt; az egyiket \u00e9n b\u00e9reltem.<\/p>\n<p>Delrayben akkoriban mintegy 35.000 magyar lakott. T\u00f6bbnyire munk\u00e1sok Ford k\u00f6zeli, River Rouge-i gy\u00e1r\u00e1ban, de akadtak sz\u00e9p sz\u00e1mmal kiskeresked\u0151k, iparosok \u00e9s v\u00e1llalkoz\u00f3k is k\u00f6z\u00f6tt\u00fck. A kissz\u00e1m\u00fa magyar \u00e9rtelmis\u00e9g a t\u00e1voli villanegyedben lakott, de az orvosok Delrayben nyitottak rendel\u0151t. A magyar csal\u00e1dok \u00f6t szob\u00e1s h\u00e1zakban laktak: el\u0151kert, h\u00e1tul kiskert, oldalt gar\u00e1zs vagy s\u00e1tor az aut\u00f3nak; k\u00e9t nagyobb szoba \u00e9s konyha a f\u00f6ldszinten, esetenk\u00e9nt torn\u00e1c; fent h\u00e1rom h\u00e1l\u00f3- \u00e9s f\u00fcrd\u0151szoba. Ehhez foly\u00f3v\u00edz, g\u00e1z, villany, r\u00e1di\u00f3 \u00e9s k\u00f6zponti f\u0171t\u00e9s kiv\u00e9tel n\u00e9lk\u00fcl. Ismertem n\u00e9h\u00e1ny munk\u00e1st, akik vas\u00e1rnap d\u00e9lut\u00e1n csal\u00e1dostul j\u00e1rtak golfozni; m\u00e1sok h\u00e9tv\u00e9gi aut\u00f3kir\u00e1ndul\u00e1sra h\u00edvtak Saginaw Baybe vagy \u00c9szak-Michigan erdeibe. Hasonl\u00f3 anyagi k\u00f6r\u00fclm\u00e9nyekr\u0151l 1942-ben nemhogy az otthoni magyar, de az angol \u00e9s francia munk\u00e1s sem \u00e1lmodhatott.<\/p>\n<hr>\n<p>El\u0151zm\u00e9nyek:&nbsp;&nbsp;<a href=\"https:\/\/ujkafe.website\/?p=76678\"><strong>1. r\u00e9sz<\/strong><\/a>\/&nbsp;<strong><a href=\"https:\/\/ujkafe.website\/?p=76694\">2. r\u00e9sz<\/a>&nbsp;\/&nbsp;<a href=\"https:\/\/ujkafe.website\/?p=76764\">3. r\u00e9sz<\/a>&nbsp;\/<a href=\"https:\/\/ujkafe.website\/?p=76798\">&nbsp;4. r\u00e9sz<\/a>&nbsp;\/<a href=\"https:\/\/ujkafe.website\/?p=76831\">&nbsp;5. r\u00e9sz<\/a>&nbsp;\/<a href=\"https:\/\/ujkafe.website\/?p=76861\">&nbsp;6. r\u00e9sz<\/a>&nbsp;\/&nbsp;<a href=\"https:\/\/ujkafe.website\/?p=76888\">7. r\u00e9sz<\/a>&nbsp;\/<a href=\"https:\/\/ujkafe.website\/?p=76912\">&nbsp;8. r\u00e9sz<\/a>&nbsp;\/&nbsp;<a href=\"https:\/\/ujkafe.website\/?p=76939\">9. r\u00e9sz&nbsp;<\/a>\/ <a href=\"https:\/\/ujkafe.website\/?p=76968\">10. r\u00e9sz <\/a>\/&nbsp;<\/strong><\/p>\n","protected":false},"excerpt":{"rendered":"<p>1987. j\u00fanius 6. (II) Nem \u00e9n vagyok az egyetlen, aki m\u00e9g ismerte a r\u00e9gi amerik\u00e1sok vil\u00e1g\u00e1t, de Zilahy Lajos hal\u00e1la \u00f3ta alighanem az egyetlen, aki \u00edrni tud r\u00f3luk. 1941 szeptember\u00e9t\u0151l 1946 m\u00e1rcius\u00e1ig laktam, ha nem voltam m\u00e1sutt a hadsereggel, New Yorkban, akkoriban 100.000 magyarj\u00e1val a m\u00e1sodik magyar v\u00e1rosban. Id\u0151sebb bar\u00e1taimmal, F\u00e9nyessel, J\u00e1szival, V\u00e1mb\u00e9ryvel megj\u00e1rtam az [&hellip;]<\/p>\n","protected":false},"author":3,"featured_media":0,"comment_status":"open","ping_status":"open","sticky":false,"template":"","format":"standard","meta":{"_monsterinsights_skip_tracking":false,"_monsterinsights_sitenote_active":false,"_monsterinsights_sitenote_note":"","_monsterinsights_sitenote_category":0,"ngg_post_thumbnail":0,"footnotes":""},"categories":[120],"tags":[],"class_list":["post-77011","post","type-post","status-publish","format-standard","hentry","category-essze"],"_links":{"self":[{"href":"https:\/\/ujkafe.website\/index.php?rest_route=\/wp\/v2\/posts\/77011","targetHints":{"allow":["GET"]}}],"collection":[{"href":"https:\/\/ujkafe.website\/index.php?rest_route=\/wp\/v2\/posts"}],"about":[{"href":"https:\/\/ujkafe.website\/index.php?rest_route=\/wp\/v2\/types\/post"}],"author":[{"embeddable":true,"href":"https:\/\/ujkafe.website\/index.php?rest_route=\/wp\/v2\/users\/3"}],"replies":[{"embeddable":true,"href":"https:\/\/ujkafe.website\/index.php?rest_route=%2Fwp%2Fv2%2Fcomments&post=77011"}],"version-history":[{"count":0,"href":"https:\/\/ujkafe.website\/index.php?rest_route=\/wp\/v2\/posts\/77011\/revisions"}],"wp:attachment":[{"href":"https:\/\/ujkafe.website\/index.php?rest_route=%2Fwp%2Fv2%2Fmedia&parent=77011"}],"wp:term":[{"taxonomy":"category","embeddable":true,"href":"https:\/\/ujkafe.website\/index.php?rest_route=%2Fwp%2Fv2%2Fcategories&post=77011"},{"taxonomy":"post_tag","embeddable":true,"href":"https:\/\/ujkafe.website\/index.php?rest_route=%2Fwp%2Fv2%2Ftags&post=77011"}],"curies":[{"name":"wp","href":"https:\/\/api.w.org\/{rel}","templated":true}]}}