
{"id":77158,"date":"2018-08-16T02:54:54","date_gmt":"2018-08-16T02:54:54","guid":{"rendered":"https:\/\/ujkafe.website\/?p=77158"},"modified":"2018-08-15T14:52:51","modified_gmt":"2018-08-15T14:52:51","slug":"77158","status":"publish","type":"post","link":"https:\/\/ujkafe.website\/?p=77158","title":{"rendered":"Faludy Gy\u00f6rgy \u00e9s az es\u0151erd\u0151 (14)"},"content":{"rendered":"<h2><strong>1987. j\u00fanius 6. (V)<\/strong><\/h2>\n<p>Der\u00e9k emberek, nagyr\u00e9szt \u00e9rtelmis\u00e9giek, papok, lelk\u00e9szek, nem kis \u00e1ldozattal magyar iskol\u00e1kat l\u00e9tes\u00edtettek, ahol \u2013 rendszerint szombaton d\u00e9lel\u0151tt \u2013 a kisebb gyerekeket magyarra tan\u00edtott\u00e1k. Miut\u00e1n ezt nemes v\u00e1llalkoz\u00e1snak tartottam, olykor magam is r\u00e9szt vettem benne, b\u00e1r tudtam, hogy teljesen hi\u00e1baval\u00f3. Magyar-\u00edr\u00e1st, -olvas\u00e1st tanulni az angollal p\u00e1rhuzamosan rendk\u00edv\u00fcl neh\u00e9z.<!--more--> Amit legt\u00f6bbsz\u00f6r \u00e9s legfeljebb el\u00e9rtek, annyi volt, hogy a 8-12 \u00e9vesek otthon valamivel jobban besz\u00e9lt\u00e9k a magyar konyhanyelvet. \u0150k maguk, ha titkon \u00f6sszes\u00fagtam vel\u00fck, panaszkodtak. M\u00e1s gyerekeknek, az amerikaiaknak, szabad a szombatja \u00e9s a vas\u00e1rnapja. \u0150k sohasem fekhetnek az \u00e1gyban reggel t\u00edz \u00f3r\u00e1ig: szombaton magyar iskol\u00e1ba, vas\u00e1rnap templomba hurcolj\u00e1k \u0151ket a sz\u00fcl\u0151k. \u00c9s mit \u00e9rnek a magyar nyelvvel? Oszt\u00e1lyt\u00e1rsaik, bar\u00e1taik nem \u00e9rtenek magyarul. Magyarorsz\u00e1gra sohase ker\u00fclnek. \u201eAnnak lehet\u0151s\u00e9ge, hogy magyar l\u00e1nyt vesznek feles\u00e9g\u00fcl\u201d \u2013 magyar\u00e1zta S\u00e1ndor \u2013 \u201etal\u00e1n egy vagy kett\u0151 a sz\u00e1z ellen. Akkor a magyar nyelv m\u00e9g egy nemzed\u00e9kre fennmarad, de harcuk az \u0151 gyermekeikkel ugyanolyan keser\u0171 lesz, mint az a harc, amelyet itt l\u00e1tsz magad k\u00f6r\u00fcl.\u201d<\/p>\n<p>Tudtam, igaza van. Az\u00f3ta bek\u00f6vetkezett, ami elker\u00fclhetetlen volt: a bridgeporti magyar negyed nyomtalanul elt\u0171nt, m\u00e9g a magyar temet\u0151 is, \u00e9s hely\u00e9ben felh\u0151karcol\u00f3k \u00e1llnak, amerikai lakosokkal. Delrayt nem l\u00e1ttam az\u00f3ta, de ott is ugyanaz a helyzet. A k\u00f6vetkez\u0151 k\u00e9t magyar 40emigr\u00e1ci\u00f3 t\u00f6bbs\u00e9g\u00e9ben nem zsell\u00e9rekb\u0151l, hanem \u00e9rtelmis\u00e9giekb\u0151l \u00e1llt: m\u00e1sk\u00e9nt \u00e9lt, m\u00e1s probl\u00e9m\u00e1kkal k\u00fcszk\u00f6d\u00f6tt, de a j\u00f6v\u0151 \u00e9vtizedekben \u0151k is elt\u0171nnek nyomtalanul. \u00cdgy kellett lennie.<\/p>\n<p>Ha egyetemista l\u00e1nyok amerik\u00e1s nagysz\u00fcleikr\u0151l k\u00e9rdeznek, nem err\u0151l besz\u00e9lek. A mag\u00e1nyos magyarokr\u00f3l besz\u00e9lek, egy f\u00e9kez\u0151r\u0151l a Great Northernen \u00e9s egy korm\u00e1nyosr\u00f3l a Mississippin, akikkel v\u00e9letlen\u00fcl ismerkedtem meg, \u00e9s akik boldogok voltak, mert idegen \u00e9s v\u00e1ltoz\u00f3 k\u00f6rnyezetbe ker\u00fcltek, ahol a t\u00e1j sz\u00e9ps\u00e9ge foglalta le \u0151ket, mik\u00f6zben elfelejtettek magyarul. Magyar katonabajt\u00e1rsaimat h\u00edvom, \u00e9s azokat a bar\u00e1taimat \u00e9s t\u00e1rsaimat, kiknek \u00e1rny\u00e1t olyan sz\u00edvesen id\u00e9zem fel s\u00fcppedt vagy elt\u0171nt s\u00edrjaikb\u00f3l m\u00e9g egyszer: Czak\u00f3 Ambr\u00f3t, F\u00e9nyes L\u00e1szl\u00f3t, J\u00e1szi Oszk\u00e1rt, K\u00e9ri P\u00e1lt, Moholy-Nagy L\u00e1szl\u00f3t, Szil\u00e1rd Le\u00f3t, Takar\u00f3 G\u00e9z\u00e1t, V\u00e1mb\u00e9ry Rusztemet.<\/p>\n<p>&nbsp;<\/p>\n<hr>\n<p>El\u0151zm\u00e9nyek:&nbsp;&nbsp;<a href=\"https:\/\/ujkafe.website\/?p=76678\"><strong>1. r\u00e9sz<\/strong><\/a>\/&nbsp;<strong><a href=\"https:\/\/ujkafe.website\/?p=76694\">2. r\u00e9sz<\/a>&nbsp;\/&nbsp;<a href=\"https:\/\/ujkafe.website\/?p=76764\">3. r\u00e9sz<\/a>&nbsp;\/<a href=\"https:\/\/ujkafe.website\/?p=76798\">&nbsp;4. r\u00e9sz<\/a>&nbsp;\/<a href=\"https:\/\/ujkafe.website\/?p=76831\">&nbsp;5. r\u00e9sz<\/a>&nbsp;\/<a href=\"https:\/\/ujkafe.website\/?p=76861\">&nbsp;6. r\u00e9sz<\/a>&nbsp;\/&nbsp;<a href=\"https:\/\/ujkafe.website\/?p=76888\">7. r\u00e9sz<\/a>&nbsp;\/<a href=\"https:\/\/ujkafe.website\/?p=76912\">&nbsp;8. r\u00e9sz<\/a>&nbsp;\/&nbsp;<a href=\"https:\/\/ujkafe.website\/?p=76939\">9. r\u00e9sz&nbsp;<\/a>\/&nbsp;<a href=\"https:\/\/ujkafe.website\/?p=76968\">10. r\u00e9sz&nbsp;<\/a>\/&nbsp;<a href=\"https:\/\/ujkafe.website\/?p=77011\">11. r\u00e9sz<\/a>&nbsp;\/&nbsp;<a href=\"https:\/\/ujkafe.website\/?p=77041\">12. r\u00e9sz<\/a>&nbsp;\/<a href=\"https:\/\/ujkafe.website\/?p=77100\"> 13. r\u00e9sz<\/a> \/&nbsp;<\/strong><\/p>\n","protected":false},"excerpt":{"rendered":"<p>1987. j\u00fanius 6. (V) Der\u00e9k emberek, nagyr\u00e9szt \u00e9rtelmis\u00e9giek, papok, lelk\u00e9szek, nem kis \u00e1ldozattal magyar iskol\u00e1kat l\u00e9tes\u00edtettek, ahol \u2013 rendszerint szombaton d\u00e9lel\u0151tt \u2013 a kisebb gyerekeket magyarra tan\u00edtott\u00e1k. Miut\u00e1n ezt nemes v\u00e1llalkoz\u00e1snak tartottam, olykor magam is r\u00e9szt vettem benne, b\u00e1r tudtam, hogy teljesen hi\u00e1baval\u00f3. Magyar-\u00edr\u00e1st, -olvas\u00e1st tanulni az angollal p\u00e1rhuzamosan rendk\u00edv\u00fcl neh\u00e9z.<\/p>\n","protected":false},"author":3,"featured_media":0,"comment_status":"open","ping_status":"open","sticky":false,"template":"","format":"standard","meta":{"_monsterinsights_skip_tracking":false,"_monsterinsights_sitenote_active":false,"_monsterinsights_sitenote_note":"","_monsterinsights_sitenote_category":0,"ngg_post_thumbnail":0,"footnotes":""},"categories":[120],"tags":[],"class_list":["post-77158","post","type-post","status-publish","format-standard","hentry","category-essze"],"_links":{"self":[{"href":"https:\/\/ujkafe.website\/index.php?rest_route=\/wp\/v2\/posts\/77158","targetHints":{"allow":["GET"]}}],"collection":[{"href":"https:\/\/ujkafe.website\/index.php?rest_route=\/wp\/v2\/posts"}],"about":[{"href":"https:\/\/ujkafe.website\/index.php?rest_route=\/wp\/v2\/types\/post"}],"author":[{"embeddable":true,"href":"https:\/\/ujkafe.website\/index.php?rest_route=\/wp\/v2\/users\/3"}],"replies":[{"embeddable":true,"href":"https:\/\/ujkafe.website\/index.php?rest_route=%2Fwp%2Fv2%2Fcomments&post=77158"}],"version-history":[{"count":0,"href":"https:\/\/ujkafe.website\/index.php?rest_route=\/wp\/v2\/posts\/77158\/revisions"}],"wp:attachment":[{"href":"https:\/\/ujkafe.website\/index.php?rest_route=%2Fwp%2Fv2%2Fmedia&parent=77158"}],"wp:term":[{"taxonomy":"category","embeddable":true,"href":"https:\/\/ujkafe.website\/index.php?rest_route=%2Fwp%2Fv2%2Fcategories&post=77158"},{"taxonomy":"post_tag","embeddable":true,"href":"https:\/\/ujkafe.website\/index.php?rest_route=%2Fwp%2Fv2%2Ftags&post=77158"}],"curies":[{"name":"wp","href":"https:\/\/api.w.org\/{rel}","templated":true}]}}