
{"id":77240,"date":"2018-08-18T02:59:41","date_gmt":"2018-08-18T02:59:41","guid":{"rendered":"https:\/\/ujkafe.website\/?p=77240"},"modified":"2018-08-17T14:48:07","modified_gmt":"2018-08-17T14:48:07","slug":"faludy-gyorgy-es-az-esoerdo-15","status":"publish","type":"post","link":"https:\/\/ujkafe.website\/?p=77240","title":{"rendered":"Faludy Gy\u00f6rgy \u00e9s az es\u0151erd\u0151 (15)"},"content":{"rendered":"<h2><strong>1987. j\u00fanius 8.<\/strong><\/h2>\n<p>Totalit\u00e1rius rendszerek alatt nemcsak az orsz\u00e1g lakoss\u00e1ga szenved, de az orsz\u00e1g nyelve is. A n\u00e9met \u00e9s az orosz nyelv sors\u00e1r\u00f3l Hitler \u00e9s Szt\u00e1lin idej\u00e9ben \u2013 err\u0151l a t\u00e1rgyr\u00f3l alapos \u00e9s okos tanulm\u00e1nyok l\u00e1ttak napvil\u00e1got. Tudom\u00e1som szerint mindeddig nem jelent meg \u00edr\u00e1s, mely azokkal a sebekkel foglalkozik, melyeket a magyar nyelven \u00fct\u00f6tt a kommunista b\u00fcrokr\u00e1cia, a szabad kritika hi\u00e1nya, a szovjet irodalom \u00e9s \u00fajs\u00e1g\u00edr\u00e1s befoly\u00e1sa, az \u00e9let eldurvul\u00e1sa \u00e9s nyelv\u00e9szeink tehetetlens\u00e9ge meg gy\u00e1vas\u00e1ga. Rem\u00e9ny\u00e9t sem l\u00e1tom annak, hogy ilyen k\u00f6nyv a k\u00f6zelj\u00f6v\u0151ben napvil\u00e1got l\u00e1sson.<!--more--><\/p>\n<p>Nem kell azonban azt k\u00e9pzelni, hogy csak dikt\u00e1torok gyilkolj\u00e1k anyanyelv\u00fcket. A pop-kult\u00fara \u00e9s az \u0151rj\u00f6ng\u0151 iparosod\u00e1s k\u00f6vetkezm\u00e9nyek\u00e9nt, mint hallom, a jap\u00e1n h\u00e9tsz\u00e1zszavas zabinyelvv\u00e9 v\u00e1ltozott \u00e1t \u00e9s elvesztette minden finoms\u00e1g\u00e1t \u00e9s \u00e1rnyalts\u00e1g\u00e1t. K\u00f6zismert, hogy az angol nyelv internacion\u00e1lis lingua franca m\u00f3dj\u00e1n t\u00e1ntorog a vil\u00e1gban; t\u00e1ntorog ugyan, de minden m\u00e1s nyelvet letapos. Hasonl\u00f3an k\u00f6ztudom\u00e1s\u00fa a washingtoni sajt\u00f3konferenci\u00e1k zsargonja, ahol divatos ig\u00e9ket \u00e9s jelz\u0151ket ism\u00e9telnek, an\u00e9lk\u00fcl, hogy jelent\u00e9s\u00fckkel tiszt\u00e1ban voln\u00e1nak \u00e9s ahol az Egyes\u00fclt \u00c1llamok legmagasabb m\u00e9lt\u00f3s\u00e1gai t\u00f6bbes sz\u00e1m\u00fa alanyokhoz cs\u00f6k\u00f6ny\u00f6sen egyes sz\u00e1m\u00fa ig\u00e9ket ragasztanak.<\/p>\n<hr>\n<p>El\u0151zm\u00e9nyek:&nbsp;&nbsp;<a href=\"https:\/\/ujkafe.website\/?p=76678\"><strong>1. r\u00e9sz<\/strong><\/a>\/&nbsp;<strong><a href=\"https:\/\/ujkafe.website\/?p=76694\">2. r\u00e9sz<\/a>&nbsp;\/&nbsp;<a href=\"https:\/\/ujkafe.website\/?p=76764\">3. r\u00e9sz<\/a>&nbsp;\/<a href=\"https:\/\/ujkafe.website\/?p=76798\">&nbsp;4. r\u00e9sz<\/a>&nbsp;\/<a href=\"https:\/\/ujkafe.website\/?p=76831\">&nbsp;5. r\u00e9sz<\/a>&nbsp;\/<a href=\"https:\/\/ujkafe.website\/?p=76861\">&nbsp;6. r\u00e9sz<\/a>&nbsp;\/&nbsp;<a href=\"https:\/\/ujkafe.website\/?p=76888\">7. r\u00e9sz<\/a>&nbsp;\/<a href=\"https:\/\/ujkafe.website\/?p=76912\">&nbsp;8. r\u00e9sz<\/a>&nbsp;\/&nbsp;<a href=\"https:\/\/ujkafe.website\/?p=76939\">9. r\u00e9sz&nbsp;<\/a>\/&nbsp;<a href=\"https:\/\/ujkafe.website\/?p=76968\">10. r\u00e9sz&nbsp;<\/a>\/&nbsp;<a href=\"https:\/\/ujkafe.website\/?p=77011\">11. r\u00e9sz<\/a>&nbsp;\/&nbsp;<a href=\"https:\/\/ujkafe.website\/?p=77041\">12. r\u00e9sz<\/a>&nbsp;\/<a href=\"https:\/\/ujkafe.website\/?p=77100\">&nbsp;13. r\u00e9sz<\/a>&nbsp;\/ 14. r\u00e9sz \/<\/strong><\/p>\n","protected":false},"excerpt":{"rendered":"<p>1987. j\u00fanius 8. Totalit\u00e1rius rendszerek alatt nemcsak az orsz\u00e1g lakoss\u00e1ga szenved, de az orsz\u00e1g nyelve is. A n\u00e9met \u00e9s az orosz nyelv sors\u00e1r\u00f3l Hitler \u00e9s Szt\u00e1lin idej\u00e9ben \u2013 err\u0151l a t\u00e1rgyr\u00f3l alapos \u00e9s okos tanulm\u00e1nyok l\u00e1ttak napvil\u00e1got. Tudom\u00e1som szerint mindeddig nem jelent meg \u00edr\u00e1s, mely azokkal a sebekkel foglalkozik, melyeket a magyar nyelven \u00fct\u00f6tt a [&hellip;]<\/p>\n","protected":false},"author":3,"featured_media":0,"comment_status":"open","ping_status":"open","sticky":false,"template":"","format":"standard","meta":{"_monsterinsights_skip_tracking":false,"_monsterinsights_sitenote_active":false,"_monsterinsights_sitenote_note":"","_monsterinsights_sitenote_category":0,"ngg_post_thumbnail":0,"footnotes":""},"categories":[120],"tags":[],"class_list":["post-77240","post","type-post","status-publish","format-standard","hentry","category-essze"],"_links":{"self":[{"href":"https:\/\/ujkafe.website\/index.php?rest_route=\/wp\/v2\/posts\/77240","targetHints":{"allow":["GET"]}}],"collection":[{"href":"https:\/\/ujkafe.website\/index.php?rest_route=\/wp\/v2\/posts"}],"about":[{"href":"https:\/\/ujkafe.website\/index.php?rest_route=\/wp\/v2\/types\/post"}],"author":[{"embeddable":true,"href":"https:\/\/ujkafe.website\/index.php?rest_route=\/wp\/v2\/users\/3"}],"replies":[{"embeddable":true,"href":"https:\/\/ujkafe.website\/index.php?rest_route=%2Fwp%2Fv2%2Fcomments&post=77240"}],"version-history":[{"count":0,"href":"https:\/\/ujkafe.website\/index.php?rest_route=\/wp\/v2\/posts\/77240\/revisions"}],"wp:attachment":[{"href":"https:\/\/ujkafe.website\/index.php?rest_route=%2Fwp%2Fv2%2Fmedia&parent=77240"}],"wp:term":[{"taxonomy":"category","embeddable":true,"href":"https:\/\/ujkafe.website\/index.php?rest_route=%2Fwp%2Fv2%2Fcategories&post=77240"},{"taxonomy":"post_tag","embeddable":true,"href":"https:\/\/ujkafe.website\/index.php?rest_route=%2Fwp%2Fv2%2Ftags&post=77240"}],"curies":[{"name":"wp","href":"https:\/\/api.w.org\/{rel}","templated":true}]}}