
{"id":77335,"date":"2018-08-22T02:53:56","date_gmt":"2018-08-22T02:53:56","guid":{"rendered":"https:\/\/ujkafe.website\/?p=77335"},"modified":"2018-08-21T14:50:33","modified_gmt":"2018-08-21T14:50:33","slug":"faludy-gyorgy-es-az-esoerdo-17","status":"publish","type":"post","link":"https:\/\/ujkafe.website\/?p=77335","title":{"rendered":"Faludy Gy\u00f6rgy \u00e9s az es\u0151erd\u0151 (17)"},"content":{"rendered":"<h2><strong>1987. j\u00fanius 10. (II)<\/strong><\/h2>\n<p>Egyik recski rabt\u00e1rsamat, aki\u2026 orosz hadifogs\u00e1gba ker\u00fclt 1943 elej\u00e9n Voronyezs alatt, a b\u00e9kek\u00f6t\u00e9s ut\u00e1n m\u00e9g n\u00e9gy esztendeig tartott\u00e1k szovjet hadifogs\u00e1gban. Nem z\u00e1rt\u00e1k t\u00e1borba, hanem mezei munk\u00e1ra k\u00fcldt\u00e9k orosz telepesek k\u00f6z\u00e9 egy kazahszt\u00e1ni szovhozba. Valamennyien siralmas k\u00f6r\u00fclm\u00e9nyek k\u00f6zt \u00e9ltek. \u0150sszel, ha a vas\u00fati kocsi a t\u00e9li ruh\u00e1val meg\u00e9rkezett az \u00e1llom\u00e1sra, az eg\u00e9sz falut kiterelt\u00e9k a s\u00edn mell\u00e9.<!--more--> \u00d6reg \u00e9s fiatal, f\u00e9rfi, n\u0151 \u00e9s gyermek ott meztelenre vetk\u0151z\u00f6tt. A k\u00e9t katona ledobta n\u00e9kik a t\u00e9li ruh\u00e1t \u00e9s vasvill\u00e1val felrakta a ny\u00e1ri holmit. A ruha viselt volt, de tiszta; a tintaceruz\u00e1val \u00edrt \u00fczeneteket lila foltokk\u00e1 mosta a tiszt\u00edt\u00e1s. Napokig tartott a cser\u00e9lget\u00e9s, m\u00edg f\u00e9lig-meddig test\u00fckre ill\u0151 pufajk\u00e1t, als\u00f3nem\u0171t \u00e9s bakancsot szereztek. K\u00e9s\u0151 tavasszal ugyanez a m\u0171velet ism\u00e9tl\u0151d\u00f6tt a ny\u00e1ri ruh\u00e1kkal.<\/p>\n<p>\u00c9lelem vas\u00faton \u00e9rkezett: olykor h\u00f3napokig morzsolt kukoric\u00e1n, k\u00f6lesk\u00e1s\u00e1n vagy \u00e1rp\u00e1n \u00e9ltek. Krumplit termeltek, semmi m\u00e1st. Katonai fel\u00fcgyelet mellett szedt\u00e9k \u00e9s semmit meg nem tarthattak bel\u0151le. \u00dagy seg\u00edtettek magukon, hogy a burgonya egy r\u00e9sz\u00e9t a f\u00f6ldben hagyt\u00e1k. \u00c9jszaka kilop\u00f3dztak a tarl\u00f3ra \u00e9s \u00f6sszekapart\u00e1k a f\u00f6ld al\u00f3l. A falut senki el nem hagyhatta \u00e9s a vasutat nem haszn\u00e1lhatt\u00e1k, mivel nem volt \u00fatlevel\u00fck, sem szem\u00e9lyi igazolv\u00e1nyuk. Az elszenvedett sz\u00f6rny\u0171s\u00e9gek ellen\u00e9re \u2013 orvos nem volt \u2013 rabt\u00e1rsam a legnagyobb szeretettel eml\u00e9kezett meg a szovhoz-parasztok embers\u00e9g\u00e9r\u0151l, j\u00f3s\u00e1g\u00e1r\u00f3l.<\/p>\n<hr>\n<p>El\u0151zm\u00e9nyek:&nbsp;&nbsp;<a href=\"https:\/\/ujkafe.website\/?p=76678\"><strong>1. r\u00e9sz<\/strong><\/a>\/&nbsp;<strong><a href=\"https:\/\/ujkafe.website\/?p=76694\">2. r\u00e9sz<\/a>&nbsp;\/&nbsp;<a href=\"https:\/\/ujkafe.website\/?p=76764\">3. r\u00e9sz<\/a>&nbsp;\/<a href=\"https:\/\/ujkafe.website\/?p=76798\">&nbsp;4. r\u00e9sz<\/a>&nbsp;\/<a href=\"https:\/\/ujkafe.website\/?p=76831\">&nbsp;5. r\u00e9sz<\/a>&nbsp;\/<a href=\"https:\/\/ujkafe.website\/?p=76861\">&nbsp;6. r\u00e9sz<\/a>&nbsp;\/&nbsp;<a href=\"https:\/\/ujkafe.website\/?p=76888\">7. r\u00e9sz<\/a>&nbsp;\/<a href=\"https:\/\/ujkafe.website\/?p=76912\">&nbsp;8. r\u00e9sz<\/a>&nbsp;\/&nbsp;<a href=\"https:\/\/ujkafe.website\/?p=76939\">9. r\u00e9sz&nbsp;<\/a>\/&nbsp;<a href=\"https:\/\/ujkafe.website\/?p=76968\">10. r\u00e9sz&nbsp;<\/a>\/&nbsp;<a href=\"https:\/\/ujkafe.website\/?p=77011\">11. r\u00e9sz<\/a>&nbsp;\/&nbsp;<a href=\"https:\/\/ujkafe.website\/?p=77041\">12. r\u00e9sz<\/a>&nbsp;\/<a href=\"https:\/\/ujkafe.website\/?p=77100\">&nbsp;13. r\u00e9sz<\/a>&nbsp;\/&nbsp;<a href=\"https:\/\/ujkafe.website\/?p=77158\">14. r\u00e9sz<\/a>&nbsp;\/<a href=\"https:\/\/ujkafe.website\/?p=77240\">&nbsp;15. r\u00e9sz<\/a>&nbsp;\/<a href=\"https:\/\/ujkafe.website\/?p=77286\"> 16. r\u00e9sz<\/a> \/<\/strong><\/p>\n","protected":false},"excerpt":{"rendered":"<p>1987. j\u00fanius 10. (II) Egyik recski rabt\u00e1rsamat, aki\u2026 orosz hadifogs\u00e1gba ker\u00fclt 1943 elej\u00e9n Voronyezs alatt, a b\u00e9kek\u00f6t\u00e9s ut\u00e1n m\u00e9g n\u00e9gy esztendeig tartott\u00e1k szovjet hadifogs\u00e1gban. Nem z\u00e1rt\u00e1k t\u00e1borba, hanem mezei munk\u00e1ra k\u00fcldt\u00e9k orosz telepesek k\u00f6z\u00e9 egy kazahszt\u00e1ni szovhozba. Valamennyien siralmas k\u00f6r\u00fclm\u00e9nyek k\u00f6zt \u00e9ltek. \u0150sszel, ha a vas\u00fati kocsi a t\u00e9li ruh\u00e1val meg\u00e9rkezett az \u00e1llom\u00e1sra, az eg\u00e9sz [&hellip;]<\/p>\n","protected":false},"author":3,"featured_media":0,"comment_status":"open","ping_status":"open","sticky":false,"template":"","format":"standard","meta":{"_monsterinsights_skip_tracking":false,"_monsterinsights_sitenote_active":false,"_monsterinsights_sitenote_note":"","_monsterinsights_sitenote_category":0,"ngg_post_thumbnail":0,"footnotes":""},"categories":[120],"tags":[],"class_list":["post-77335","post","type-post","status-publish","format-standard","hentry","category-essze"],"_links":{"self":[{"href":"https:\/\/ujkafe.website\/index.php?rest_route=\/wp\/v2\/posts\/77335","targetHints":{"allow":["GET"]}}],"collection":[{"href":"https:\/\/ujkafe.website\/index.php?rest_route=\/wp\/v2\/posts"}],"about":[{"href":"https:\/\/ujkafe.website\/index.php?rest_route=\/wp\/v2\/types\/post"}],"author":[{"embeddable":true,"href":"https:\/\/ujkafe.website\/index.php?rest_route=\/wp\/v2\/users\/3"}],"replies":[{"embeddable":true,"href":"https:\/\/ujkafe.website\/index.php?rest_route=%2Fwp%2Fv2%2Fcomments&post=77335"}],"version-history":[{"count":0,"href":"https:\/\/ujkafe.website\/index.php?rest_route=\/wp\/v2\/posts\/77335\/revisions"}],"wp:attachment":[{"href":"https:\/\/ujkafe.website\/index.php?rest_route=%2Fwp%2Fv2%2Fmedia&parent=77335"}],"wp:term":[{"taxonomy":"category","embeddable":true,"href":"https:\/\/ujkafe.website\/index.php?rest_route=%2Fwp%2Fv2%2Fcategories&post=77335"},{"taxonomy":"post_tag","embeddable":true,"href":"https:\/\/ujkafe.website\/index.php?rest_route=%2Fwp%2Fv2%2Ftags&post=77335"}],"curies":[{"name":"wp","href":"https:\/\/api.w.org\/{rel}","templated":true}]}}