
{"id":77469,"date":"2018-08-26T02:56:06","date_gmt":"2018-08-26T02:56:06","guid":{"rendered":"https:\/\/ujkafe.website\/?p=77469"},"modified":"2018-08-25T13:40:09","modified_gmt":"2018-08-25T13:40:09","slug":"faludy-gyorgy-es-az-esoerdo-18","status":"publish","type":"post","link":"https:\/\/ujkafe.website\/?p=77469","title":{"rendered":"Faludy Gy\u00f6rgy \u00e9s az es\u0151erd\u0151 (18)"},"content":{"rendered":"<h2><strong>1987. j\u00fanius 11. (I)<\/strong><\/h2>\n<p>Roloff Beny, a f\u00e9nyk\u00e9p\u00e9sz In Italy c\u00edm\u0171 k\u00e9pesk\u00f6nyv\u00e9t lapozgatom, azt\u00e1n felid\u00e9zem els\u0151, \u00f6n\u00e1ll\u00f3 utaz\u00e1somat It\u00e1li\u00e1ban, tizennyolc esztend\u0151s koromban. (Sz\u00fcleimmel el\u0151zetesen m\u00e1r t\u00f6bbsz\u00f6r j\u00e1rtam ott, de az nem volt az igazi.) 1928-ban hat h\u00e9tig laktam Firenz\u00e9ben. A k\u00f6zben eltelt hatvan \u00e9v alatt a v\u00e1ros t\u00f6bbet v\u00e1ltozott, mint az el\u0151z\u0151 \u00f6tsz\u00e1zban. Nem az \u00e9p\u00fcleteket \u00e9rtem, melyek az 1944-es n\u00e9met rombol\u00e1st lesz\u00e1m\u00edtva hely\u00fck\u00f6n maradtak, hanem a v\u00e1ros atmoszf\u00e9r\u00e1j\u00e1t.<!--more--><\/p>\n<p>K\u00e9s\u0151 \u00e9jszaka \u00e9rkeztem, csomagomat a p\u00e1lyaudvari ruhat\u00e1rban hagytam \u00e9s szobakeres\u00e9s helyett a D\u00f3m t\u00e9rre s\u00e9t\u00e1ltam, mint ahogy tervbe vettem. Firenze t\u00e9rk\u00e9p\u00e9t otthon betanultam. Senkit\u0151l nem kellett az utat k\u00e9rdeznem; hunyt szemmel is eltal\u00e1ltam volna a Santa Maria dei Fiorihoz. Le\u00fcltem a Baptiszt\u00e9rium z\u00e1rt kapuja el\u00e9 \u00e9s a telihold f\u00e9ny\u00e9t figyeltem a katedr\u00e1lis cs\u00edkos m\u00e1rv\u00e1ny\u00e1n. K\u00e9s\u0151bb elragad\u00f3 k\u00fclsej\u0171 prostitu\u00e1lt telepedett mell\u00e9m. N\u00e9h\u00e1ny sz\u00f3t v\u00e1ltottunk, amib\u0151l azt gondolhatta: nincs p\u00e9nzem sz\u00e1ll\u00e1sra \u00e9s elsietett, hogy meleg k\u00e1v\u00e9t \u00e9s s\u00fctem\u00e9nyt hozzon. Amikor f\u00e9l\u00e9nken foglalkoz\u00e1sa ut\u00e1n k\u00e9rdeztem, elmondta: eg\u00e9sz napja szabad. Jobban \u00e9lvezi az \u00e9letet, mintha vend\u00e9gl\u0151ben szolg\u00e1lna fel vagy valamelyik nyomaszt\u00f3 irod\u00e1ban \u00fclne. Napi egy-k\u00e9t \u00f3ra elfoglalts\u00e1ggal t\u00f6bbet keres, mint a g\u00e9p\u00edr\u00f3 kisasszony vagy a felszolg\u00e1l\u00f3 le\u00e1ny. Ezt az egy-k\u00e9t \u00f3r\u00e1t, ha csak lehet, \u00fagy rendezi, hogy gy\u00f6ny\u00f6r\u0171s\u00e9ge legyen bel\u0151le. \u00c9s hogy mi a j\u00f6v\u0151? Ezt It\u00e1li\u00e1ban ezer \u00e9ve m\u00e9g senki nem k\u00e9rdezte.<\/p>\n<p>Ott \u00fcltem m\u00e9g a Baptiszt\u00e9rium kapuj\u00e1ban, amikor felvirradt. K\u00e9s\u0151bb f\u00e9rfiak \u00e9s n\u0151k v\u00e1gtak \u00e1t el\u0151ttem a t\u00e9ren: a keresked\u0151v\u00e1ros n\u00e9pe, \u00fatban \u00fczletek \u00e9s k\u00e1v\u00e9z\u00f3k fel\u00e9. Siett\u00fckben is egy-egy bar\u00e1ts\u00e1gos pillant\u00e1st vetettek fel\u00e9m. Tal\u00e1n tudt\u00e1k titkomat: hogy a fiatalember nem haszn\u00e1lja rosszul az idej\u00e9t, ha \u00e9jszaka a holdf\u00e9ny j\u00e1t\u00e9k\u00e1t n\u00e9zi a Santa Maria dei Fiori m\u00e1rv\u00e1ny\u00e1n. S\u0151t tal\u00e1n azt is megsejtett\u00e9k, hogy ezek az idegen fiatalemberek jobban tisztelik \u00e9s szeretik Firenz\u00e9t, mint \u0151k maguk. Azt\u00e1n elindultam, hogy a Piazzale Michelangel\u00f3r\u00f3l n\u00e9zzem meg a v\u00e1rost.<\/p>\n<p>K\u00e9s\u0151bbi v\u00e1ndorl\u00e1saim sor\u00e1n nemegyszer jutottam el Firenz\u00e9be, de lassank\u00e9nt sok minden megv\u00e1ltozott. Az olasz a vil\u00e1g egyik legszeretetrem\u00e9lt\u00f3bb n\u00e9pe, de a turist\u00e1k t\u00f6mege l\u00e1tt\u00e1n a mosoly lefagyott arcukr\u00f3l. Els\u0151sorban azok arc\u00e1r\u00f3l, kik \u00e9ppen ezekb\u0151l a turist\u00e1kb\u00f3l \u00e9lnek\u2026<\/p>\n<hr>\n<p>El\u0151zm\u00e9nyek:&nbsp;&nbsp;<a href=\"https:\/\/ujkafe.website\/?p=76678\"><strong>1. r\u00e9sz<\/strong><\/a>\/&nbsp;<strong><a href=\"https:\/\/ujkafe.website\/?p=76694\">2. r\u00e9sz<\/a>&nbsp;\/&nbsp;<a href=\"https:\/\/ujkafe.website\/?p=76764\">3. r\u00e9sz<\/a>&nbsp;\/<a href=\"https:\/\/ujkafe.website\/?p=76798\">&nbsp;4. r\u00e9sz<\/a>&nbsp;\/<a href=\"https:\/\/ujkafe.website\/?p=76831\">&nbsp;5. r\u00e9sz<\/a>&nbsp;\/<a href=\"https:\/\/ujkafe.website\/?p=76861\">&nbsp;6. r\u00e9sz<\/a>&nbsp;\/&nbsp;<a href=\"https:\/\/ujkafe.website\/?p=76888\">7. r\u00e9sz<\/a>&nbsp;\/<a href=\"https:\/\/ujkafe.website\/?p=76912\">&nbsp;8. r\u00e9sz<\/a>&nbsp;\/&nbsp;<a href=\"https:\/\/ujkafe.website\/?p=76939\">9. r\u00e9sz&nbsp;<\/a>\/&nbsp;<a href=\"https:\/\/ujkafe.website\/?p=76968\">10. r\u00e9sz&nbsp;<\/a>\/&nbsp;<a href=\"https:\/\/ujkafe.website\/?p=77011\">11. r\u00e9sz<\/a>&nbsp;\/&nbsp;<a href=\"https:\/\/ujkafe.website\/?p=77041\">12. r\u00e9sz<\/a>&nbsp;\/<a href=\"https:\/\/ujkafe.website\/?p=77100\">&nbsp;13. r\u00e9sz<\/a>&nbsp;\/&nbsp;<a href=\"https:\/\/ujkafe.website\/?p=77158\">14. r\u00e9sz<\/a>&nbsp;\/<a href=\"https:\/\/ujkafe.website\/?p=77240\">&nbsp;15. r\u00e9sz<\/a>&nbsp;\/<a href=\"https:\/\/ujkafe.website\/?p=77286\">&nbsp;16. r\u00e9sz<\/a>&nbsp;\/ <a href=\"https:\/\/ujkafe.website\/?p=77335\">17. r\u00e9sz <\/a>\/&nbsp;<\/strong><\/p>\n","protected":false},"excerpt":{"rendered":"<p>1987. j\u00fanius 11. (I) Roloff Beny, a f\u00e9nyk\u00e9p\u00e9sz In Italy c\u00edm\u0171 k\u00e9pesk\u00f6nyv\u00e9t lapozgatom, azt\u00e1n felid\u00e9zem els\u0151, \u00f6n\u00e1ll\u00f3 utaz\u00e1somat It\u00e1li\u00e1ban, tizennyolc esztend\u0151s koromban. (Sz\u00fcleimmel el\u0151zetesen m\u00e1r t\u00f6bbsz\u00f6r j\u00e1rtam ott, de az nem volt az igazi.) 1928-ban hat h\u00e9tig laktam Firenz\u00e9ben. A k\u00f6zben eltelt hatvan \u00e9v alatt a v\u00e1ros t\u00f6bbet v\u00e1ltozott, mint az el\u0151z\u0151 \u00f6tsz\u00e1zban. Nem az [&hellip;]<\/p>\n","protected":false},"author":3,"featured_media":0,"comment_status":"open","ping_status":"open","sticky":false,"template":"","format":"standard","meta":{"_monsterinsights_skip_tracking":false,"_monsterinsights_sitenote_active":false,"_monsterinsights_sitenote_note":"","_monsterinsights_sitenote_category":0,"ngg_post_thumbnail":0,"footnotes":""},"categories":[120],"tags":[],"class_list":["post-77469","post","type-post","status-publish","format-standard","hentry","category-essze"],"_links":{"self":[{"href":"https:\/\/ujkafe.website\/index.php?rest_route=\/wp\/v2\/posts\/77469","targetHints":{"allow":["GET"]}}],"collection":[{"href":"https:\/\/ujkafe.website\/index.php?rest_route=\/wp\/v2\/posts"}],"about":[{"href":"https:\/\/ujkafe.website\/index.php?rest_route=\/wp\/v2\/types\/post"}],"author":[{"embeddable":true,"href":"https:\/\/ujkafe.website\/index.php?rest_route=\/wp\/v2\/users\/3"}],"replies":[{"embeddable":true,"href":"https:\/\/ujkafe.website\/index.php?rest_route=%2Fwp%2Fv2%2Fcomments&post=77469"}],"version-history":[{"count":0,"href":"https:\/\/ujkafe.website\/index.php?rest_route=\/wp\/v2\/posts\/77469\/revisions"}],"wp:attachment":[{"href":"https:\/\/ujkafe.website\/index.php?rest_route=%2Fwp%2Fv2%2Fmedia&parent=77469"}],"wp:term":[{"taxonomy":"category","embeddable":true,"href":"https:\/\/ujkafe.website\/index.php?rest_route=%2Fwp%2Fv2%2Fcategories&post=77469"},{"taxonomy":"post_tag","embeddable":true,"href":"https:\/\/ujkafe.website\/index.php?rest_route=%2Fwp%2Fv2%2Ftags&post=77469"}],"curies":[{"name":"wp","href":"https:\/\/api.w.org\/{rel}","templated":true}]}}